{"id":562763,"date":"2025-11-27T17:50:14","date_gmt":"2025-11-27T17:50:14","guid":{"rendered":"https:\/\/www.europesays.com\/fr\/562763\/"},"modified":"2025-11-27T17:50:14","modified_gmt":"2025-11-27T17:50:14","slug":"nous-nacceptons-pas-que-des-enfants-dorment-dans-la-rue-des-parents-deleves-emus-interpellent-le-prefet-de-region","status":"publish","type":"post","link":"https:\/\/www.europesays.com\/fr\/562763\/","title":{"rendered":"\u00ab\u00a0Nous n&rsquo;acceptons pas que des enfants dorment dans la rue\u00a0\u00bb, des parents d&rsquo;\u00e9l\u00e8ves \u00e9mus interpellent le pr\u00e9fet de r\u00e9gion"},"content":{"rendered":"<p class=\"article__intro\">Dans le 20e arrondissement de Paris, des associations de parents d&rsquo;\u00e9l\u00e8ve se mobilisent pour trouver une solution pour 400 personnes sans logement qui ont fini par dormir sur le parvis de la mairie pendant quatre nuits. Une lettre a \u00e9t\u00e9 envoy\u00e9e au pr\u00e9fet, pour l&rsquo;instant sans r\u00e9ponse.<\/p>\n<p>\n      La Quotidienne Soci\u00e9t\u00e9\n    <\/p>\n<p>\n      De la vie quotidienne aux grands enjeux, recevez tous les jours les sujets qui font la soci\u00e9t\u00e9 locale, comme la justice, l\u2019\u00e9ducation, la sant\u00e9 et la famille.\n    <\/p>\n<p>    France T\u00e9l\u00e9visions utilise votre adresse e-mail afin de vous envoyer la newsletter \u00ab\u00a0La Quotidienne Soci\u00e9t\u00e9\u00a0\u00bb. Vous pouvez vous d\u00e9sinscrire \u00e0 tout moment via le lien en bas de cette newsletter. <a target=\"_blank\" href=\"https:\/\/www.francetelevisions.fr\/groupe\/confidentialite\/politique-de-confidentialite\/politique-de-confidentialite-de-france-televisions-6503\" rel=\"noopener\">Notre politique de confidentialit\u00e9<\/a><\/p>\n<p>Le courrier fait deux pages. Ni larmoyant, ni agressif, mais factuel. Le destinataire\u00a0? Le pr\u00e9fet d&rsquo;\u00cele-de-France, Baptiste Rolland, en poste depuis janvier dernier. Les faits\u00a0?<\/p>\n<p>L&rsquo;installation sauvage de plus de 400 mal-log\u00e9s sur le parvis de la mairie du 20\u00e8me arrondissement, place Gambetta, le 12 novembre dernier. Des familles enti\u00e8res, des femmes et surtout des enfants, parfois de petits nourrissons, aid\u00e9s par l&rsquo;association Utopia 56.<\/p>\n<p>Les signataires de cette lettre, des parents d&rsquo;\u00e9l\u00e8ves de l&rsquo;arrondissement, d\u00e9stabilis\u00e9s en voyant ces mamans \u00ab\u00a0changer les couches \u00e0 m\u00eame le trottoir\u00a0\u00bb, disent avoir \u00ab\u00a0pris conscience de la situation de ces familles\u00a0\u00bb. Ils demandent d\u00e9sormais aux pouvoirs publics de \u00ab\u00a0prendre leurs responsabilit\u00e9s\u00a0\u00bb.<\/p>\n<p>Le courrier a \u00e9t\u00e9 envoy\u00e9 le 12 novembre. Il est rest\u00e9, pour l&rsquo;instant, sans r\u00e9ponse. \u00ab\u00a0M\u00eame pas un accus\u00e9 de r\u00e9ception, rien\u00a0\u00bb d\u00e9plore Julien Pamart, copr\u00e9sident de l&rsquo;association &lsquo;le 20\u00e8me aux enfants, cosignataire avec deux autres associations. Il parle d&rsquo;une \u00ab\u00a0vraie \u00e9motion collective\u00a0\u00bb, qui aurait pouss\u00e9 \u00ab\u00a0des parents a amen\u00e9 des couches ou r\u00e9cup\u00e9rer de la nourriture dans des commerces locaux afin de les redistribuer\u00a0\u00bb.<\/p>\n<p>Les associations de parents d&rsquo;\u00e9l\u00e8ves traitent habituellement plut\u00f4t des probl\u00e8mes tels que la s\u00e9curisation d&rsquo;un passage pi\u00e9ton en face d&rsquo;une \u00e9cole ou contre les fermetures de classe. \u00ab\u00a0Il nous arrive, h\u00e9las, aussi de plus en plus souvent d&rsquo;aider \u00e0 mettre en contact avec les services sociaux des familles mises \u00e0 la rue. Mais nous n&rsquo;avons pas de position militant. Or l\u00e0, impossible de rester insensible. Moi-m\u00eame j&rsquo;ai \u00e9t\u00e9 un peu traumatis\u00e9 de voir une maman changer des couches de son b\u00e9b\u00e9 sur une b\u00e2che, dehors par 3\u00b0.\u00a0\u00bb explique le copr\u00e9sident de l&rsquo;association &lsquo;le 20\u00e8me aux enfants.<\/p>\n<p>Ce groupe h\u00e9t\u00e9roclite o\u00f9 l&rsquo;on retrouverait des personnes en attente de r\u00e9gularisation, des familles expuls\u00e9es en attente d&rsquo;un relogement ou des demandeurs d&rsquo;asile a pass\u00e9 quatre nuits sur le parvis, abrit\u00e9es sous des tentes et des couvertures de survie fournies par l&rsquo;association &lsquo;les enfants du 20e&rsquo;, la mairie \u00e9tant \u00ab\u00a0d\u00e9pass\u00e9e\u00a0\u00bb selon Julien Pamart.<\/p>\n<p>Le 16 au soir, la temp\u00e9rature ayant encore baiss\u00e9, ils ont \u00e9t\u00e9 finalement accueillis dans la salle de mariage avant d&rsquo;\u00eatre r\u00e9partis le lendemain dans trois gymnases, dans le 20e, le 18e et le 15e. Mais depuis, la situation est \u00ab\u00a0bloqu\u00e9e\u00a0\u00bb.<\/p>\n<p>\u00ab\u00a0Nous avons souhait\u00e9 m\u00e9diatiser ce courrier car bien qu&rsquo;envoy\u00e9 le 21 novembre, il n&rsquo;a suscit\u00e9 aucune r\u00e9ponse. Et ce, alors que 32 des 66 des \u00e9coles maternelles et \u00e9l\u00e9mentaires de l&rsquo;arrondissement, ainsi que 100 % des coll\u00e8ges et deux lyc\u00e9es g\u00e9n\u00e9raux l&rsquo;ont sign\u00e9 en l&rsquo;espace de deux jours, ce qui est du jamais vu\u00a0\u00bb, , explique Julien Pamart.<\/p>\n<p>Ce dernier rappelle qu&rsquo;en tant \u00ab\u00a0qu&rsquo;association de parents d&rsquo;\u00e9l\u00e8ves, nous sommes habitu\u00e9s \u00e0 envoyer des courriers \u00e0 l&rsquo;Education Nationale et ils r\u00e9pondent toujours. Mais l\u00e0, rien, alors que les institutions sont cens\u00e9es, par la loi, prot\u00e9ger les familles et les mineurs\u00a0\u00bb.<\/p>\n<p>Antoine Alibert est adjoint \u00e0 la mairie du 20e en charge de la solidarit\u00e9 et des affaires sociales, cosecr\u00e9taire d&rsquo;Europe Ecologie les Verts Paris. Pour lui, si ces gens sont rest\u00e9s aussi longtemps sur le parvis, c&rsquo;est \u00e0 cause de \u00ab\u00a0la conjonction de deux facteurs: primo, le refus de l&rsquo;Etat, dont c&rsquo;est pourtant la comp\u00e9tence, d&rsquo;avoir une politique digne de ce nom en termes d&rsquo;accueil. Secundo, la date. Officieusement, on m&rsquo;a fait comprendre lorsque j&rsquo;ai contact\u00e9 les services concern\u00e9s que r\u00e9aliser ce genre d&rsquo;occupation ne se faisait pas, je cite, la veille de la comm\u00e9moration des attentats du Bataclan\u00a0\u00bb.<\/p>\n<p>Il revendique la \u00ab\u00a0mise en place d&rsquo;une rotation mensuelle voire bimensuelle de plusieurs gymnases pour g\u00e9rer l&rsquo;urgence\u00a0\u00bb et une \u00ab\u00a0coordination tournante\u00a0\u00bb. Pr\u00e9vu \u00e0 cet effet ce mois-ci, le gymnase des Pyr\u00e9n\u00e9es a donc accueilli \u00e0 peu pr\u00e8s deux cents personnes \u00e0 partir du 17 novembre, Antoine Alibert glissant au passage avec cynisme que \u00ab\u00a0les pouvoirs publics se d\u00e9faussent de toute fa\u00e7on sur les mairies volontaristes de gauche\u00a0\u00bb.<\/p>\n<p>Selon le dernier recensement sur place, une cinquantaine de personnes manqueraient \u00e0 l&rsquo;appel au gymnase de Pyr\u00e9n\u00e9es \u00ab\u00a0soit parce qu&rsquo;ils sont partis, soit parce qu&rsquo;ils ont trouv\u00e9 une solution d&rsquo;eux-m\u00eames.\u00a0\u00bb <\/p>\n<p>L&rsquo;\u00e9lu tient \u00e0 rappeler certains chiffres. \u00ab\u00a0Un seul : 1500. C&rsquo;est le nombre de refus que doit faire le 115 par jour aux gens qui appellent pour obtenir un logement d&rsquo;urgence. C&rsquo;est \u00e9norme. Dans notre seul arrondissement, on estime \u00e0 environ 3500 sans logement. Et ce chiffre est s\u00fbrement en de\u00e7\u00e0 de la r\u00e9alit\u00e9. En six ans, nous avons r\u00e9ussi \u00e0 cr\u00e9er 1000 places d&rsquo;h\u00e9bergement d&rsquo;urgence mais on a l&rsquo;impression d&rsquo;essayer de vider un oc\u00e9an avec une cuill\u00e8re. Il faut que l&rsquo;Etat prenne enfin ses responsabilit\u00e9s\u00a0\u00bb;<\/p>\n","protected":false},"excerpt":{"rendered":"Dans le 20e arrondissement de Paris, des associations de parents d&rsquo;\u00e9l\u00e8ve se mobilisent pour trouver une solution pour&hellip;\n","protected":false},"author":2,"featured_media":562764,"comment_status":"","ping_status":"","sticky":false,"template":"","format":"standard","meta":{"footnotes":""},"categories":[1592],"tags":[1111,11,1777,674,1011,27,662,12,626,25],"class_list":{"0":"post-562763","1":"post","2":"type-post","3":"status-publish","4":"format-standard","5":"has-post-thumbnail","7":"category-ile-de-france","8":"tag-actu","9":"tag-actualites","10":"tag-eu","11":"tag-europe","12":"tag-fr","13":"tag-france","14":"tag-ile-de-france","15":"tag-news","16":"tag-paris","17":"tag-republique-francaise"},"share_on_mastodon":{"url":"https:\/\/pubeurope.com\/@fr\/115622931696380539","error":""},"_links":{"self":[{"href":"https:\/\/www.europesays.com\/fr\/wp-json\/wp\/v2\/posts\/562763","targetHints":{"allow":["GET"]}}],"collection":[{"href":"https:\/\/www.europesays.com\/fr\/wp-json\/wp\/v2\/posts"}],"about":[{"href":"https:\/\/www.europesays.com\/fr\/wp-json\/wp\/v2\/types\/post"}],"author":[{"embeddable":true,"href":"https:\/\/www.europesays.com\/fr\/wp-json\/wp\/v2\/users\/2"}],"replies":[{"embeddable":true,"href":"https:\/\/www.europesays.com\/fr\/wp-json\/wp\/v2\/comments?post=562763"}],"version-history":[{"count":0,"href":"https:\/\/www.europesays.com\/fr\/wp-json\/wp\/v2\/posts\/562763\/revisions"}],"wp:featuredmedia":[{"embeddable":true,"href":"https:\/\/www.europesays.com\/fr\/wp-json\/wp\/v2\/media\/562764"}],"wp:attachment":[{"href":"https:\/\/www.europesays.com\/fr\/wp-json\/wp\/v2\/media?parent=562763"}],"wp:term":[{"taxonomy":"category","embeddable":true,"href":"https:\/\/www.europesays.com\/fr\/wp-json\/wp\/v2\/categories?post=562763"},{"taxonomy":"post_tag","embeddable":true,"href":"https:\/\/www.europesays.com\/fr\/wp-json\/wp\/v2\/tags?post=562763"}],"curies":[{"name":"wp","href":"https:\/\/api.w.org\/{rel}","templated":true}]}}