{"id":562765,"date":"2025-11-27T17:51:13","date_gmt":"2025-11-27T17:51:13","guid":{"rendered":"https:\/\/www.europesays.com\/fr\/562765\/"},"modified":"2025-11-27T17:51:13","modified_gmt":"2025-11-27T17:51:13","slug":"info-paris-match-francois-bayrou-prepare-un-nouveau-livre","status":"publish","type":"post","link":"https:\/\/www.europesays.com\/fr\/562765\/","title":{"rendered":"INFO PARIS MATCH Fran\u00e7ois Bayrou pr\u00e9pare un nouveau livre"},"content":{"rendered":"<p class=\"mb-4 text-lg md:leading-8 break-words\">Depuis son d\u00e9part de Matignon, \u00a0<a href=\"https:\/\/www.parismatch.com\/actu\/politique\/bayrou-est-comme-jesus-il-croit-quil-va-ressusciter-256638\" rel=\"nofollow noopener\" target=\"_blank\" data-ylk=\"slk:Fran\u00e7ois Bayrou s&#039;est r\u00e9fugi\u00e9 dans un silence presque claustral;elm:context_link;itc:0;sec:content-canvas\" class=\"link \">Fran\u00e7ois Bayrou s&rsquo;est r\u00e9fugi\u00e9 dans un silence presque claustral<\/a>. Ce qui ne signifie pas pour autant qu&rsquo;il n&rsquo;a rien \u00e0 dire sur la vacuit\u00e9 du d\u00e9bat politique actuel. \u00ab Il est tr\u00e8s remont\u00e9 \u00bb, nous confie l&rsquo;un de ses proches. \u00ab Tr\u00e8s en forme \u00bb, rench\u00e9rit un autre par texto. Smiley mort de rire.<\/p>\n<p class=\"mb-4 text-lg md:leading-8 break-words\">Selon nos informations, le B\u00e9arnais pose sur le papier ses r\u00e9flexions. Un livre dont la publication est pr\u00e9vue pour l&rsquo;ann\u00e9e prochaine. \u00ab Nous serons alors en pleine s\u00e9quence pr\u00e9sidentielle \u00bb, poursuit l&rsquo;un des intimes pr\u00e9cit\u00e9s. <a href=\"https:\/\/www.parismatch.com\/actu\/politique\/francois-bayrou-mes-enfants-sont-la-prunelle-de-mes-yeux-je-pense-a-eux-chaque-fois-que-lorage-gronde-256492\" rel=\"nofollow noopener\" target=\"_blank\" data-ylk=\"slk:Comprendra qui voudra;elm:context_link;itc:0;sec:content-canvas\" class=\"link \">Comprendra qui voudra<\/a>\u2026\u00a0<\/p>\n<p class=\"mb-4 text-lg md:leading-8 break-words\">Il s&rsquo;agira alors du dix-huiti\u00e8me livre sign\u00e9 de la main de l&rsquo;ancien Premier ministre d&rsquo;Emmanuel Macron. Lors de la campagne de 2007, o\u00f9 il arriva aux portes du second tour, \u00ab Projet d&rsquo;espoir \u00bb s\u2019\u00e9tait impos\u00e9 comme le plus vendu de la p\u00e9riode avec 370 000 exemplaires \u00e9coul\u00e9s en seulement deux mois.<\/p>\n<p class=\"mb-4 text-lg md:leading-8 break-words\"><a href=\"https:\/\/www.parismatch.com\/actu\/politique\/info-paris-match-francois-bayrou-prepare-un-nouveau-livre-260778?at_medium=affiliate&amp;at_campaign=Yahoo\" rel=\"nofollow noopener\" target=\"_blank\" data-ylk=\"slk:Retrouvez cet article sur ParisMatch;elm:context_link;itc:0;sec:content-canvas\" class=\"link \">Retrouvez cet article sur ParisMatch<\/a><\/p>\n","protected":false},"excerpt":{"rendered":"Depuis son d\u00e9part de Matignon, \u00a0Fran\u00e7ois Bayrou s&rsquo;est r\u00e9fugi\u00e9 dans un silence presque claustral. Ce qui ne signifie&hellip;\n","protected":false},"author":2,"featured_media":562766,"comment_status":"","ping_status":"","sticky":false,"template":"","format":"standard","meta":{"footnotes":""},"categories":[1888],"tags":[1111,1928,11,1927,67892,1777,674,1011,27,431,12,1926,626,1925,67893,25],"class_list":{"0":"post-562765","1":"post","2":"type-post","3":"status-publish","4":"format-standard","5":"has-post-thumbnail","7":"category-paris","8":"tag-actu","9":"tag-actu-paris","10":"tag-actualites","11":"tag-actualites-paris","12":"tag-bearnais","13":"tag-eu","14":"tag-europe","15":"tag-fr","16":"tag-france","17":"tag-francois-bayrou","18":"tag-news","19":"tag-news-paris","20":"tag-paris","21":"tag-paris-news","22":"tag-parismatch","23":"tag-republique-francaise"},"share_on_mastodon":{"url":"https:\/\/pubeurope.com\/@fr\/115622935660496323","error":""},"_links":{"self":[{"href":"https:\/\/www.europesays.com\/fr\/wp-json\/wp\/v2\/posts\/562765","targetHints":{"allow":["GET"]}}],"collection":[{"href":"https:\/\/www.europesays.com\/fr\/wp-json\/wp\/v2\/posts"}],"about":[{"href":"https:\/\/www.europesays.com\/fr\/wp-json\/wp\/v2\/types\/post"}],"author":[{"embeddable":true,"href":"https:\/\/www.europesays.com\/fr\/wp-json\/wp\/v2\/users\/2"}],"replies":[{"embeddable":true,"href":"https:\/\/www.europesays.com\/fr\/wp-json\/wp\/v2\/comments?post=562765"}],"version-history":[{"count":0,"href":"https:\/\/www.europesays.com\/fr\/wp-json\/wp\/v2\/posts\/562765\/revisions"}],"wp:featuredmedia":[{"embeddable":true,"href":"https:\/\/www.europesays.com\/fr\/wp-json\/wp\/v2\/media\/562766"}],"wp:attachment":[{"href":"https:\/\/www.europesays.com\/fr\/wp-json\/wp\/v2\/media?parent=562765"}],"wp:term":[{"taxonomy":"category","embeddable":true,"href":"https:\/\/www.europesays.com\/fr\/wp-json\/wp\/v2\/categories?post=562765"},{"taxonomy":"post_tag","embeddable":true,"href":"https:\/\/www.europesays.com\/fr\/wp-json\/wp\/v2\/tags?post=562765"}],"curies":[{"name":"wp","href":"https:\/\/api.w.org\/{rel}","templated":true}]}}