{"id":562767,"date":"2025-11-27T17:52:14","date_gmt":"2025-11-27T17:52:14","guid":{"rendered":"https:\/\/www.europesays.com\/fr\/562767\/"},"modified":"2025-11-27T17:52:14","modified_gmt":"2025-11-27T17:52:14","slug":"le-prince-william-soutenu-par-ses-cousines-zara-tindall-eliza-et-amalia-spencer-pour-un-grand-anniversaire","status":"publish","type":"post","link":"https:\/\/www.europesays.com\/fr\/562767\/","title":{"rendered":"Le prince William soutenu par ses cousines, Zara Tindall, Eliza et Amalia Spencer, pour un grand anniversaire"},"content":{"rendered":"<p>Si <a href=\"https:\/\/www.parismatch.com\/Royal-Blog\/silence-de-kate-colere-de-charles-les-infidelites-du-prince-william-260497\" target=\"_blank\" rel=\"noopener\">les dissensions sont nombreuses<\/a> au sein du clan Windsor, il y a un sujet sur lequel tous les membres sont capables de tomber d\u2019accord\u00a0: l\u2019importance de pr\u00e9server l\u2019environnement. Qu\u2019il s\u2019agisse de Charles III, du prince William ou de Harry, tous s\u2019engagent d\u2019une fa\u00e7on ou d\u2019une autre <a href=\"https:\/\/www.parismatch.com\/Royal-Blog\/Charles-sauver-la-planete-son-devoir-de-grand-pere-170877\" target=\"_blank\" rel=\"noopener\">pour l\u2019avenir de la plan\u00e8te<\/a>, remettant ou finan\u00e7ant des prix r\u00e9compensant l\u2019innovation \u00e9cologique.<\/p>\n<p>Moins d\u2019un mois apr\u00e8s avoir remis<a href=\"https:\/\/www.parismatch.com\/Royal-Blog\/a-rio-le-prince-william-premier-fan-de-kylie-minogue-259756\" target=\"_blank\" rel=\"noopener\"> ses iconiques EarthShot Prize<\/a>, le prince William a donc particip\u00e9 \u00e0 la c\u00e9r\u00e9monie des Tusk Conservation Awards ce 26\u00a0novembre, \u00e0 l\u2019h\u00f4tel Savoy, \u00e0 Londres. Ce prix, parrain\u00e9 par le prince de Galles, permet de r\u00e9compenser les champions de la pr\u00e9servation de la flore et de la faune sur le continent africain. Il f\u00eate son 20\u00e8me anniversaire cette ann\u00e9e.<\/p>\n<p>    La suite apr\u00e8s cette publicit\u00e9<\/p>\n<p>Face au public, le fils de Charles III a d\u00e9clar\u00e9 que \u00ab\u00a0<a href=\"https:\/\/www.parismatch.com\/Royal-Blog\/pieds-nus-sur-le-sable-le-prince-william-devoile-un-talent-inattendu-a-copacabana-259635\" target=\"_blank\" rel=\"noopener\">ma visite au Br\u00e9sil<\/a> au d\u00e9but du mois pour le prix Earthshot et<a href=\"https:\/\/www.parismatch.com\/Royal-Blog\/albert-de-monaco-carl-gustaf-et-silvia-de-suede-les-royaux-reunis-autour-du-prince-william-avant-la-cop30-259852\" target=\"_blank\" rel=\"noopener\"> la COP30<\/a> a renforc\u00e9 mon sentiment d\u2019urgence. Elle m\u2019a aussi rappel\u00e9 que lorsque nous nous unissons autour d\u2019un objectif commun, nous pouvons acc\u00e9l\u00e9rer la mise en \u0153uvre de solutions qui am\u00e9liorent la sant\u00e9 des populations et de la plan\u00e8te\u00a0\u00bb.<\/p>\n<p>    La suite apr\u00e8s cette publicit\u00e9<\/p>\n<p>William soutenu par ses cousines<\/p>\n<p>Durant la c\u00e9r\u00e9monie, le prince a r\u00e9compens\u00e9 Laban Mwangi, chef garde forestier au Kenya et Rahima Njaidi, dirigeante du plus grand r\u00e9seau de gardiens de for\u00eats communautaires en Tanzanie. Un geste qu\u2019il a accompli sous le regard de trois de ses cousines. <a href=\"https:\/\/www.parismatch.com\/Royal-Blog\/Pour-George-William-a-choisi-Zara-534091\" target=\"_blank\" rel=\"noopener\">Tr\u00e8s proche du futur roi<\/a>, Zara Tindall avait ainsi fait le d\u00e9placement aux c\u00f4t\u00e9s de <a href=\"https:\/\/www.parismatch.com\/Royal-Blog\/rien-nest-jamais-facile-apres-21-ans-damour-mike-et-zara-tindall-se-confient-sur-leur-mariage-260694\" target=\"_blank\" rel=\"noopener\">son mari, Mike Tindall<\/a>.<\/p>\n<p>Mais l\u2019apparition remarqu\u00e9e de la soir\u00e9e est venue du c\u00f4t\u00e9 maternel de William. Le prince a en effet pu compter sur la pr\u00e9sence d\u2019Amelia et Eliza Spencer, <a href=\"https:\/\/www.parismatch.com\/Royal-Blog\/a-cannes-les-soeurs-spencer-kitty-eliza-et-amelia-brillent-sur-le-tapis-rouge-251833\" target=\"_blank\" rel=\"noopener\">les ni\u00e8ces tr\u00e8s m\u00e9diatiques<\/a> de la princesse Diana. Les deux s\u0153urs sont apparues dans des robes noires orn\u00e9es de perles tr\u00e8s similaires, les deux femmes aimant jouer de leur ressemblance g\u00e9mellaire.<\/p>\n<p>    La suite apr\u00e8s cette publicit\u00e9<\/p>\n<p>    La suite apr\u00e8s cette publicit\u00e9<\/p>\n<p>Si elles restent \u00e9loign\u00e9es de la vie royale, les jumelles retrouvent de temps \u00e0 autre <a href=\"https:\/\/www.parismatch.com\/royal-blog\/william-soutenu-par-ses-cousines-rare-sortie-avec-les-soeurs-spencer-kitty-eliza-et-amelia-242720\" target=\"_blank\" rel=\"noopener\">leur cousin royal<\/a> sur certains de ses engagements londoniens. Leur a\u00een\u00e9e, Kitty, avait notamment fait forte impression <a href=\"https:\/\/www.parismatch.com\/Royal-Blog\/Meghan-et-Harry-la-niece-de-Diana-Kitty-Spencer-erigee-en-star-apres-leur-mariage-1614261\" target=\"_blank\" rel=\"noopener\">lors du mariage du prince Harry<\/a> en 2018.<\/p>\n","protected":false},"excerpt":{"rendered":"Si les dissensions sont nombreuses au sein du clan Windsor, il y a un sujet sur lequel tous&hellip;\n","protected":false},"author":2,"featured_media":562768,"comment_status":"","ping_status":"","sticky":false,"template":"","format":"standard","meta":{"footnotes":""},"categories":[1888],"tags":[1111,1928,11,1927,1777,674,1011,27,12,1926,626,1925,25],"class_list":{"0":"post-562767","1":"post","2":"type-post","3":"status-publish","4":"format-standard","5":"has-post-thumbnail","7":"category-paris","8":"tag-actu","9":"tag-actu-paris","10":"tag-actualites","11":"tag-actualites-paris","12":"tag-eu","13":"tag-europe","14":"tag-fr","15":"tag-france","16":"tag-news","17":"tag-news-paris","18":"tag-paris","19":"tag-paris-news","20":"tag-republique-francaise"},"share_on_mastodon":{"url":"https:\/\/pubeurope.com\/@fr\/115622939588493001","error":""},"_links":{"self":[{"href":"https:\/\/www.europesays.com\/fr\/wp-json\/wp\/v2\/posts\/562767","targetHints":{"allow":["GET"]}}],"collection":[{"href":"https:\/\/www.europesays.com\/fr\/wp-json\/wp\/v2\/posts"}],"about":[{"href":"https:\/\/www.europesays.com\/fr\/wp-json\/wp\/v2\/types\/post"}],"author":[{"embeddable":true,"href":"https:\/\/www.europesays.com\/fr\/wp-json\/wp\/v2\/users\/2"}],"replies":[{"embeddable":true,"href":"https:\/\/www.europesays.com\/fr\/wp-json\/wp\/v2\/comments?post=562767"}],"version-history":[{"count":0,"href":"https:\/\/www.europesays.com\/fr\/wp-json\/wp\/v2\/posts\/562767\/revisions"}],"wp:featuredmedia":[{"embeddable":true,"href":"https:\/\/www.europesays.com\/fr\/wp-json\/wp\/v2\/media\/562768"}],"wp:attachment":[{"href":"https:\/\/www.europesays.com\/fr\/wp-json\/wp\/v2\/media?parent=562767"}],"wp:term":[{"taxonomy":"category","embeddable":true,"href":"https:\/\/www.europesays.com\/fr\/wp-json\/wp\/v2\/categories?post=562767"},{"taxonomy":"post_tag","embeddable":true,"href":"https:\/\/www.europesays.com\/fr\/wp-json\/wp\/v2\/tags?post=562767"}],"curies":[{"name":"wp","href":"https:\/\/api.w.org\/{rel}","templated":true}]}}