{"id":562774,"date":"2025-11-27T17:56:13","date_gmt":"2025-11-27T17:56:13","guid":{"rendered":"https:\/\/www.europesays.com\/fr\/562774\/"},"modified":"2025-11-27T17:56:13","modified_gmt":"2025-11-27T17:56:13","slug":"la-france-evoque-un-groupe-de-travail-de-securite-en-association-avec-la-turkiye","status":"publish","type":"post","link":"https:\/\/www.europesays.com\/fr\/562774\/","title":{"rendered":"la France \u00e9voque un \u00ab groupe de travail \u00bb de s\u00e9curit\u00e9 en association avec la T\u00fcrkiye"},"content":{"rendered":"<p>AA \/ Istanbul \/ Adama Bamba<\/p>\n<p>La France a r\u00e9affirm\u00e9 jeudi, lors du point de presse du Quai d\u2019Orsay anim\u00e9 par Pascal Confavreux, porte-parole du minist\u00e8re de l\u2019Europe et des Affaires \u00e9trang\u00e8res, sa volont\u00e9 d\u2019\u0153uvrer pour \u00ab une paix juste et durable \u00bb en Ukraine.<\/p>\n<p>Une paix qui \u00ab devra reposer sur des garanties de s\u00e9curit\u00e9 solides et cr\u00e9dibles pour l\u2019Ukraine, afin de dissuader toute agression future par la Russie, et qui respecte la souverainet\u00e9 des \u00c9tats \u00bb.<\/p>\n<p>Confavreux a indiqu\u00e9 que l\u2019\u00ab objectif est de trouver une solution d\u2019ici au Conseil europ\u00e9en de mi-d\u00e9cembre \u00bb. Dans cette perspective, un groupe de travail sur les garanties de s\u00e9curit\u00e9 a \u00e9t\u00e9 cr\u00e9\u00e9, \u00ab pilot\u00e9 par la France et par le Royaume-Uni, en association \u00e9troite avec la T\u00fcrkiye, et, pour la premi\u00e8re fois, avec la participation directe des \u00c9tats-Unis, afin de finaliser pr\u00e9cis\u00e9ment les contributions de chacun \u00e0 ces garanties \u00bb.<\/p>\n<p>La coalition des volontaires a r\u00e9it\u00e9r\u00e9 le m\u00eame message : une paix durable \u00ab ne saurait \u00eatre une capitulation de l\u2019Ukraine \u00bb. Selon Confavreux, \u00ab une capitulation ukrainienne donnerait \u00e0 la Russie toute libert\u00e9 de poursuivre sa guerre et de mettre en danger la s\u00e9curit\u00e9 de l\u2019Europe enti\u00e8re \u00bb. Il a soulign\u00e9 qu\u2019\u00ab il n\u2019existe aujourd\u2019hui aucune volont\u00e9 russe d\u2019aller vers un cessez-le-feu \u00bb, comme le prouvent les derni\u00e8res frappes, notamment celles de la nuit du 24 au 25 novembre visant les infrastructures \u00e9nerg\u00e9tiques ukrainiennes.<\/p>\n<p>Le porte-parole a rappel\u00e9 \u00e0 cette occasion \u00ab la solidarit\u00e9 de la France avec le peuple ukrainien \u00bb et affirm\u00e9 que Paris poursuit sa mobilisation selon trois axes, dont \u00ab le soutien continu \u00e0 l\u2019Ukraine \u00bb.<\/p>\n<p>Sur la question des avoirs russes gel\u00e9s, il a insist\u00e9 : \u00ab Personne ne d\u00e9cidera \u00e0 la place des Europ\u00e9ens de ce qui les concerne \u00bb, notamment concernant l\u2019utilisation de ces actifs. Il a indiqu\u00e9 qu\u2019un accord europ\u00e9en se dessine pour \u00ab s\u00e9curiser les financements destin\u00e9s \u00e0 l\u2019Ukraine, donner de la visibilit\u00e9 \u00e0 Kiev, tout en maintenant la pression sur la Russie \u00bb.<\/p>\n<p>\u00ab La France prendra toute sa part \u00bb, a-t-il assur\u00e9, rappelant que Paris restera engag\u00e9e \u00ab aussi longtemps qu\u2019il le faudra \u00bb pour contrer \u00ab la guerre d\u2019agression de la Russie \u00bb.<\/p>\n<p>-La France condamne les attaques russes visant les journalistes<\/p>\n<p>Interrog\u00e9 sur \u00ab les attaques russes visant les journalistes \u00bb apr\u00e8s la mort du photographe fran\u00e7ais Antony Lalican, Pascal Confavreux a d\u00e9nonc\u00e9 le ciblage d\u00e9lib\u00e9r\u00e9 de la presse.<\/p>\n<p>\u00ab La France condamne le fait que la Russie prenne pour cible les journalistes dans le cadre de sa guerre d\u2019agression contre l\u2019Ukraine \u00bb, a-t-il d\u00e9clar\u00e9.<\/p>\n<p>Selon lui, \u00ab les attaques de drones se multiplient, rendant le terrain encore plus dangereux, voire impraticable. C\u2019est cette tactique russe qui a co\u00fbt\u00e9 la vie \u00e0 Antony Lalican en octobre dernier \u00bb.<\/p>\n<p>Depuis pr\u00e8s de quatre ans, \u00ab cette strat\u00e9gie a co\u00fbt\u00e9 la vie \u00e0 16 journalistes, dont 4 Fran\u00e7ais, tomb\u00e9s sous le feu russe \u00bb, a rappel\u00e9 le porte-parole.<\/p>\n<p>La France a officiellement demand\u00e9 des explications \u00e0 l\u2019ambassade de Russie concernant l\u2019attaque ayant tu\u00e9 Antony Lalican, mais \u00ab la partie russe n\u2019a pas fourni de r\u00e9ponse satisfaisante \u00bb, a-t-il regrett\u00e9.<\/p>\n<p>                            &#13;<br \/>\n                                <a href=\"https:\/\/www.aa.com.tr\/fr\/p\/abonnement\/1001\" target=\"_blank\" style=\"font-size:12px; color:#444; text-decoration:none;\" rel=\"noopener\">&#13;<br \/>\n                                    Seulement une partie des d\u00e9p\u00eaches, que l&rsquo;Agence Anadolu diffuse \u00e0 ses abonn\u00e9s via le Syst\u00e8me de Diffusion interne (HAS), est diffus\u00e9e sur le site de l&rsquo;AA, de mani\u00e8re r\u00e9sum\u00e9e. <b style=\"color:#1897F7\">Contactez-nous s&rsquo;il vous pla\u00eet pour vous abonner.<\/b>&#13;<br \/>\n                                <\/a>&#13;<\/p>\n","protected":false},"excerpt":{"rendered":"AA \/ Istanbul \/ Adama Bamba La France a r\u00e9affirm\u00e9 jeudi, lors du point de presse du Quai&hellip;\n","protected":false},"author":2,"featured_media":562775,"comment_status":"","ping_status":"","sticky":false,"template":"","format":"standard","meta":{"footnotes":""},"categories":[1590],"tags":[11,1785,1777,674,27,3482,12,1906,220],"class_list":{"0":"post-562774","1":"post","2":"type-post","3":"status-publish","4":"format-standard","5":"has-post-thumbnail","7":"category-ukraine","8":"tag-actualites","9":"tag-anadolu-ajansi","10":"tag-eu","11":"tag-europe","12":"tag-france","13":"tag-guerre-russie-ukraine","14":"tag-news","15":"tag-trkiye","16":"tag-ukraine"},"share_on_mastodon":{"url":"https:\/\/pubeurope.com\/@fr\/115622955375472635","error":""},"_links":{"self":[{"href":"https:\/\/www.europesays.com\/fr\/wp-json\/wp\/v2\/posts\/562774","targetHints":{"allow":["GET"]}}],"collection":[{"href":"https:\/\/www.europesays.com\/fr\/wp-json\/wp\/v2\/posts"}],"about":[{"href":"https:\/\/www.europesays.com\/fr\/wp-json\/wp\/v2\/types\/post"}],"author":[{"embeddable":true,"href":"https:\/\/www.europesays.com\/fr\/wp-json\/wp\/v2\/users\/2"}],"replies":[{"embeddable":true,"href":"https:\/\/www.europesays.com\/fr\/wp-json\/wp\/v2\/comments?post=562774"}],"version-history":[{"count":0,"href":"https:\/\/www.europesays.com\/fr\/wp-json\/wp\/v2\/posts\/562774\/revisions"}],"wp:featuredmedia":[{"embeddable":true,"href":"https:\/\/www.europesays.com\/fr\/wp-json\/wp\/v2\/media\/562775"}],"wp:attachment":[{"href":"https:\/\/www.europesays.com\/fr\/wp-json\/wp\/v2\/media?parent=562774"}],"wp:term":[{"taxonomy":"category","embeddable":true,"href":"https:\/\/www.europesays.com\/fr\/wp-json\/wp\/v2\/categories?post=562774"},{"taxonomy":"post_tag","embeddable":true,"href":"https:\/\/www.europesays.com\/fr\/wp-json\/wp\/v2\/tags?post=562774"}],"curies":[{"name":"wp","href":"https:\/\/api.w.org\/{rel}","templated":true}]}}