{"id":562776,"date":"2025-11-27T17:57:12","date_gmt":"2025-11-27T17:57:12","guid":{"rendered":"https:\/\/www.europesays.com\/fr\/562776\/"},"modified":"2025-11-27T17:57:12","modified_gmt":"2025-11-27T17:57:12","slug":"quest-ce-que-loperation-allies-welcome-qui-a-permis-au-tireur-afghan-detre-sur-le-sol-americain","status":"publish","type":"post","link":"https:\/\/www.europesays.com\/fr\/562776\/","title":{"rendered":"qu\u2019est-ce que l\u2019op\u00e9ration \u00abAllies Welcome\u00bb, qui a permis au tireur afghan d\u2019\u00eatre sur le sol am\u00e9ricain ?"},"content":{"rendered":"<p>Au lendemain de l&rsquo;attaque contre deux soldats de la Garde nationale pr\u00e8s de la Maison Blanche, la procureure de Washington a identifi\u00e9 le suspect comme \u00e9tant Rahmanullah Lakanwal, un ressortissant d&rsquo;Afghanistan de 29 ans arriv\u00e9 sur le territoire dans le cadre d&rsquo;un programme d&rsquo;accueil des Afghans ayant collabor\u00e9 avec les forces am\u00e9ricaines sur place.<\/p>\n<p>Les \u00c9tats-Unis ont-ils rapatri\u00e9 un terroriste afghan sur leur territoire ? C&rsquo;est la question pos\u00e9e par l&rsquo;administration am\u00e9ricaine apr\u00e8s <a href=\"https:\/\/www.europe1.fr\/international\/etats-unis-deux-militaires-de-la-garde-nationale-tues-pres-de-la-maison-blanche-872866\" target=\"_blank\" rel=\"noopener\">l&rsquo;attaque \u00e0 l&rsquo;arme \u00e0 feu<\/a> qui s&rsquo;est d\u00e9roul\u00e9e ce mercredi 26 novembre, pr\u00e8s de la Maison Blanche, o\u00f9 deux membres de la Garde nationale ont \u00e9t\u00e9 gri\u00e8vement bless\u00e9s.<\/p>\n<p>    La suite apr\u00e8s cette publicit\u00e9<\/p>\n<p>    La suite apr\u00e8s cette publicit\u00e9<\/p>\n<p>Ce jeudi, le directeur du FBI, Kash Patel, a confirm\u00e9 l&rsquo;ouverture d&rsquo;une \u00ab\u00a0enqu\u00eate en cours pour acte de terrorisme\u00a0\u00bb.<\/p>\n<p>Cela fait suite \u00e0 la description du profil du suspect r\u00e9alis\u00e9e par la procureure de Washington, Jeanine Pirro. Cet homme, identifi\u00e9 comme Rahmanullah Lakanwal, est <a href=\"https:\/\/www.europe1.fr\/international\/liens-avec-la-cia-afghanistan-ce-que-lon-sait-du-suspect-qui-a-tire-sur-deux-militaires-a-washington-872915\" target=\"_blank\" rel=\"noopener\">un Afghan de 29 ans qui \u00e9tait sur le territoire am\u00e9ricain gr\u00e2ce \u00e0 un programme d&rsquo;accueil<\/a>, a confirm\u00e9 la secr\u00e9taire \u00e0 la S\u00e9curit\u00e9 int\u00e9rieure, Kristi Noem.<\/p>\n<p>    La suite apr\u00e8s cette publicit\u00e9<\/p>\n<p>    La suite apr\u00e8s cette publicit\u00e9<\/p>\n<p>D\u00e9velopp\u00e9 par l&rsquo;administration Biden et maintenu sous Trump<\/p>\n<p>Celui-ci, appel\u00e9 \u00ab\u00a0Allies Welcome\u00a0\u00bb (Bienvenue aux alli\u00e9s, en fran\u00e7ais), avait permis \u00e0 des personnes ayant collabor\u00e9 avec les forces arm\u00e9es am\u00e9ricaines en <a href=\"https:\/\/www.europe1.fr\/dossiers\/afghanistan\" target=\"_blank\" rel=\"noopener\">Afghanistan<\/a> d&rsquo;\u00eatre accueillies aux \u00c9tats-Unis. Une op\u00e9ration qui avait \u00e9t\u00e9 mise en place par <a href=\"https:\/\/www.europe1.fr\/dossiers\/joe-biden\" target=\"_blank\" rel=\"noopener\">Joe Biden<\/a>, en ao\u00fbt 2021.<\/p>\n<p>Rahmanullah Lakanwal serait ainsi arriv\u00e9 sur le sol am\u00e9ricain le 8 septembre 2021. Par la suite, il a fait une demande d&rsquo;asile en 2024 qui a \u00e9t\u00e9 accord\u00e9e cette ann\u00e9e, sous l&rsquo;administration Trump.<\/p>\n<p>    La suite apr\u00e8s cette publicit\u00e9<\/p>\n<p>    La suite apr\u00e8s cette publicit\u00e9<\/p>\n<p>Ce programme ne garantissait toutefois pas aux ressortissants afghans d&rsquo;obtenir la \u00ab\u00a0green card\u00a0\u00bb. Les plus de 190.000 personnes qui y \u00e9taient admissibles avaient une autorisation de territoire pour deux ans. Selon le D\u00e9partement de la S\u00e9curit\u00e9 int\u00e9rieure, plus de 40% d&rsquo;entre eux \u00e9taient \u00e9galement \u00e9ligibles au <a href=\"https:\/\/refugeerights.org\/issue-areas\/siv\" target=\"_blank\" rel=\"noopener\">Visa sp\u00e9cial d&rsquo;immigration (SIVs)<\/a> pour avoir \u00ab\u00a0pris de grands risques pour aider les \u00c9tats-Unis\u00a0\u00bb.<\/p>\n<p>Face au nombre de profils \u00e0 int\u00e9grer, le programme \u00ab\u00a0Allies Welcome\u00a0\u00bb a \u00e9t\u00e9 renomm\u00e9 \u00ab\u00a0Enduring Welcome\u00a0\u00bb (Bienvenue aux permanents, pouvant aussi se traduire en Bienvenue aux persistants) pour se concentrer sur leur int\u00e9gration \u00e0 long terme dans le pays.<\/p>\n<p>    La suite apr\u00e8s cette publicit\u00e9<\/p>\n<p>Plus de 260.000 demandeurs d&rsquo;asile afghans en 4 ans<\/p>\n<p>Depuis 2021, ce sont plus de 260.000 Afghans qui ont proc\u00e9d\u00e9 \u00e0 une demande d&rsquo;asile aux \u00c9tats-Unis, selon Shawn VanDiver, pr\u00e9sident de l&rsquo;organisation AfghanEvac, une organisation qui vient en aide aux <a href=\"https:\/\/www.europe1.fr\/emissions\/le-brief\/extrait-un-afghan-de-20-ans-soupconne-detre-un-relais-de-daech-place-en-detention-provisoire-869758\" target=\"_blank\" rel=\"noopener\">r\u00e9fugi\u00e9s d&rsquo;Afghanistan<\/a> \u00e0 travers le monde. Des habitants, opposants politiques ou encore journalistes ont fui le pays face \u00e0 la menace de pers\u00e9cution des talibans.<\/p>\n<p>Le programme se retrouve d\u00e9sormais dans le viseur de <a href=\"https:\/\/www.europe1.fr\/dossiers\/donald-trump\" target=\"_blank\" rel=\"noopener\">Donald Trump<\/a>. Ce mercredi, il a accus\u00e9 Joe Biden d&rsquo;avoir fait rentrer \u00ab\u00a020 millions d&rsquo;\u00e9trangers inconnus et non contr\u00f4l\u00e9s\u00a0\u00bb sur le sol am\u00e9ricain. Il a \u00e9galement appel\u00e9 \u00e0 une r\u00e9examination des dossiers de chaque personne ayant profit\u00e9 des programmes \u00ab\u00a0Allies Welcome\u00a0\u00bb et \u00ab\u00a0Enduring Welcome\u00a0\u00bb.<\/p>\n<p>D\u00e8s lors, les services d&rsquo;immigration et de citoyennet\u00e9 ont annonc\u00e9, dans une publication sur X, une suspension de toutes les demandes d&rsquo;asile en provenance d&rsquo;Afghanistan \u00ab\u00a0ind\u00e9finiment dans l&rsquo;attente d&rsquo;un examen plus approfondi des protocoles de s\u00e9curit\u00e9 et de v\u00e9rification\u00a0\u00bb.<\/p>\n<p>Une d\u00e9cision qui a fait bondir les <a href=\"https:\/\/www.europe1.fr\/dossiers\/onu\" target=\"_blank\" rel=\"noopener\">Nations unies<\/a>. Arafat Jamal, \u00e0 la t\u00eate de l&rsquo;agence de l&rsquo;ONU pour les r\u00e9fugi\u00e9s en Afghanistan, s&rsquo;est dit \u00ab\u00a0un peu inquiet\u00a0\u00bb de voir \u00ab\u00a0tous les articles qui insistent constamment sur le fait qu&rsquo;il est d&rsquo;origine afghane\u00a0\u00bb. Pour lui, la fusillade \u00e0 Washington \u00ab\u00a0ne devrait pas\u00a0\u00bb \u00eatre une raison pour l&rsquo;administration de Trump de devenir sur sa politique migratoire.<\/p>\n","protected":false},"excerpt":{"rendered":"Au lendemain de l&rsquo;attaque contre deux soldats de la Garde nationale pr\u00e8s de la Maison Blanche, la procureure&hellip;\n","protected":false},"author":2,"featured_media":562777,"comment_status":"","ping_status":"","sticky":false,"template":"","format":"standard","meta":{"footnotes":""},"categories":[1589],"tags":[11,73,1866,12,1864,1865,1863,308],"class_list":{"0":"post-562776","1":"post","2":"type-post","3":"status-publish","4":"format-standard","5":"has-post-thumbnail","7":"category-etats-unis","8":"tag-actualites","9":"tag-etats-unis","10":"tag-etats-unis-damerique","11":"tag-news","12":"tag-united-states","13":"tag-united-states-of-america","14":"tag-us","15":"tag-usa"},"share_on_mastodon":{"url":"https:\/\/pubeurope.com\/@fr\/115622959480936995","error":""},"_links":{"self":[{"href":"https:\/\/www.europesays.com\/fr\/wp-json\/wp\/v2\/posts\/562776","targetHints":{"allow":["GET"]}}],"collection":[{"href":"https:\/\/www.europesays.com\/fr\/wp-json\/wp\/v2\/posts"}],"about":[{"href":"https:\/\/www.europesays.com\/fr\/wp-json\/wp\/v2\/types\/post"}],"author":[{"embeddable":true,"href":"https:\/\/www.europesays.com\/fr\/wp-json\/wp\/v2\/users\/2"}],"replies":[{"embeddable":true,"href":"https:\/\/www.europesays.com\/fr\/wp-json\/wp\/v2\/comments?post=562776"}],"version-history":[{"count":0,"href":"https:\/\/www.europesays.com\/fr\/wp-json\/wp\/v2\/posts\/562776\/revisions"}],"wp:featuredmedia":[{"embeddable":true,"href":"https:\/\/www.europesays.com\/fr\/wp-json\/wp\/v2\/media\/562777"}],"wp:attachment":[{"href":"https:\/\/www.europesays.com\/fr\/wp-json\/wp\/v2\/media?parent=562776"}],"wp:term":[{"taxonomy":"category","embeddable":true,"href":"https:\/\/www.europesays.com\/fr\/wp-json\/wp\/v2\/categories?post=562776"},{"taxonomy":"post_tag","embeddable":true,"href":"https:\/\/www.europesays.com\/fr\/wp-json\/wp\/v2\/tags?post=562776"}],"curies":[{"name":"wp","href":"https:\/\/api.w.org\/{rel}","templated":true}]}}