{"id":562779,"date":"2025-11-27T17:59:18","date_gmt":"2025-11-27T17:59:18","guid":{"rendered":"https:\/\/www.europesays.com\/fr\/562779\/"},"modified":"2025-11-27T17:59:18","modified_gmt":"2025-11-27T17:59:18","slug":"en-allemagne-le-monde-des-pme-brise-le-tabou-du-dialogue-avec-lafd","status":"publish","type":"post","link":"https:\/\/www.europesays.com\/fr\/562779\/","title":{"rendered":"En Allemagne, le monde des PME brise le tabou du dialogue avec l\u2019AfD"},"content":{"rendered":"<p>Tout a commenc\u00e9 le 9\u00a0octobre dernier autour d&rsquo;un verre de vin blanc et d&rsquo;un plateau d&rsquo;amuse-gueules. L&rsquo;Association des entreprises familiales, \u00ab\u00a0Die Familienunternehmer\u00a0\u00bb, qui repr\u00e9sente, toutes branches confondues, 6\u00a0500 de ces PME qui forment la colonne vert\u00e9brale de l&rsquo;\u00e9conomie allemande, organisait une r\u00e9ception \u00e0 Berlin. Parmi les invit\u00e9s convi\u00e9s \u00e0 venir converser de fa\u00e7on informelle sur les grands th\u00e8mes \u00e9conomiques du jour, un d\u00e9put\u00e9 de l&rsquo;AfD (Alternative pour l&rsquo;<a class=\"Link\" href=\"https:\/\/www.lepoint.fr\/tags\/allemagne\" data-gtm=\"click:capsule\" data-capsule=\"Lien\" target=\"_blank\" rel=\"noopener\">Allemagne<\/a>), parti class\u00e9 \u00e0 l&rsquo;extr\u00eame droite par les renseignements allemands.<\/p>\n<p>Un tabou \u00e9tait ainsi bris\u00e9 dans un pays o\u00f9 tous les partis et institutions d\u00e9mocratiques ont \u00e9rig\u00e9 un \u00ab\u00a0Brandmauer\u00a0\u00bb, un mur pare-feu prohibant tout contact et toute forme de dialogue avec l&rsquo;AfD.\u00a0L&rsquo;affaire, qui avait fait relativement peu de bruit&#8230;<\/p>\n<p>Toute l\u2019actualit\u00e9 \u00e0 1\u20ac le premier mois<\/p>\n<p><a href=\"https:\/\/abo.lepoint.fr\/?provenance=21EDI020098\" class=\"btn\" title=\"S&#039;abonner\" data-gtm=\"click:abo|display:abo\" data-campaign=\"paywall_maison\" target=\"_blank\" rel=\"noopener\">S&rsquo;abonner<\/a><\/p>\n<p>ou<\/p>\n","protected":false},"excerpt":{"rendered":"Tout a commenc\u00e9 le 9\u00a0octobre dernier autour d&rsquo;un verre de vin blanc et d&rsquo;un plateau d&rsquo;amuse-gueules. L&rsquo;Association des&hellip;\n","protected":false},"author":2,"featured_media":562780,"comment_status":"","ping_status":"","sticky":false,"template":"","format":"standard","meta":{"footnotes":""},"categories":[1587],"tags":[11,672,1804,1805,1803,1777,674,4710,1801,12,1802],"class_list":{"0":"post-562779","1":"post","2":"type-post","3":"status-publish","4":"format-standard","5":"has-post-thumbnail","7":"category-allemagne","8":"tag-actualites","9":"tag-allemagne","10":"tag-bundesrepublik-deutschland","11":"tag-de","12":"tag-deutschland","13":"tag-eu","14":"tag-europe","15":"tag-friedrich-merz","16":"tag-germany","17":"tag-news","18":"tag-republique-federale-dallemagne"},"share_on_mastodon":{"url":"https:\/\/pubeurope.com\/@fr\/115622970945523487","error":""},"_links":{"self":[{"href":"https:\/\/www.europesays.com\/fr\/wp-json\/wp\/v2\/posts\/562779","targetHints":{"allow":["GET"]}}],"collection":[{"href":"https:\/\/www.europesays.com\/fr\/wp-json\/wp\/v2\/posts"}],"about":[{"href":"https:\/\/www.europesays.com\/fr\/wp-json\/wp\/v2\/types\/post"}],"author":[{"embeddable":true,"href":"https:\/\/www.europesays.com\/fr\/wp-json\/wp\/v2\/users\/2"}],"replies":[{"embeddable":true,"href":"https:\/\/www.europesays.com\/fr\/wp-json\/wp\/v2\/comments?post=562779"}],"version-history":[{"count":0,"href":"https:\/\/www.europesays.com\/fr\/wp-json\/wp\/v2\/posts\/562779\/revisions"}],"wp:featuredmedia":[{"embeddable":true,"href":"https:\/\/www.europesays.com\/fr\/wp-json\/wp\/v2\/media\/562780"}],"wp:attachment":[{"href":"https:\/\/www.europesays.com\/fr\/wp-json\/wp\/v2\/media?parent=562779"}],"wp:term":[{"taxonomy":"category","embeddable":true,"href":"https:\/\/www.europesays.com\/fr\/wp-json\/wp\/v2\/categories?post=562779"},{"taxonomy":"post_tag","embeddable":true,"href":"https:\/\/www.europesays.com\/fr\/wp-json\/wp\/v2\/tags?post=562779"}],"curies":[{"name":"wp","href":"https:\/\/api.w.org\/{rel}","templated":true}]}}