{"id":562783,"date":"2025-11-27T18:02:15","date_gmt":"2025-11-27T18:02:15","guid":{"rendered":"https:\/\/www.europesays.com\/fr\/562783\/"},"modified":"2025-11-27T18:02:15","modified_gmt":"2025-11-27T18:02:15","slug":"jai-vraiment-eu-peur-gravement-brule-apres-lexplosion-de-sa-batterie-de-cigarette-electronique-dans-le-rer","status":"publish","type":"post","link":"https:\/\/www.europesays.com\/fr\/562783\/","title":{"rendered":"\u00ab\u00a0J\u2019ai vraiment eu peur\u00a0\u00bb\u00a0: gravement br\u00fbl\u00e9 apr\u00e8s l\u2019explosion de sa batterie de cigarette \u00e9lectronique dans le RER"},"content":{"rendered":"<p class=\"paragraph text_align_left lp-f-body-02\">Ses coll\u00e8gues d\u2019un lyc\u00e9e priv\u00e9 de l\u2019<a href=\"https:\/\/www.leparisien.fr\/essonne-91\/\" target=\"_self\" rel=\"noopener\">Essonne<\/a> ont d\u00fb prendre le relais devant la gravit\u00e9 de ses blessures. Samedi 22 novembre au matin, Maxime, un conseiller principal d\u2019\u00e9ducation (CPE), a d\u00fb \u00eatre remplac\u00e9 au pied lev\u00e9 \u00e0 son arriv\u00e9e devant son \u00e9tablissement. Et pour cause, gri\u00e8vement bless\u00e9 aux mains apr\u00e8s la combustion spontan\u00e9e d\u2019une des batteries de sa cigarette \u00e9lectronique, il a \u00e9t\u00e9 pris en charge par les secours, notamment pour des br\u00fblures au second degr\u00e9.<\/p>\n<p class=\"paragraph text_align_left lp-f-body-02\">Samedi, cet habitant de 39 ans file \u00e0 la gare de La D\u00e9fense \u00e0 <a href=\"https:\/\/www.leparisien.fr\/hauts-de-seine-92\/puteaux-92800\/\" target=\"_self\" rel=\"noopener\">Puteaux (Hauts-de-Seine)<\/a>, direction son lieu de travail \u00e0 <a href=\"https:\/\/www.leparisien.fr\/essonne-91\/palaiseau-91120\/\" target=\"_self\" rel=\"noopener\">Palaiseau (Essonne)<\/a>. D\u2019astreinte ce matin-l\u00e0, le CPE part pour sa petite heure de trajet, d\u2019abord sur la ligne du RER A puis le B. Il s\u2019assoit et glisse son sac entre les jambes.<\/p>\n","protected":false},"excerpt":{"rendered":"Ses coll\u00e8gues d\u2019un lyc\u00e9e priv\u00e9 de l\u2019Essonne ont d\u00fb prendre le relais devant la gravit\u00e9 de ses blessures.&hellip;\n","protected":false},"author":2,"featured_media":562784,"comment_status":"","ping_status":"","sticky":false,"template":"","format":"standard","meta":{"footnotes":""},"categories":[1586],"tags":[11,1936,1777,674,1779,118,1011,27,1944,12,25,1778,364],"class_list":{"0":"post-562783","1":"post","2":"type-post","3":"status-publish","4":"format-standard","5":"has-post-thumbnail","7":"category-europe","8":"tag-actualites","9":"tag-essonne","10":"tag-eu","11":"tag-europe","12":"tag-european-union","13":"tag-faits-divers","14":"tag-fr","15":"tag-france","16":"tag-ma-ville","17":"tag-news","18":"tag-republique-francaise","19":"tag-ue","20":"tag-union-europeenne"},"share_on_mastodon":{"url":"https:\/\/pubeurope.com\/@fr\/115622978827616445","error":""},"_links":{"self":[{"href":"https:\/\/www.europesays.com\/fr\/wp-json\/wp\/v2\/posts\/562783","targetHints":{"allow":["GET"]}}],"collection":[{"href":"https:\/\/www.europesays.com\/fr\/wp-json\/wp\/v2\/posts"}],"about":[{"href":"https:\/\/www.europesays.com\/fr\/wp-json\/wp\/v2\/types\/post"}],"author":[{"embeddable":true,"href":"https:\/\/www.europesays.com\/fr\/wp-json\/wp\/v2\/users\/2"}],"replies":[{"embeddable":true,"href":"https:\/\/www.europesays.com\/fr\/wp-json\/wp\/v2\/comments?post=562783"}],"version-history":[{"count":0,"href":"https:\/\/www.europesays.com\/fr\/wp-json\/wp\/v2\/posts\/562783\/revisions"}],"wp:featuredmedia":[{"embeddable":true,"href":"https:\/\/www.europesays.com\/fr\/wp-json\/wp\/v2\/media\/562784"}],"wp:attachment":[{"href":"https:\/\/www.europesays.com\/fr\/wp-json\/wp\/v2\/media?parent=562783"}],"wp:term":[{"taxonomy":"category","embeddable":true,"href":"https:\/\/www.europesays.com\/fr\/wp-json\/wp\/v2\/categories?post=562783"},{"taxonomy":"post_tag","embeddable":true,"href":"https:\/\/www.europesays.com\/fr\/wp-json\/wp\/v2\/tags?post=562783"}],"curies":[{"name":"wp","href":"https:\/\/api.w.org\/{rel}","templated":true}]}}