{"id":562792,"date":"2025-11-27T18:09:10","date_gmt":"2025-11-27T18:09:10","guid":{"rendered":"https:\/\/www.europesays.com\/fr\/562792\/"},"modified":"2025-11-27T18:09:10","modified_gmt":"2025-11-27T18:09:10","slug":"insolite-atp-lorenzo-musetti-avec-ma-compagne-veronica-notre-premier-enfant-netait-pas-desire-mais-nous-avons-decide-de-le-garder-et-jai-du-repenser-ma-vie","status":"publish","type":"post","link":"https:\/\/www.europesays.com\/fr\/562792\/","title":{"rendered":"Insolite, ATP > Lorenzo Musetti : \u00ab\u00a0Avec ma compagne, Veronica, notre premier enfant n&rsquo;\u00e9tait pas d\u00e9sir\u00e9, mais nous avons d\u00e9cid\u00e9 de le garder, et j&rsquo;ai d\u00fb repenser ma vie\u00a0\u00bb"},"content":{"rendered":"<p>Devenu papa pour la premi\u00e8re fois \u00e0 seule\u00adment 21 ans alors que sa carri\u00e8re venait \u00e0 peine de d\u00e9coller, Lorenzo Musetti a d\u00fb apprendre \u00e0 g\u00e9rer cette nouvelle grande \u00e9tape de sa\u00a0vie.<\/p>\n<p>L\u2019Italien et actuel 8e joueur mondial s\u2019est confi\u00e9 avec beau\u00adcoup de sinc\u00e9\u00adrit\u00e9 \u00e0 ce sujet dans une inter\u00adview publi\u00e9e par le quoti\u00addien, la <a href=\"https:\/\/d.repubblica.it\/urep\/2025\/11\/26\/news\/lorenzo_musetti_intervista_tennista_sinner_mai_nemico-425003471\/\" data-wpel-link=\"external\" target=\"_blank\" rel=\"nofollow external noopener\">Repubblica<\/a>.  <\/p>\n<p><strong>\u00ab\u202fOn ne me pose pas beau\u00adcoup de ques\u00adtions, sauf Alexander Bublik, qui a 28 ans et un enfant de 3 ans. Il est toujours tr\u00e8s affec\u00adtueux, nous \u00e9chan\u00adgeons souvent entre papas. Notre premier enfant a \u00e9t\u00e9 un v\u00e9ri\u00adtable boule\u00adver\u00adse\u00adment et une belle surprise. Il n\u2019\u00e9tait pas d\u00e9sir\u00e9, mais nous avons d\u00e9cid\u00e9 de le garder, et j\u2019ai d\u00fb repenser ma vie. J\u2019avais peur de ne pas \u00eatre pr\u00eat pour cette nouvelle \u00e9tape. Il fallait fonder une famille, d\u00e9m\u00e9\u00adnager, s\u2019agrandir, accepter des respon\u00adsa\u00adbi\u00adlit\u00e9s. Cela n\u2019a pas \u00e9t\u00e9 facile, cela m\u2019a cr\u00e9\u00e9 des doutes et des probl\u00e8mes, j\u2019ai v\u00e9cu la gros\u00adsesse de Veronica avec beau\u00adcoup de tour\u00adments. Dans ma t\u00eate et dans mes r\u00e9sultats.\u202f\u00bb<\/strong><\/p>\n<p class=\"post-published-date\" style=\"color: silver; font-size: 75%; text-align: left;\">Publi\u00e9 le jeudi 27 novembre 2025 \u00e0 17:17<\/p>\n","protected":false},"excerpt":{"rendered":"Devenu papa pour la premi\u00e8re fois \u00e0 seule\u00adment 21 ans alors que sa carri\u00e8re venait \u00e0 peine de&hellip;\n","protected":false},"author":2,"featured_media":562793,"comment_status":"","ping_status":"","sticky":false,"template":"","format":"standard","meta":{"footnotes":""},"categories":[1415],"tags":[15212,1011,27,60,1467],"class_list":{"0":"post-562792","1":"post","2":"type-post","3":"status-publish","4":"format-standard","5":"has-post-thumbnail","7":"category-tennis","8":"tag-bublik","9":"tag-fr","10":"tag-france","11":"tag-sports","12":"tag-tennis"},"share_on_mastodon":{"url":"https:\/\/pubeurope.com\/@fr\/115623006260302039","error":""},"_links":{"self":[{"href":"https:\/\/www.europesays.com\/fr\/wp-json\/wp\/v2\/posts\/562792","targetHints":{"allow":["GET"]}}],"collection":[{"href":"https:\/\/www.europesays.com\/fr\/wp-json\/wp\/v2\/posts"}],"about":[{"href":"https:\/\/www.europesays.com\/fr\/wp-json\/wp\/v2\/types\/post"}],"author":[{"embeddable":true,"href":"https:\/\/www.europesays.com\/fr\/wp-json\/wp\/v2\/users\/2"}],"replies":[{"embeddable":true,"href":"https:\/\/www.europesays.com\/fr\/wp-json\/wp\/v2\/comments?post=562792"}],"version-history":[{"count":0,"href":"https:\/\/www.europesays.com\/fr\/wp-json\/wp\/v2\/posts\/562792\/revisions"}],"wp:featuredmedia":[{"embeddable":true,"href":"https:\/\/www.europesays.com\/fr\/wp-json\/wp\/v2\/media\/562793"}],"wp:attachment":[{"href":"https:\/\/www.europesays.com\/fr\/wp-json\/wp\/v2\/media?parent=562792"}],"wp:term":[{"taxonomy":"category","embeddable":true,"href":"https:\/\/www.europesays.com\/fr\/wp-json\/wp\/v2\/categories?post=562792"},{"taxonomy":"post_tag","embeddable":true,"href":"https:\/\/www.europesays.com\/fr\/wp-json\/wp\/v2\/tags?post=562792"}],"curies":[{"name":"wp","href":"https:\/\/api.w.org\/{rel}","templated":true}]}}