{"id":562798,"date":"2025-11-27T18:15:16","date_gmt":"2025-11-27T18:15:16","guid":{"rendered":"https:\/\/www.europesays.com\/fr\/562798\/"},"modified":"2025-11-27T18:15:16","modified_gmt":"2025-11-27T18:15:16","slug":"orlando-le-frere-de-dalida-defend-le-geste-affectueux-de-ceux-qui-touchent-la-poitrine-de-sa-statue","status":"publish","type":"post","link":"https:\/\/www.europesays.com\/fr\/562798\/","title":{"rendered":"Orlando, le fr\u00e8re de Dalida, d\u00e9fend le \u00ab\u00a0geste affectueux\u00a0\u00bb de ceux qui touchent la poitrine de sa statue"},"content":{"rendered":"<p>Orlando, <a href=\"https:\/\/www.20minutes.fr\/arts-stars\/people\/4120604-20241110-orlando-confirme-dalida-francois-mitterrand-liaison\" target=\"_blank\" class=\"c-link c-link--is-underlined\" rel=\"noopener\">le fr\u00e8re de Dalida<\/a>, n\u2019est pas du tout g\u00ean\u00e9 par les touristes touchant la poitrine sur le buste en m\u00e9tal de sa s\u0153ur \u00e9rig\u00e9 en\u00a01997 place Dalida, \u00e0 Montmartre, pour se porter \u00ab\u00a0bonheur\u00a0\u00bb. L\u2019artiste y voit m\u00eame un \u00ab\u00a0geste affectueux\u00a0\u00bb, comme il l\u2019a r\u00e9cemment confi\u00e9 \u00e0 RTL, alors que cette tendance de longue date a \u00e9t\u00e9 d\u00e9nonc\u00e9e par des \u00e9lus \u00e9cologistes, qui ont d\u00e9pos\u00e9 le 20\u00a0novembre un v\u0153u aupr\u00e8s du Conseil de Paris pour des mesures mettant fin \u00e0 ces actes ayant contribu\u00e9 \u00e0 \u00e9claircir le bronze de la statue \u00e0 cet endroit.<\/p>\n<p>\u00ab\u00a0Ces gestes rel\u00e8vent d\u2019une forme de banalisation du contact non consenti avec la repr\u00e9sentation du corps f\u00e9minin et traduisent une persistance symbolique d\u2019appropriation du corps des femmes dans l\u2019espace public\u00a0\u00bb, ont-ils notamment d\u00e9plor\u00e9, selon <a href=\"https:\/\/www.leparisien.fr\/paris-75\/paris-75018\/a-paris-faut-il-proteger-les-seins-de-dalida-des-mains-baladeuses-21-11-2025-GZ2GMMIRFRAJZON5W6TCRZ3N2U.php?ts=1764058343327\" rel=\"nofollow noopener\" target=\"_blank\" class=\"c-link c-link--is-underlined\">Le Parisien<\/a>, ajoutant\u00a0: \u00ab\u00a0Ces mises en sc\u00e8ne d\u2019actes mimant une agression sexuelle participent \u00e0 la culture de l\u2019impunit\u00e9\u00a0\u00bb.<\/p>\n<p>Une forme \u00ab\u00a0d\u2019admiration\u00a0\u00bb<\/p>\n<p>Mais pour Orlando, cette pol\u00e9mique n\u2019a pas lieu d\u2019\u00eatre. \u00ab\u00a0Il faut arr\u00eater le ridicule, m\u00eame si \u00e7a ne tue pas\u00a0\u00bb, a-t-il tranch\u00e9 hier au micro de Marc-Olivier Fogiel <a href=\"https:\/\/www.rtl.fr\/programmes\/face-a-fogiel\" rel=\"nofollow noopener\" target=\"_blank\" class=\"c-link c-link--is-underlined\">sur RTL<\/a>. \u00ab\u00a0\u00c7a fait un moment d\u00e9j\u00e0 que le buste de Dalida, \u00e0 force de le toucher, on dirait qu\u2019il a un soutien-gorge dor\u00e9 maintenant\u00a0\u00bb, a ajout\u00e9 celui qui n\u2019y voit non pas un \u00ab\u00a0acte irrespectueux\u00a0\u00bb, mais un \u00ab\u00a0geste, peut-\u00eatre, affectueux, d\u2019admiration\u00a0\u00bb.<\/p>\n<p>Le fr\u00e8re de <a href=\"https:\/\/www.20minutes.fr\/arts-stars\/cinema\/2910631-20201117-mourir-peut-attendre-chanson-dalida-bande-originale-prochain-james-bond\" target=\"_blank\" class=\"c-link c-link--is-underlined\" rel=\"noopener\">Dalida<\/a>, d\u00e9c\u00e9d\u00e9e par suicide \u00e0 54 ans il y a pr\u00e8s de 40 ans, pr\u00e9conise un peu de \u00ab\u00a0recul\u00a0\u00bb. \u00ab\u00a0Il para\u00eet que \u00e7a porte bonheur.\u202fTant mieux\u00a0!\u00a0\u00bb, a-t-il estim\u00e9, relevant que l\u2019\u0153uvre contribuait par cette \u00ab\u00a0l\u00e9gende\u00a0\u00bb \u00e0 \u00ab\u00a0attirer des touristes\u00a0\u00bb. \u00ab\u00a0Pourquoi priver les gens s\u2019ils en sont persuad\u00e9s\u00a0? Tant mieux pour eux. C\u2019est une l\u00e9gende. Il ne faut pas prendre tout au s\u00e9rieux. Il faut prendre (\u00e7a) avec du recul. Et puis il ne faut pas oublier que ce n\u2019est qu\u2019une statue, ce n\u2019est pas Dalida\u00a0\u00bb.<\/p>\n<p>Quant aux propositions des \u00e9lus m\u00e9contents, qui souhaitent que la Ville de Paris autorise des am\u00e9nagements pour prot\u00e9ger le buste, en installant par exemple des barri\u00e8res et panneaux p\u00e9dagogiques ou en sur\u00e9levant le socle de l\u2019\u0153uvre pour la tenir \u00e0 distance des mains baladeuses, Orlando esp\u00e8re qu\u2019on lui demandera au moins \u00ab\u00a0(s) on avis\u00a0\u00bb. Pour ce qui est des barri\u00e8res et panneaux, il l\u2019a d\u00e9j\u00e0 donn\u00e9\u00a0: \u00ab\u00a0Ridicule\u00a0\u00bb, a-t-il temp\u00eat\u00e9, rappelant aussi qu\u2019il avait \u00ab\u00a0(s) on mot \u00e0 dire\u00a0\u00bb du fait qu\u2019il a \u00ab\u00a0offert cette statue\u00a0\u00bb \u00e0 la ville. \u00ab\u00a0\u00c7a contribue \u00e0 la l\u00e9gende de Dalida\u00a0\u00bb, a conclu <a href=\"https:\/\/www.20minutes.fr\/arts-stars\/television\/4045413-20230804-dalida-orlando-ames-urs-arte-montre-petit-frere-derriere-grande-star\" target=\"_blank\" class=\"c-link c-link--is-underlined\" rel=\"noopener\">Orlando<\/a>, pour qui sa s\u0153ur \u00e9tait avant tout une \u00ab\u00a0avant-gardiste\u00a0\u00bb et \u00ab\u00a0pasionaria\u00a0\u00bb.<\/p>\n","protected":false},"excerpt":{"rendered":"Orlando, le fr\u00e8re de Dalida, n\u2019est pas du tout g\u00ean\u00e9 par les touristes touchant la poitrine sur le&hellip;\n","protected":false},"author":2,"featured_media":562799,"comment_status":"","ping_status":"","sticky":false,"template":"","format":"standard","meta":{"footnotes":""},"categories":[1359],"tags":[2617,30521,58,59,1011,27,5553,45887,57492,973,2700,133],"class_list":{"0":"post-562798","1":"post","2":"type-post","3":"status-publish","4":"format-standard","5":"has-post-thumbnail","7":"category-people","8":"tag-conseil-de-paris","9":"tag-dalida","10":"tag-divertissement","11":"tag-entertainment","12":"tag-fr","13":"tag-france","14":"tag-le-parisien","15":"tag-marc-olivier-fogiel","16":"tag-orlando","17":"tag-people","18":"tag-rtl","19":"tag-video"},"share_on_mastodon":{"url":"https:\/\/pubeurope.com\/@fr\/115623029965512746","error":""},"_links":{"self":[{"href":"https:\/\/www.europesays.com\/fr\/wp-json\/wp\/v2\/posts\/562798","targetHints":{"allow":["GET"]}}],"collection":[{"href":"https:\/\/www.europesays.com\/fr\/wp-json\/wp\/v2\/posts"}],"about":[{"href":"https:\/\/www.europesays.com\/fr\/wp-json\/wp\/v2\/types\/post"}],"author":[{"embeddable":true,"href":"https:\/\/www.europesays.com\/fr\/wp-json\/wp\/v2\/users\/2"}],"replies":[{"embeddable":true,"href":"https:\/\/www.europesays.com\/fr\/wp-json\/wp\/v2\/comments?post=562798"}],"version-history":[{"count":0,"href":"https:\/\/www.europesays.com\/fr\/wp-json\/wp\/v2\/posts\/562798\/revisions"}],"wp:featuredmedia":[{"embeddable":true,"href":"https:\/\/www.europesays.com\/fr\/wp-json\/wp\/v2\/media\/562799"}],"wp:attachment":[{"href":"https:\/\/www.europesays.com\/fr\/wp-json\/wp\/v2\/media?parent=562798"}],"wp:term":[{"taxonomy":"category","embeddable":true,"href":"https:\/\/www.europesays.com\/fr\/wp-json\/wp\/v2\/categories?post=562798"},{"taxonomy":"post_tag","embeddable":true,"href":"https:\/\/www.europesays.com\/fr\/wp-json\/wp\/v2\/tags?post=562798"}],"curies":[{"name":"wp","href":"https:\/\/api.w.org\/{rel}","templated":true}]}}