{"id":562800,"date":"2025-11-27T18:16:16","date_gmt":"2025-11-27T18:16:16","guid":{"rendered":"https:\/\/www.europesays.com\/fr\/562800\/"},"modified":"2025-11-27T18:16:16","modified_gmt":"2025-11-27T18:16:16","slug":"le-louvre-va-augmenter-de-45-son-prix-dentree-pour-les-visiteurs-extra-europeens","status":"publish","type":"post","link":"https:\/\/www.europesays.com\/fr\/562800\/","title":{"rendered":"Le Louvre va augmenter de 45% son prix d&rsquo;entr\u00e9e pour les visiteurs extra-europ\u00e9ens"},"content":{"rendered":"\n<p class=\"c-chapo \">\n  A partir du 14 janvier, les ressortissants hors Espace \u00e9conomique europ\u00e9en devront s&rsquo;acquitter de 32 euros pour d\u00e9ambuler dans le mus\u00e9e le plus visit\u00e9 du monde, soit 10\u00a0euros de plus que le prix d&rsquo;entr\u00e9e actuel.\n<\/p>\n<p>      lire plus tard<\/p>\n<p id=\"dialog__title\" class=\"dialog__title\">Pour sauvegarder cet article, connectez-vous ou cr\u00e9ez un compte franceinfo<\/p>\n<p class=\"dialog__description\">Sans paiement. Sans abonnement.<\/p>\n<p>        Fermer la fen\u00eatre d\u2019activation des notifications France Info<\/p>\n<p>      cr\u00e9er votre compte<\/p>\n<p>      se connecter<\/p>\n<p>        Fermer la fen\u00eatre de pr\u00e9sentation<\/p>\n<p>    <img loading=\"lazy\" decoding=\"async\" class=\"signature__image lazyload\" width=\"100\" height=\"100\" data- alt=\"\" src=\"https:\/\/www.europesays.com\/fr\/wp-content\/uploads\/2025\/05\/64a68815cd1a7_placeholder-36b69ec8.png\"\/><\/p>\n<p>    Publi\u00e9 le 27\/11\/2025 18:18<\/p>\n<p>      Mis \u00e0 jour le 27\/11\/2025 18:29<\/p>\n<p>        Temps de lecture : 1min<\/p>\n<p>    <img decoding=\"async\"  alt=\"Des visiteurs font la queue, pour entrer au mus\u00e9e du Louvre, \u00e0 c\u00f4t\u00e9 de la pyramide du Louvre, \u00e0 Paris, le 22 octobre 2025. (THIBAUD MORITZ \/ AFP)\" width=\"432\" height=\"243\" src=\"https:\/\/www.europesays.com\/fr\/wp-content\/uploads\/2025\/11\/000-86e68ke-692889537a128021323777.jpg\" fetchpriority=\"high\"\/><\/p>\n<p>      Des visiteurs font la queue, pour entrer au mus\u00e9e du Louvre, \u00e0 c\u00f4t\u00e9 de la pyramide du Louvre, \u00e0 Paris, le 22 octobre 2025. (THIBAUD MORITZ \/ AFP)<\/p>\n<p><a href=\"https:\/\/www.franceinfo.fr\/faits-divers\/cambriolage-au-musee-du-louvre\/cambriolage-au-musee-du-louvre-un-quatrieme-suspect-interpelle-les-bijoux-toujours-pas-retrouves_7638929.html\" target=\"_blank\" rel=\"noopener\" data-tooltip-url=\"https:\/\/www.franceinfo.fr\/faits-divers\/cambriolage-au-musee-du-louvre\/cambriolage-au-musee-du-louvre-un-quatrieme-suspect-interpelle-les-bijoux-toujours-pas-retrouves_7638929.html\">Le mus\u00e9e du Louvre<\/a> a d\u00e9cid\u00e9, jeudi 27\u00a0novembre, d&rsquo;augmenter de 45% le prix du billet d&rsquo;entr\u00e9e pour ses visiteurs extra-europ\u00e9ens \u00e0 compter de 2026, une mesure promue par le gouvernement et d\u00e9nonc\u00e9e par les syndicats, ont annonc\u00e9 le mus\u00e9e et des organisations de salari\u00e9s.<\/p>\n<p>A partir du 14 janvier, les ressortissants hors Espace \u00e9conomique europ\u00e9en (EEE, qui comprend l&rsquo;Union europ\u00e9enne, l&rsquo;Islande, le Liechtenstein et la Norv\u00e8ge) devront s&rsquo;acquitter de 32\u00a0euros pour d\u00e9ambuler dans le mus\u00e9e le plus visit\u00e9 du monde, soit 10 euros de plus que le prix d&rsquo;entr\u00e9e actuel.<\/p>\n","protected":false},"excerpt":{"rendered":"A partir du 14 janvier, les ressortissants hors Espace \u00e9conomique europ\u00e9en devront s&rsquo;acquitter de 32 euros pour d\u00e9ambuler&hellip;\n","protected":false},"author":2,"featured_media":562801,"comment_status":"","ping_status":"","sticky":false,"template":"","format":"standard","meta":{"footnotes":""},"categories":[1358],"tags":[1348,1384,1385,1386,58,59,1011,27],"class_list":{"0":"post-562800","1":"post","2":"type-post","3":"status-publish","4":"format-standard","5":"has-post-thumbnail","7":"category-arts-et-design","8":"tag-arts","9":"tag-arts-and-design","10":"tag-arts-et-design","11":"tag-design","12":"tag-divertissement","13":"tag-entertainment","14":"tag-fr","15":"tag-france"},"share_on_mastodon":{"url":"https:\/\/pubeurope.com\/@fr\/115623034684947082","error":""},"_links":{"self":[{"href":"https:\/\/www.europesays.com\/fr\/wp-json\/wp\/v2\/posts\/562800","targetHints":{"allow":["GET"]}}],"collection":[{"href":"https:\/\/www.europesays.com\/fr\/wp-json\/wp\/v2\/posts"}],"about":[{"href":"https:\/\/www.europesays.com\/fr\/wp-json\/wp\/v2\/types\/post"}],"author":[{"embeddable":true,"href":"https:\/\/www.europesays.com\/fr\/wp-json\/wp\/v2\/users\/2"}],"replies":[{"embeddable":true,"href":"https:\/\/www.europesays.com\/fr\/wp-json\/wp\/v2\/comments?post=562800"}],"version-history":[{"count":0,"href":"https:\/\/www.europesays.com\/fr\/wp-json\/wp\/v2\/posts\/562800\/revisions"}],"wp:featuredmedia":[{"embeddable":true,"href":"https:\/\/www.europesays.com\/fr\/wp-json\/wp\/v2\/media\/562801"}],"wp:attachment":[{"href":"https:\/\/www.europesays.com\/fr\/wp-json\/wp\/v2\/media?parent=562800"}],"wp:term":[{"taxonomy":"category","embeddable":true,"href":"https:\/\/www.europesays.com\/fr\/wp-json\/wp\/v2\/categories?post=562800"},{"taxonomy":"post_tag","embeddable":true,"href":"https:\/\/www.europesays.com\/fr\/wp-json\/wp\/v2\/tags?post=562800"}],"curies":[{"name":"wp","href":"https:\/\/api.w.org\/{rel}","templated":true}]}}