{"id":562815,"date":"2025-11-27T18:25:20","date_gmt":"2025-11-27T18:25:20","guid":{"rendered":"https:\/\/www.europesays.com\/fr\/562815\/"},"modified":"2025-11-27T18:25:20","modified_gmt":"2025-11-27T18:25:20","slug":"lelectricite-est-elle-moins-chere-chez-nos-voisins-europeens","status":"publish","type":"post","link":"https:\/\/www.europesays.com\/fr\/562815\/","title":{"rendered":"L\u2019\u00e9lectricit\u00e9 est-elle moins ch\u00e8re chez nos voisins europ\u00e9ens\u00a0?"},"content":{"rendered":"<p>Peut-on se permettre de chauffer \u00e0 l\u2019\u00e9lectrique son appart sans trop s\u2019inqui\u00e9ter de <a href=\"https:\/\/www.20minutes.fr\/dossier\/pouvoir_d_achat\" class=\"c-link c-link--is-underlined\" target=\"_blank\" rel=\"noopener\">la facture<\/a> en Hongrie ou en Allemagne\u00a0? En Gr\u00e8ce plut\u00f4t qu\u2019en <a href=\"https:\/\/www.20minutes.fr\/france\/\" class=\"c-link c-link--is-underlined\" target=\"_blank\" rel=\"noopener\">France<\/a>\u00a0? Alors que le gouvernement a annonc\u00e9 mardi qu\u2019il r\u00e9fl\u00e9chissait \u00e0 baisser <a href=\"https:\/\/www.20minutes.fr\/economie\/4174913-20250924-inquiete-finances-edf-cour-comptes-preconise-meilleur-partage\" target=\"_blank\" class=\"c-link c-link--is-underlined\" rel=\"noopener\">le prix de l\u2019\u00e9lectricit\u00e9<\/a> pour les m\u00e9nages et les entreprises, c\u00f4t\u00e9 courbe des prix du KWH en Europe, c\u2019est pour l\u2019instant, selon les donn\u00e9es de\u00a02024, plut\u00f4t le grand huit. Celui-ci varie grandement en effet selon les pays d\u2019Europe et m\u00eame dans l\u2019<a href=\"https:\/\/www.20minutes.fr\/dossier\/ue\" class=\"c-link c-link--is-underlined\" target=\"_blank\" rel=\"noopener\">Union europ\u00e9enne<\/a>, avec une fourchette allant de 0,10 euro \u00e0 0,39 euro le kWh. Et la France dans tout \u00e7a\u00a0?<\/p>\n<p>Dans l\u2019hexagone, le prix moyen de l\u2019\u00e9lectricit\u00e9 pour les particuliers \u00e9tait de 0,29 euro\/kWh en\u00a02024, soit un peu au-dessus de la moyenne europ\u00e9enne. M\u00eame si cela a baiss\u00e9 en\u00a02025. En ce mois novembre, un seul kWh d\u2019\u00e9lectricit\u00e9 co\u00fbte, au tarif r\u00e9glement\u00e9 dont b\u00e9n\u00e9ficient plus de 20\u00a0millions de m\u00e9nages, <a href=\"https:\/\/www.cre.fr\/fileadmin\/Documents\/Rapports_et_etudes\/2025\/Observatoire_T1_2025.pdf\" rel=\"nofollow noopener\" target=\"_blank\" class=\"c-link c-link--is-underlined\">0,1952 euros du kWh, selon la Commission de r\u00e9gulation de l\u2019\u00e9nergie<\/a>.<\/p>\n<p>Pour savoir comment le prix du kWh est d\u00e9fini, il faut regarder du c\u00f4t\u00e9 de la mani\u00e8re dont chaque pays produit son \u00e9lectricit\u00e9. Tout d\u00e9pend de la d\u00e9pendance, ou pas, aux \u00e9nergies fossiles. Lorsque la production provient principalement du nucl\u00e9aire (comme en France) ou de l\u2019hydro\u00e9lectricit\u00e9 comme en <a href=\"https:\/\/www.20minutes.fr\/dossier\/norvege\" class=\"c-link c-link--is-underlined\" target=\"_blank\" rel=\"noopener\">Norv\u00e8ge<\/a> o\u00f9 cela repr\u00e9sente plus de 90\u00a0% de l\u2019\u00e9lectricit\u00e9 produite (pays qui ne fait pas partie de l\u2019Union europ\u00e9enne), les co\u00fbts de production sont plus stables, et donc plus pr\u00e9visibles et finalement plus bas. \u00c0 l\u2019inverse, lorsque la production provient largement du gaz, du <a href=\"https:\/\/www.20minutes.fr\/planete\/4187019-20251121-electricite-deux-dernieres-centrales-charbon-remettent-service-hiver\" target=\"_blank\" class=\"c-link c-link--is-underlined\" rel=\"noopener\">charbon comme en Allemagne<\/a>, en Pologne, en Irlande ou aux Pays-Bas, les m\u00e9nages subissent plus directement la volatilit\u00e9 des march\u00e9s internationaux.<\/p>\n<\/p>\n<p>Selon <a href=\"https:\/\/ec.europa.eu\/eurostat\/databrowser\/view\/nrg_pc_204__custom_18201574\/bookmark\/table?lang=fr&amp;bookmarkId=649f7008-4bd3-4345-be7d-929c1fac086e&amp;c=1759135376000\" rel=\"nofollow noopener\" target=\"_blank\" class=\"c-link c-link--is-underlined\">les donn\u00e9es de\u00a02024 d\u2019Eurosat<\/a>, les pays o\u00f9 les particuliers payent en moyenne (en\u00a02024) le kWh d\u2019\u00e9lectricit\u00e9 le plus cher pour ne citer que le haut du tableau sont\u00a0: l\u2019Allemagne (0,39 euro du kWh), le Danemark et l\u2019Irlande (0,37 du kWh), la Belgique (0,33 du kWh)\u2026<\/p>\n<p>L\u2019Italie (environ 0,31 du kWh) se situe dans le milieu du tableau, mais juste au-dessus de la France (0,29), alors qu\u2019au <a href=\"https:\/\/www.20minutes.fr\/dossier\/portugal\" class=\"c-link c-link--is-underlined\" target=\"_blank\" rel=\"noopener\">Portugal<\/a> (0,26 du kWh), en Espagne (environ 0,25) ou aux Pays-Bas comme en Gr\u00e8ce (environ 0,23), pour ne citer qu\u2019eux, on paye donc d\u00e9j\u00e0 moins cher le kWh en moyenne.<\/p>\n<p>Et pour pouvoir se promener tranquillou en maillot de bain dans son logement en plein hiver, mieux vaut aller vivre en Slovaquie, en Croatie, \u00e0 Malte, en Bulgarie ou en Hongrie, le pays o\u00f9 l\u2019\u00e9lectricit\u00e9 est la moins ch\u00e8re, soit trois fois moins environ qu\u2019en France avec 0,10 euro environ du kWh.<\/p>\n<p>Le mix \u00e9nerg\u00e9tique<\/p>\n<p>Des diff\u00e9rences de prix entre les pays qui s\u2019expliquent donc, comme souvent, de diff\u00e9rents facteurs. On parle l\u00e0 du mix \u00e9nerg\u00e9tique. La France, dont <a href=\"https:\/\/www.20minutes.fr\/planete\/4180859-20251026-transition-energetique-facture-electricite-risque-augmenter-quelques-jours\" target=\"_blank\" class=\"c-link c-link--is-underlined\" rel=\"noopener\">la production nationale d\u2019\u00e9lectricit\u00e9 provient du nucl\u00e9aire<\/a> avoisine les 70\u00a0%, a l\u2019avantage d\u2019avoir un co\u00fbt de production plus stable et <a href=\"https:\/\/www.20minutes.fr\/planete\/4171874-20250909-electricite-quoi-desaccord-entre-france-europe-fait-barrage-barrages\" target=\"_blank\" class=\"c-link c-link--is-underlined\" rel=\"noopener\">il est surtout moins d\u00e9pendant<\/a> du prix du gaz ou du p\u00e9trole, tr\u00e8s volatils sur les march\u00e9s, notamment en ces temps de crises internationales. De plus, comme la part de plus en plus importante des \u00e9nergies renouvelables dans le mix fran\u00e7ais, le prix marginal (c\u2019est-\u00e0-dire le co\u00fbt du dernier kWh produit) est \u00e9galement mieux ma\u00eetris\u00e9, ce qui limite partiellement l\u2019envol\u00e9e des prix lorsque le march\u00e9 se tend.<\/p>\n<p>La fiscalit\u00e9, ce levier sur lequel veut agir le gouvernement<\/p>\n<p>Autre levier qui explique les diff\u00e9rences entre les pays, la fiscalit\u00e9. Et c\u2019est sur ce volet que Roland Lescure, <a href=\"https:\/\/www.20minutes.fr\/dossier\/ministre_de_l_economie\" class=\"c-link c-link--is-underlined\" target=\"_blank\" rel=\"noopener\">ministre de l\u2019Economie<\/a>, a indiqu\u00e9 que le gouvernement pourrait \u00ab\u00a0regarder de mani\u00e8re s\u00e9rieuse des amendements\u00a0\u00bb visant \u00e0 baisser \u00ab\u00a0les accises sur l\u2019\u00e9lectricit\u00e9, qui sont des formes de taxes\u00a0\u00bb. L\u2019Allemagne est l\u2019exemple le plus parlant, <a href=\"https:\/\/particuliers.engie.fr\/electricite\/conseils-electricite\/conseils-tarifs-electricite\/prix-electricite-europe.html\" rel=\"nofollow noopener\" target=\"_blank\" class=\"c-link c-link--is-underlined\">analyse Engie<\/a>. \u00ab\u00a0Le pays a choisi de taxer fortement l\u2019\u00e9lectricit\u00e9 pour investir dans la transition \u00e9nerg\u00e9tique, soutenir les \u00e9nergies renouvelables et la transformation des infrastructures. C\u2019est une des raisons qui expliquent pourquoi le prix au kWh est au-dessus de la moyenne de la <a href=\"https:\/\/www.20minutes.fr\/economie\/zone_euro\/\" class=\"c-link c-link--is-underlined\" target=\"_blank\" rel=\"noopener\">zone euro<\/a>.\u00a0\u00bb A l\u2019oppos\u00e9 de cette strat\u00e9gie, certains pays europ\u00e9ens maintiennent des tarifs au kWh pour les m\u00e9nages largement en dessous de la moyenne europ\u00e9enne, en utilisant le levier de la fiscalit\u00e9. C\u2019est ce qui explique le cas de la Hongrie, qui applique une TVA r\u00e9duite et dont l\u2019\u00c9tat encadre les prix et o\u00f9 les charges fiscales sur l\u2019\u00e9lectricit\u00e9 sont limit\u00e9es.<\/p>\n<p>La complexit\u00e9 de baisser les taxes<\/p>\n<p>En France, baisser les taxes semble compliqu\u00e9. \u00ab\u00a0Si vous les baissez, c\u2019est une baisse de la facture\u00a0\u00bb mais \u00ab\u00a0il faut qu\u2019on trouve les mani\u00e8res de financer de potentielles baisses de taxes\u00a0\u00bb, a soulign\u00e9 Roland Lescure qui a par ailleurs mis en garde contre \u00ab\u00a0les formules magiques\u00a0\u00bb, telles que la baisse de la TVA sur l\u2019\u00e9lectricit\u00e9. L\u2019id\u00e9e qui serait dans les tuyaux et qui est <a href=\"https:\/\/www.publicsenat.fr\/actualites\/parlementaire\/suppression-de-la-taxe-sur-les-entreprises-taxe-sur-les-petits-colis-impot-sur-le-revenu-energie-comment-la-majorite-senatoriale-va-modifier-le-budget\" rel=\"nofollow noopener\" target=\"_blank\" class=\"c-link c-link--is-underlined\">amend\u00e9e par le S\u00e9nat<\/a>, serait de baisser les accises sur l\u2019\u00e9lectricit\u00e9 mais en augmentant celles sur le gaz, pour un rapprochement de la fiscalit\u00e9 appliqu\u00e9e \u00e0 l\u2019\u00e9lectricit\u00e9 \u00e0 celle du gaz, et assurer ainsi la coh\u00e9rence des politiques publiques en faveur de la transition \u00e9nerg\u00e9tique.<\/p>\n<p><a href=\"https:\/\/www.20minutes.fr\/magazine\/transition-energetique-mag\/\" class=\"c-link c-btn c-btn--primary\" target=\"_blank\" rel=\"noopener\">Notre dossier sur la transition \u00e9nerg\u00e9tique<\/a><\/p>\n<p>Cons\u00e9quence concr\u00e8te, une baisse des factures pour les m\u00e9nages qui se chauffent au tout \u00e9lectrique, mais en contrepartie une hausse des factures pour ceux qui se chauffent au gaz. Ce qui n\u2019est pas forc\u00e9ment une bonne nouvelle pour les m\u00e9nages qui n\u2019ont \u00ab\u00a0pas d\u2019autre choix que de se chauffer au gaz\u00a0\u00bb, explique \u00e0 20 Minutes Clarisse Berger, charg\u00e9e de mission \u00e9nergie et logement \u00e0 <a href=\"https:\/\/www.quechoisir.org\/enquete-electricite-une-hausse-des-prix-en-2026-n171128\/\" rel=\"nofollow noopener\" target=\"_blank\" class=\"c-link c-link--is-underlined\">l\u2019UFC Que Choisir<\/a>. \u00ab\u00a0Comme de nombreux locataires n\u2019ont aucun moyen de basculer vers de l\u2019\u00e9lectrique, ils vont donc \u00eatre p\u00e9nalis\u00e9s. Il y a quand m\u00eame 60\u00a0% de m\u00e9nages dans le parc social qui sont chauff\u00e9s au gaz\u00a0\u00bb, souligne Clarisse Berger. Reste \u00e0 pr\u00e9sent au gouvernement de longues et d\u00e9licates discussions pour le budget 2026.<\/p>\n","protected":false},"excerpt":{"rendered":"Peut-on se permettre de chauffer \u00e0 l\u2019\u00e9lectrique son appart sans trop s\u2019inqui\u00e9ter de la facture en Hongrie ou&hellip;\n","protected":false},"author":2,"featured_media":562816,"comment_status":"","ping_status":"","sticky":false,"template":"","format":"standard","meta":{"footnotes":""},"categories":[6],"tags":[47,1003,35,27378,33,34,579,893,652,590,1011,27,418,8235,5654,316,2922,24524,2549,4426],"class_list":{"0":"post-562815","1":"post","2":"type-post","3":"status-publish","4":"format-standard","5":"has-post-thumbnail","7":"category-economie","8":"tag-actualite","9":"tag-budget","10":"tag-business","11":"tag-chauffage","12":"tag-economie","13":"tag-economy","14":"tag-electricite","15":"tag-energie","16":"tag-famille","17":"tag-finance","18":"tag-fr","19":"tag-france","20":"tag-gouvernement","21":"tag-ministre-de-leconomie","22":"tag-nucleaire","23":"tag-politique","24":"tag-pouvoir-dachat","25":"tag-prix-de-lelectricite","26":"tag-taxe","27":"tag-transition-energetique"},"share_on_mastodon":{"url":"https:\/\/pubeurope.com\/@fr\/115623069228364260","error":""},"_links":{"self":[{"href":"https:\/\/www.europesays.com\/fr\/wp-json\/wp\/v2\/posts\/562815","targetHints":{"allow":["GET"]}}],"collection":[{"href":"https:\/\/www.europesays.com\/fr\/wp-json\/wp\/v2\/posts"}],"about":[{"href":"https:\/\/www.europesays.com\/fr\/wp-json\/wp\/v2\/types\/post"}],"author":[{"embeddable":true,"href":"https:\/\/www.europesays.com\/fr\/wp-json\/wp\/v2\/users\/2"}],"replies":[{"embeddable":true,"href":"https:\/\/www.europesays.com\/fr\/wp-json\/wp\/v2\/comments?post=562815"}],"version-history":[{"count":0,"href":"https:\/\/www.europesays.com\/fr\/wp-json\/wp\/v2\/posts\/562815\/revisions"}],"wp:featuredmedia":[{"embeddable":true,"href":"https:\/\/www.europesays.com\/fr\/wp-json\/wp\/v2\/media\/562816"}],"wp:attachment":[{"href":"https:\/\/www.europesays.com\/fr\/wp-json\/wp\/v2\/media?parent=562815"}],"wp:term":[{"taxonomy":"category","embeddable":true,"href":"https:\/\/www.europesays.com\/fr\/wp-json\/wp\/v2\/categories?post=562815"},{"taxonomy":"post_tag","embeddable":true,"href":"https:\/\/www.europesays.com\/fr\/wp-json\/wp\/v2\/tags?post=562815"}],"curies":[{"name":"wp","href":"https:\/\/api.w.org\/{rel}","templated":true}]}}