{"id":562817,"date":"2025-11-27T18:26:13","date_gmt":"2025-11-27T18:26:13","guid":{"rendered":"https:\/\/www.europesays.com\/fr\/562817\/"},"modified":"2025-11-27T18:26:13","modified_gmt":"2025-11-27T18:26:13","slug":"kiev-annonce-la-reprise-en-fin-de-semaine-des-discussions-de-paix-avec-les-etats-unis","status":"publish","type":"post","link":"https:\/\/www.europesays.com\/fr\/562817\/","title":{"rendered":"Kiev annonce la reprise, en fin de semaine, des discussions de paix avec les Etats-Unis"},"content":{"rendered":"<p>   Paix en Ukraine\u00a0: l\u2019Europe sceptique face aux intentions de Poutine             <\/p>\n<p class=\"post__live-container--answer-text post__space-node\">On saura vite si le pr\u00e9sident russe Vladimir Poutine a une \u00ab\u00a0intention r\u00e9elle\u00a0\u00bb de faire la paix avec l\u2019Ukraine, a d\u00e9clar\u00e9, jeudi, le ministre de la d\u00e9fense italien, Guido Crosetto, aux journalistes \u00e0 l\u2019ambassade d\u2019Italie \u00e0 Paris apr\u00e8s avoir rencontr\u00e9 son homologue fran\u00e7aise, Catherine Vautrin.<\/p>\n<p class=\"post__live-container--answer-text post__space-node\">Guido Crosetto, cofondateur du parti au pouvoir de la premi\u00e8re ministre de droite Giorgia Meloni, a \u00e9galement d\u00e9clar\u00e9 que les pays europ\u00e9ens ne devraient pas ignorer les difficult\u00e9s auxquelles feront face l\u2019Ukraine et la Russie quand elles passeront d\u2019une \u00e9conomie de guerre \u00e0 une activit\u00e9 normale. \u00ab\u00a0Je ne sais pas ce que Poutine a en t\u00eate\u00a0\u00bb, a ajout\u00e9 M.\u00a0Crosetto. \u00ab\u00a0Nous esp\u00e9rons que cette fois la Russie voudra vraiment s\u2019asseoir \u00e0 la table et n\u00e9gocier. Je ne suis pas optimiste\u00a0\u00bb, a-t-il affirm\u00e9, notant que la Russie recrutait encore des troupes et augmentait ses investissements militaires. \u00ab\u00a0Nous verrons dans les semaines \u00e0 venir \u2013 cela ne prendra pas longtemps pour comprendre \u2013 si Poutine a une r\u00e9elle intention\u00a0\u00bb de faire la paix, a-t-il dit.<\/p>\n<p class=\"post__live-container--answer-text post__space-node\">Il a \u00e9galement mis en garde sur le risque que l\u2019Europe, tout en aidant l\u2019Ukraine \u00e0 se reconstruire, ferme les yeux sur la transition post-guerre de la Russie, qui pourrait entra\u00eener reprise du conflit. \u00ab\u00a0Rappelez-vous ce qui s\u2019est pass\u00e9 en Europe lorsque, apr\u00e8s la premi\u00e8re guerre mondiale, les anciens combattants sont rentr\u00e9s chez eux et ont cr\u00e9\u00e9 les conditions de la mont\u00e9e du nazisme et du fascisme\u00a0\u00bb, a-t-il dit, faisant r\u00e9f\u00e9rence \u00e0 la mont\u00e9e des dictateurs Adolf Hitler et Benito Mussolini.<\/p>\n<p class=\"post__live-container--answer-text post__space-node\">\u00ab\u00a0Pensez aux deux millions et demi de Russes qui, apr\u00e8s avoir gagn\u00e9 trois fois le salaire russe normal, rentreront chez eux et devront trouver du travail. Quelle instabilit\u00e9 cela cr\u00e9era en Russie\u00a0!\u00a0\u00bb<\/p>\n","protected":false},"excerpt":{"rendered":"Paix en Ukraine\u00a0: l\u2019Europe sceptique face aux intentions de Poutine On saura vite si le pr\u00e9sident russe Vladimir&hellip;\n","protected":false},"author":2,"featured_media":562818,"comment_status":"","ping_status":"","sticky":false,"template":"","format":"standard","meta":{"footnotes":""},"categories":[5],"tags":[11,1011,27,14,12,28],"class_list":{"0":"post-562817","1":"post","2":"type-post","3":"status-publish","4":"format-standard","5":"has-post-thumbnail","7":"category-international","8":"tag-actualites","9":"tag-fr","10":"tag-france","11":"tag-international","12":"tag-news","13":"tag-world"},"share_on_mastodon":{"url":"https:\/\/pubeurope.com\/@fr\/115623073197681839","error":""},"_links":{"self":[{"href":"https:\/\/www.europesays.com\/fr\/wp-json\/wp\/v2\/posts\/562817","targetHints":{"allow":["GET"]}}],"collection":[{"href":"https:\/\/www.europesays.com\/fr\/wp-json\/wp\/v2\/posts"}],"about":[{"href":"https:\/\/www.europesays.com\/fr\/wp-json\/wp\/v2\/types\/post"}],"author":[{"embeddable":true,"href":"https:\/\/www.europesays.com\/fr\/wp-json\/wp\/v2\/users\/2"}],"replies":[{"embeddable":true,"href":"https:\/\/www.europesays.com\/fr\/wp-json\/wp\/v2\/comments?post=562817"}],"version-history":[{"count":0,"href":"https:\/\/www.europesays.com\/fr\/wp-json\/wp\/v2\/posts\/562817\/revisions"}],"wp:featuredmedia":[{"embeddable":true,"href":"https:\/\/www.europesays.com\/fr\/wp-json\/wp\/v2\/media\/562818"}],"wp:attachment":[{"href":"https:\/\/www.europesays.com\/fr\/wp-json\/wp\/v2\/media?parent=562817"}],"wp:term":[{"taxonomy":"category","embeddable":true,"href":"https:\/\/www.europesays.com\/fr\/wp-json\/wp\/v2\/categories?post=562817"},{"taxonomy":"post_tag","embeddable":true,"href":"https:\/\/www.europesays.com\/fr\/wp-json\/wp\/v2\/tags?post=562817"}],"curies":[{"name":"wp","href":"https:\/\/api.w.org\/{rel}","templated":true}]}}