{"id":562819,"date":"2025-11-27T18:27:16","date_gmt":"2025-11-27T18:27:16","guid":{"rendered":"https:\/\/www.europesays.com\/fr\/562819\/"},"modified":"2025-11-27T18:27:16","modified_gmt":"2025-11-27T18:27:16","slug":"8-francais-sur-10-approuvent-le-service-militaire-volontaire-annonce-par-macron","status":"publish","type":"post","link":"https:\/\/www.europesays.com\/fr\/562819\/","title":{"rendered":"8 Fran\u00e7ais sur 10 approuvent le service militaire volontaire annonc\u00e9 par Macron"},"content":{"rendered":"<p>\n    <strong>SONDAGE EXCLUSIF &#8211;<\/strong> Le pr\u00e9sident de la R\u00e9publique a annonc\u00e9 la mise en place d\u2019un \u00abnouveau service national\u00bb \u00e0 compter de l\u2019\u00e9t\u00e9 prochain. Selon une \u00e9tude Odoxa &#8211; Backbone Consulting pour\u00a0Le Figaro,\u00a061% regrettent la suppression du service militaire, et 88% sont favorables \u00e0 son retour.<\/p>\n<p class=\"fig-paragraph\">En d\u00e9placement \u00e0 Varces, en Is\u00e8re,<a href=\"http:\/\/www.lefigaro.fr\/international\/dossier\/service-militaire-volontaire-tout-comprendre-au-nouveau-dispositif-annonce-par-emmanuel-macron\" data-fig-type=\"Topic\" data-gtm-custom-categorie=\"navigation\" data-gtm-custom-action=\"crossclick\" data-gtm-custom-label=\"Contextuel\" data-gtm-event=\"customEventSPE\" data-fig-domain=\"LEFIGARO\" target=\"_blank\" rel=\"noopener\">\u00a0Emmanuel Macron a annonc\u00e9 ce jeudi le retour d\u2019un \u00abservice national\u00bb<\/a> \u00a0de dix mois. Un engagement volontaire \u00abpurement militaire\u00bb, destin\u00e9 aux jeunes majeurs, \u00e2g\u00e9s de 18 \u00e0 25 ans. L\u2019objectif\u00a0: \u00abr\u00e9pondre aux besoins des arm\u00e9es\u00bb face aux menaces russes et aux risques accrus de conflit. Une mesure tr\u00e8s largement salu\u00e9e par les Fran\u00e7ais, qui sont 80% \u00e0 l\u2019approuver, selon une \u00e9tude Odoxa &#8211; Backbone Consulting pour\u00a0Le Figaro. \u00abN\u2019\u00e9tant pas obligatoire, le service militaire enchante tout le monde, des Insoumis (63% approuvent) au Rassemblement national (82%) en passant par Les R\u00e9publicains (84%) et le Parti socialiste (83%)\u00bb, d\u00e9taille Ga\u00ebl Sliman, pr\u00e9sident d\u2019Odoxa.<\/p>\n<p class=\"fig-paragraph\">D\u2019apr\u00e8s cette enqu\u00eate, 61% regrettent la\u00a0<a href=\"https:\/\/www.lefigaro.fr\/international\/il-y-a-vingt-ans-la-conscription-etait-definitivement-suspendue-20210625\" data-fig-type=\"Article\" data-gtm-custom-categorie=\"navigation\" data-gtm-custom-action=\"crossclick\" data-gtm-custom-label=\"Contextuel\" data-gtm-event=\"customEventSPE\" data-fig-domain=\"LEFIGARO\" target=\"_blank\" rel=\"noopener\">suppression du service militaire<\/a>, et 88% sont favorables \u00e0 son retour. Un sondage Sofres pour Le Figaro Magazine du 3 f\u00e9vrier 1996 indiquait que les Fran\u00e7ais n\u2019\u00e9taient plus que 41% \u00e0 souhaiter le maintien du service national comme un service militaire, contre\u2026<\/p>\n<p class=\"fig-premium-paywall__infos\">\n        Cet article est r\u00e9serv\u00e9 aux abonn\u00e9s.        Il vous reste 73% \u00e0 d\u00e9couvrir.\n    <\/p>\n<p>                <img  data- alt=\"Le Figaro\" class=\"fig-img--complete fig-img\"\/><\/p>\n<p class=\"fig-premium-paywall__title\">Black Friday<\/p>\n<p class=\"fig-premium-paywall__subtitle\">-70% sur l&rsquo;abonnement num\u00e9rique<\/p>\n<p class=\"fig-premium-paywall__connect\">\n                D\u00e9j\u00e0 abonn\u00e9\u00a0?                <a class=\"fig-premium-paywall__connect-link\" href=\"https:\/\/connect.lefigaro.fr\/login?client=horizon_web&amp;type=main&amp;redirect_uri=https%3A%2F%2Fwww.lefigaro.fr%2Factualite-france%2F8-francais-sur-10-approuvent-le-service-militaire-volontaire-annonce-par-macron-20251127\" data-js-gtm=\"{&quot;customCategorie&quot;: &quot;conversion&quot;, &quot;customAction&quot;: &quot;before_Landing_Connexion_paywall_auto&quot;, &quot;customLabel&quot;: &quot;bGVmaWdhcm8uZnJfXzFmMGNiN2VhLWEzZGYtNjk2NC1hMGJlLTVkODUyMmYwZmU0Y19fQXJ0aWNsZQ==_8 Fran\u00e7ais sur 10 approuvent le service militaire volontaire annonc\u00e9 par Macron_295&quot;, &quot;customIDSPE&quot;: &quot;bGVmaWdhcm8uZnJfXzFmMGNiN2VhLWEzZGYtNjk2NC1hMGJlLTVkODUyMmYwZmU0Y19fQXJ0aWNsZQ==&quot;, &quot;event&quot;: &quot;customEventSPE&quot;}\" target=\"_blank\" rel=\"noopener\"><br \/>\n                    Connectez-vous<br \/>\n                <\/a>\n            <\/p>\n","protected":false},"excerpt":{"rendered":"SONDAGE EXCLUSIF &#8211; Le pr\u00e9sident de la R\u00e9publique a annonc\u00e9 la mise en place d\u2019un \u00abnouveau service national\u00bb&hellip;\n","protected":false},"author":2,"featured_media":562820,"comment_status":"","ping_status":"","sticky":false,"template":"","format":"standard","meta":{"footnotes":""},"categories":[4],"tags":[11,1011,27,12,25,29810],"class_list":{"0":"post-562819","1":"post","2":"type-post","3":"status-publish","4":"format-standard","5":"has-post-thumbnail","7":"category-france","8":"tag-actualites","9":"tag-fr","10":"tag-france","11":"tag-news","12":"tag-republique-francaise","13":"tag-service-militaire"},"share_on_mastodon":{"url":"https:\/\/pubeurope.com\/@fr\/115623077112999283","error":""},"_links":{"self":[{"href":"https:\/\/www.europesays.com\/fr\/wp-json\/wp\/v2\/posts\/562819","targetHints":{"allow":["GET"]}}],"collection":[{"href":"https:\/\/www.europesays.com\/fr\/wp-json\/wp\/v2\/posts"}],"about":[{"href":"https:\/\/www.europesays.com\/fr\/wp-json\/wp\/v2\/types\/post"}],"author":[{"embeddable":true,"href":"https:\/\/www.europesays.com\/fr\/wp-json\/wp\/v2\/users\/2"}],"replies":[{"embeddable":true,"href":"https:\/\/www.europesays.com\/fr\/wp-json\/wp\/v2\/comments?post=562819"}],"version-history":[{"count":0,"href":"https:\/\/www.europesays.com\/fr\/wp-json\/wp\/v2\/posts\/562819\/revisions"}],"wp:featuredmedia":[{"embeddable":true,"href":"https:\/\/www.europesays.com\/fr\/wp-json\/wp\/v2\/media\/562820"}],"wp:attachment":[{"href":"https:\/\/www.europesays.com\/fr\/wp-json\/wp\/v2\/media?parent=562819"}],"wp:term":[{"taxonomy":"category","embeddable":true,"href":"https:\/\/www.europesays.com\/fr\/wp-json\/wp\/v2\/categories?post=562819"},{"taxonomy":"post_tag","embeddable":true,"href":"https:\/\/www.europesays.com\/fr\/wp-json\/wp\/v2\/tags?post=562819"}],"curies":[{"name":"wp","href":"https:\/\/api.w.org\/{rel}","templated":true}]}}