{"id":562823,"date":"2025-11-27T18:29:30","date_gmt":"2025-11-27T18:29:30","guid":{"rendered":"https:\/\/www.europesays.com\/fr\/562823\/"},"modified":"2025-11-27T18:29:30","modified_gmt":"2025-11-27T18:29:30","slug":"les-clients-appelous-toujours-en-quete-de-bonnes-affaires","status":"publish","type":"post","link":"https:\/\/www.europesays.com\/fr\/562823\/","title":{"rendered":"les clients appelous toujours en qu\u00eate de bonnes affaires"},"content":{"rendered":"<p>Si la date officielle du Black Friday tombe le 28\u00a0novembre, tous les commer\u00e7ants, ou presque, se sont d\u2019ores et d\u00e9j\u00e0 lanc\u00e9s dans les promotions depuis plusieurs jours.<\/p>\n<p>T\u00e9l\u00e9phonie, parfums, v\u00eatements, \u00e9lectrom\u00e9nager\u2026 C\u2019est l\u2019occasion d\u2019acheter \u00e0 de meilleurs prix. Au-del\u00e0 de la chasse aux bonnes affaires, le Black Friday s\u2019impose d\u00e9sormais comme un rep\u00e8re dans le&#8230;<\/p>\n","protected":false},"excerpt":{"rendered":"Si la date officielle du Black Friday tombe le 28\u00a0novembre, tous les commer\u00e7ants, ou presque, se sont d\u2019ores&hellip;\n","protected":false},"author":2,"featured_media":562824,"comment_status":"","ping_status":"","sticky":false,"template":"","format":"standard","meta":{"footnotes":""},"categories":[9653],"tags":[1111,11,2430,4406,33,7539,1777,674,10282,10283,1011,27,12,25,4001],"class_list":{"0":"post-562823","1":"post","2":"type-post","3":"status-publish","4":"format-standard","5":"has-post-thumbnail","7":"category-saint-etienne","8":"tag-actu","9":"tag-actualites","10":"tag-auvergne-rhone-alpes","11":"tag-commerce-et-services","12":"tag-economie","13":"tag-edition-loire-sud","14":"tag-eu","15":"tag-europe","16":"tag-firminy","17":"tag-firminy-ville","18":"tag-fr","19":"tag-france","20":"tag-news","21":"tag-republique-francaise","22":"tag-saint-etienne"},"share_on_mastodon":{"url":"https:\/\/pubeurope.com\/@fr\/115623084959420775","error":""},"_links":{"self":[{"href":"https:\/\/www.europesays.com\/fr\/wp-json\/wp\/v2\/posts\/562823","targetHints":{"allow":["GET"]}}],"collection":[{"href":"https:\/\/www.europesays.com\/fr\/wp-json\/wp\/v2\/posts"}],"about":[{"href":"https:\/\/www.europesays.com\/fr\/wp-json\/wp\/v2\/types\/post"}],"author":[{"embeddable":true,"href":"https:\/\/www.europesays.com\/fr\/wp-json\/wp\/v2\/users\/2"}],"replies":[{"embeddable":true,"href":"https:\/\/www.europesays.com\/fr\/wp-json\/wp\/v2\/comments?post=562823"}],"version-history":[{"count":0,"href":"https:\/\/www.europesays.com\/fr\/wp-json\/wp\/v2\/posts\/562823\/revisions"}],"wp:featuredmedia":[{"embeddable":true,"href":"https:\/\/www.europesays.com\/fr\/wp-json\/wp\/v2\/media\/562824"}],"wp:attachment":[{"href":"https:\/\/www.europesays.com\/fr\/wp-json\/wp\/v2\/media?parent=562823"}],"wp:term":[{"taxonomy":"category","embeddable":true,"href":"https:\/\/www.europesays.com\/fr\/wp-json\/wp\/v2\/categories?post=562823"},{"taxonomy":"post_tag","embeddable":true,"href":"https:\/\/www.europesays.com\/fr\/wp-json\/wp\/v2\/tags?post=562823"}],"curies":[{"name":"wp","href":"https:\/\/api.w.org\/{rel}","templated":true}]}}