{"id":562825,"date":"2025-11-27T18:30:17","date_gmt":"2025-11-27T18:30:17","guid":{"rendered":"https:\/\/www.europesays.com\/fr\/562825\/"},"modified":"2025-11-27T18:30:17","modified_gmt":"2025-11-27T18:30:17","slug":"saint-etienne-des-travaux-de-voirie-dans-la-rue-guy-colombet-jusquau-5-decembre","status":"publish","type":"post","link":"https:\/\/www.europesays.com\/fr\/562825\/","title":{"rendered":"Saint-\u00c9tienne. Des travaux de voirie dans la rue Guy-Colombet jusqu\u2019au 5\u00a0d\u00e9cembre"},"content":{"rendered":"<p>Entre la place Boivin et la rue Georges-Teyssier, une partie de la rue Guy-Colombet fait l\u2019objet de travaux de voirie. Il s\u2019agit d\u2019une r\u00e9fection compl\u00e8te de la chauss\u00e9e et des trottoirs, qui se d\u00e9roulera normalement jusqu\u2019au 5\u00a0d\u00e9cembre.<\/p>\n<p>Pendant toute la dur\u00e9e de ces travaux, le stationnement et la circulation sont interdits. Une d\u00e9viation a \u00e9t\u00e9 mise en place par l\u2019entreprise en charge du chantier.<\/p>\n<p>L\u2019acc\u00e8s des riverains \u00e0 leur propri\u00e9t\u00e9 est perturb\u00e9, mais maintenu.<\/p>\n","protected":false},"excerpt":{"rendered":"Entre la place Boivin et la rue Georges-Teyssier, une partie de la rue Guy-Colombet fait l\u2019objet de travaux&hellip;\n","protected":false},"author":2,"featured_media":562826,"comment_status":"","ping_status":"","sticky":false,"template":"","format":"standard","meta":{"footnotes":""},"categories":[9653],"tags":[1111,11,2430,7539,1777,674,1011,27,12,25,4001,7538,104],"class_list":{"0":"post-562825","1":"post","2":"type-post","3":"status-publish","4":"format-standard","5":"has-post-thumbnail","7":"category-saint-etienne","8":"tag-actu","9":"tag-actualites","10":"tag-auvergne-rhone-alpes","11":"tag-edition-loire-sud","12":"tag-eu","13":"tag-europe","14":"tag-fr","15":"tag-france","16":"tag-news","17":"tag-republique-francaise","18":"tag-saint-etienne","19":"tag-saint-etienne-ville","20":"tag-societe"},"share_on_mastodon":{"url":"https:\/\/pubeurope.com\/@fr\/115623088858071677","error":""},"_links":{"self":[{"href":"https:\/\/www.europesays.com\/fr\/wp-json\/wp\/v2\/posts\/562825","targetHints":{"allow":["GET"]}}],"collection":[{"href":"https:\/\/www.europesays.com\/fr\/wp-json\/wp\/v2\/posts"}],"about":[{"href":"https:\/\/www.europesays.com\/fr\/wp-json\/wp\/v2\/types\/post"}],"author":[{"embeddable":true,"href":"https:\/\/www.europesays.com\/fr\/wp-json\/wp\/v2\/users\/2"}],"replies":[{"embeddable":true,"href":"https:\/\/www.europesays.com\/fr\/wp-json\/wp\/v2\/comments?post=562825"}],"version-history":[{"count":0,"href":"https:\/\/www.europesays.com\/fr\/wp-json\/wp\/v2\/posts\/562825\/revisions"}],"wp:featuredmedia":[{"embeddable":true,"href":"https:\/\/www.europesays.com\/fr\/wp-json\/wp\/v2\/media\/562826"}],"wp:attachment":[{"href":"https:\/\/www.europesays.com\/fr\/wp-json\/wp\/v2\/media?parent=562825"}],"wp:term":[{"taxonomy":"category","embeddable":true,"href":"https:\/\/www.europesays.com\/fr\/wp-json\/wp\/v2\/categories?post=562825"},{"taxonomy":"post_tag","embeddable":true,"href":"https:\/\/www.europesays.com\/fr\/wp-json\/wp\/v2\/tags?post=562825"}],"curies":[{"name":"wp","href":"https:\/\/api.w.org\/{rel}","templated":true}]}}