{"id":562837,"date":"2025-11-27T18:38:13","date_gmt":"2025-11-27T18:38:13","guid":{"rendered":"https:\/\/www.europesays.com\/fr\/562837\/"},"modified":"2025-11-27T18:38:13","modified_gmt":"2025-11-27T18:38:13","slug":"pres-de-rouen-des-enfants-se-mobilisent-pour-collecter-des-jouets-pour-les-petits-hospitalises","status":"publish","type":"post","link":"https:\/\/www.europesays.com\/fr\/562837\/","title":{"rendered":"Pr\u00e8s de Rouen, des enfants se mobilisent pour collecter des jouets pour les petits hospitalis\u00e9s"},"content":{"rendered":"<p>                    Par<br \/>\n        <strong><br \/>\n            <a href=\"https:\/\/actu.fr\/auteur\/lily-dedeye\" title=\"Consulter tous les articles de Lily Dedeye\" target=\"_blank\" rel=\"noopener\">Lily Dedeye<\/a><br \/>\n                    <\/strong><\/p>\n<p>        Publi\u00e9 le<\/p>\n<p>            27 nov. 2025 \u00e0 19h16        <\/p>\n<p><img decoding=\"async\" loading=\"lazy\" src=\"https:\/\/www.europesays.com\/fr\/wp-content\/uploads\/2025\/11\/img-3209-960x640.jpg\" alt=\"Romain Cornu, le responsable du service jeunesse de la ville du Houlme, encadre les enfants du conseil municipal enfant depuis 6 ans.\" width=\"960\" height=\"640\"\/>Romain Cornu, responsable du service jeunesse de la ville du Houlme, encadre les enfants du conseil municipal enfant pour cette collecte de jouets. (\u00a9Lily Dedeye)<\/p>\n<p class=\" wall-content\">Une belle initiative des enfants pour les enfants. <a href=\"https:\/\/actu.fr\/normandie\/le-houlme_76366\" target=\"_blank\" rel=\"noopener\">Au Houlme, pr\u00e8s de Rouen<\/a>,<strong> une collecte de jouets<\/strong> va \u00eatre organis\u00e9e au profit d\u2019enfants hospitalis\u00e9s. L\u2019id\u00e9e vient des jeunes qui se sont engag\u00e9s dans le conseil municipal des enfants, ravis de voir ce projet se concr\u00e9tiser.<\/p>\n<p>Une collecte de jouets solidaire<\/p>\n<p class=\" wall-content\">Les enfants du conseil municipal du Houlme, sont tr\u00e8s investis. \u00c2g\u00e9s de 10 \u00e0 12 ans, ils se sont propos\u00e9s il y a deux ans pour faire partie du conseil municipal enfant. Pendant toute la dur\u00e9e de leur mandat, ils ont pu proposer divers projets \u00e0 la ville, encadr\u00e9s par leurs responsables Jean Jacques Sebire, adjoint \u00e0 la citoyennet\u00e9 et au vivre ensemble et Romain Cornu, responsable du service jeunesse.<\/p>\n<p class=\" wall-content\">Depuis plusieurs mois, ils pr\u00e9parent cette collecte de jouets de No\u00ebl pour les enfants \u00e0 l\u2019h\u00f4pital. \u00ab\u00a0Lorsque les enfants nous ont propos\u00e9 le projet, on a trouv\u00e9 l\u2019id\u00e9e tr\u00e8s bonne. On s\u2019est renseign\u00e9 aupr\u00e8s de l\u2019h\u00f4pital de Rouen car on ne peut pas donner n\u2019importe quoi. Ils ont accept\u00e9 les dons de jouets neufs. On s\u2019est donc rapproch\u00e9 d\u2019autres associations comme le belv\u00e9d\u00e8re ou Les Nids pour dispatcher les autres jouets que l\u2019on r\u00e9coltera\u00a0\u00bb, explique Romain Cornu.<\/p>\n<p>Un projet solidaire, organis\u00e9 par des enfants<\/p>\n<p class=\" wall-content\">Le principe de cette collecte est simple, et g\u00e9r\u00e9 \u00e0 100% par les enfants. Le 28 novembre, \u00e0 la sortie des classes, ces derniers iront \u00e0 la salle Diesels pour disposer tables et points de collecte. Puis entre 16h30 et 18h, parents et enfants pourront amener des jouets neufs ou d\u2019occasion \u00e0 donner \u00e0 l\u2019h\u00f4pital. Et petit plus, pour toutes ces familles, les organisateurs ont pr\u00e9vu des petits sachets de bonbons pour chaque personne qui ferait un don.\u00a0<\/p>\n<p class=\" wall-content\">\u00ab\u00a0Les habitants de la ville du Houlme sont g\u00e9n\u00e9reux, on a d\u00e9j\u00e0 des familles qui nous ont demand\u00e9 s\u2019ils pouvaient acheter des jouets pour la collecte. Et le fait que ce soit organis\u00e9 par les enfants, c\u2019est quelque chose. Je pense que beaucoup r\u00e9pondront pr\u00e9sents\u00a0\u00bb, explique le responsable jeunesse.<\/p>\n<p>Un conseil municipal enfant actif\u00a0<\/p>\n<p class=\" wall-content\">Gr\u00e2ce au conseil municipal enfants, plusieurs projets comme celui-ci ont \u00e9t\u00e9 organis\u00e9s dans l\u2019ann\u00e9e : mise en place d\u2019une petite biblioth\u00e8que dans l\u2019\u00e9cole, am\u00e9lioration de la quantit\u00e9 de choix au niveau du self, construction d\u2019un banc de l\u2019amiti\u00e9 pour que les enfants isol\u00e9s puissent se faire des amis. \u00ab\u00a0Ils nous ont m\u00eame demand\u00e9 de cr\u00e9er des espaces sans tabac car ils \u00e9taient d\u00e9rang\u00e9s par les les parents qui fumaient n\u2019importe o\u00f9 !\u00a0\u00bb, d\u00e9clare Romain Cornu.\u00a0<\/p>\n<p>Votre r\u00e9gion, votre actu !<\/p>\n<p>Recevez chaque jour les infos qui comptent pour vous.<\/p>\n<p>\t<a href=\"https:\/\/actu.fr\/newsletter\" class=\"ac-btn ac-btn--corner ac-btn--medium ac-btn--blue800\" target=\"_blank\" rel=\"noopener\">S&rsquo;incrire<\/a><\/p>\n<p class=\" wall-content\">Beaucoup d\u2019\u00e9v\u00e9nements de loisir ponctuent \u00e9galement l\u2019ann\u00e9e : olympiades parents\/enfants, f\u00eate d\u2019Halloween avec sculpture de citrouille, films de no\u00ebl projet\u00e9s pour les f\u00eates.\u00a0<\/p>\n<p class=\" wall-content\">Aussi, les enfants sont tr\u00e8s investis pour l\u2019environnement. \u00ab\u00a0Ils nous ont fait beaucoup de propositions, par exemple pour instaurer le tri s\u00e9lectif dans toute la commune. Mais c\u2019est un projet qui est trop co\u00fbteux pour le moment. On fait de notre mieux, mais malheureusement on ne peut pas toujours r\u00e9pondre favorablement \u00e0 l\u2019ensemble de leurs demandes\u00a0\u00bb, dit le responsable.<\/p>\n<p>    <img   decoding=\"async\" loading=\"lazy\" src=\"https:\/\/www.europesays.com\/fr\/wp-content\/uploads\/2025\/11\/hemicycle-assemblee-nationale-960x640.jpg\" alt=\"La ville du Houlme a organis\u00e9 une visite de l'assembl\u00e9e nationale pour les membres du conseil municipal enfants.\" width=\"960\" height=\"640\"\/><br \/>\n    La ville du Houlme a organis\u00e9 une visite de l\u2019assembl\u00e9e nationale pour les membres du conseil municipal enfants. (\u00a9Photo transmise par Romain Cornu)Un vrai plus pour la ville<\/p>\n<p class=\" wall-content\">Pour Romain Cornu, ce conseil municipal enfant est un vrai plus pour la ville. \u00ab\u00a0J\u2019ai repris le conseil municipal enfant il y a 6 ans. Il existait d\u00e9j\u00e0 avant, mais les enfants n\u2019\u00e9taient pas force de proposition. L\u00e0 nous tenons avec mon coll\u00e8gue \u00e0 les impliquer. Lorsqu\u2019ils font preuve d\u2019initiatives, ils s\u2019impliquent plus et ils respectent plus ce qu\u2019ils mettent en place.\u00a0\u00bb<\/p>\n<blockquote class=\"ac-article-quote wall-content\">\n<p>Ces projets permettent aussi de travailler en compl\u00e9ment des \u00e9lus et les faire parfois avancer dans leurs r\u00e9flexions.<\/p>\n<p>    <strong>Romain Cornu<\/strong><br \/>\n        Responsable du service jeunesse de la ville du Houlme    <\/p><\/blockquote>\n<p class=\" wall-content\">Pour r\u00e9compenser les enfants de leur investissement, la Ville du Houlme leur organise des sorties d\u00e8s que possible, notamment des visites du S\u00e9nat ou de l\u2019Assembl\u00e9e Nationale \u00e0 Paris. \u00ab\u00a0Ce ne sont pas des sorties communes. M\u00eame si cela peut sembler \u00e9loign\u00e9 de leur univers, on sait que c\u2019est enrichissant.\u2019<\/p>\n<p>Suivez l\u2019actualit\u00e9 de Rouen <a href=\"https:\/\/www.whatsapp.com\/channel\/0029VaKfnf99hXF2ddApFB1D\" target=\"_blank\" rel=\"noopener\">sur notre cha\u00eene WhatsApp<\/a> et <a href=\"https:\/\/www.tiktok.com\/@76actu.fr?lang=fr\" target=\"_blank\" rel=\"noopener\">sur notre compte TikTok<\/a><\/p>\n<p class=\" wall-content\">Personnalisez votre actualit\u00e9 en ajoutant vos villes et m\u00e9dias en favori avec <a href=\"https:\/\/moncompte.actu.fr\" title=\"D\u00e9couvez Mon Actu\" rel=\"nofollow noopener\" data-trk=\"{&quot;cta&quot;:{&quot;action&quot;:&quot;https:\\\/\\\/moncompte.actu.fr&quot;,&quot;category&quot;:&quot;mon compte&quot;,&quot;from&quot;:&quot;article footer&quot;,&quot;name&quot;:&quot;Mon actu&quot;,&quot;type&quot;:&quot;cta&quot;}}\" target=\"_blank\">Mon Actu<\/a>.<\/p>\n<p>                    <script async src=\"\/\/www.tiktok.com\/embed.js\"><\/script><\/p>\n","protected":false},"excerpt":{"rendered":"Par Lily Dedeye Publi\u00e9 le 27 nov. 2025 \u00e0 19h16 Romain Cornu, responsable du service jeunesse de la&hellip;\n","protected":false},"author":2,"featured_media":562838,"comment_status":"","ping_status":"","sticky":false,"template":"","format":"standard","meta":{"footnotes":""},"categories":[9587],"tags":[1111,11,1777,674,1011,27,12,15830,5161,25,9590,104,3400],"class_list":{"0":"post-562837","1":"post","2":"type-post","3":"status-publish","4":"format-standard","5":"has-post-thumbnail","7":"category-rouen","8":"tag-actu","9":"tag-actualites","10":"tag-eu","11":"tag-europe","12":"tag-fr","13":"tag-france","14":"tag-news","15":"tag-noel","16":"tag-normandie","17":"tag-republique-francaise","18":"tag-rouen","19":"tag-societe","20":"tag-solidarite"},"share_on_mastodon":{"url":"https:\/\/pubeurope.com\/@fr\/115623121528922907","error":""},"_links":{"self":[{"href":"https:\/\/www.europesays.com\/fr\/wp-json\/wp\/v2\/posts\/562837","targetHints":{"allow":["GET"]}}],"collection":[{"href":"https:\/\/www.europesays.com\/fr\/wp-json\/wp\/v2\/posts"}],"about":[{"href":"https:\/\/www.europesays.com\/fr\/wp-json\/wp\/v2\/types\/post"}],"author":[{"embeddable":true,"href":"https:\/\/www.europesays.com\/fr\/wp-json\/wp\/v2\/users\/2"}],"replies":[{"embeddable":true,"href":"https:\/\/www.europesays.com\/fr\/wp-json\/wp\/v2\/comments?post=562837"}],"version-history":[{"count":0,"href":"https:\/\/www.europesays.com\/fr\/wp-json\/wp\/v2\/posts\/562837\/revisions"}],"wp:featuredmedia":[{"embeddable":true,"href":"https:\/\/www.europesays.com\/fr\/wp-json\/wp\/v2\/media\/562838"}],"wp:attachment":[{"href":"https:\/\/www.europesays.com\/fr\/wp-json\/wp\/v2\/media?parent=562837"}],"wp:term":[{"taxonomy":"category","embeddable":true,"href":"https:\/\/www.europesays.com\/fr\/wp-json\/wp\/v2\/categories?post=562837"},{"taxonomy":"post_tag","embeddable":true,"href":"https:\/\/www.europesays.com\/fr\/wp-json\/wp\/v2\/tags?post=562837"}],"curies":[{"name":"wp","href":"https:\/\/api.w.org\/{rel}","templated":true}]}}