{"id":562839,"date":"2025-11-27T18:39:16","date_gmt":"2025-11-27T18:39:16","guid":{"rendered":"https:\/\/www.europesays.com\/fr\/562839\/"},"modified":"2025-11-27T18:39:16","modified_gmt":"2025-11-27T18:39:16","slug":"que-faire-a-rouen-ce-week-end-28-%e2%86%92-30-novembre-2025","status":"publish","type":"post","link":"https:\/\/www.europesays.com\/fr\/562839\/","title":{"rendered":"Que faire \u00e0 Rouen ce week-end ? (28 \u2192 30 novembre 2025)"},"content":{"rendered":"<p>Ce week-end, Rouen s\u2019anime avec des soir\u00e9es \u00e9l\u00e9gantes, du sport, de la musique, du vin et m\u00eame un festival pour enfants. Voici les rendez-vous \u00e0 ne pas manquer ! \ud83d\udc47<\/p>\n<p><strong>\ud83d\udc90\u00a01. Bal de la R\u00e9gence \u2013 Le premier bal Bridgerton de Rouen<\/strong><\/p>\n<p><strong>Vendredi 28 novembre \u2013 19h30 \u2013 Mus\u00e9e des Beaux-Arts<\/strong><br \/>Rouen vit son tout premier bal inspir\u00e9 de Bridgerton, dans le d\u00e9cor majestueux du Mus\u00e9e des Beaux-Arts.<br \/>Au programme : \u00e9l\u00e9gance, musique d\u2019\u00e9poque et ambiance royale pour une soir\u00e9e unique \u00e0 Rouen.<\/p>\n<p>\ud83d\udccd <strong>Esplanade Marcel Duchamp<\/strong><br \/>\ud83d\udcb6 <strong>89\u20ac<\/strong><\/p>\n<p><strong>\ud83e\udd4a\u00a02. AEC MMA 16 \u2013 Soir\u00e9e MMA \u00e0 la Kindarena<\/strong><\/p>\n<p><strong>Samedi 29 novembre \u2013 18h00 \u2013 Kindarena<\/strong><br \/>Le MMA d\u00e9barque \u00e0 Rouen avec un show XXL : combats professionnels, ambiance \u00e9lectrique et athl\u00e8tes venus de toute l\u2019Europe.<br \/>Pour les fans de combat comme pour ceux qui veulent vivre une soir\u00e9e spectaculaire !<\/p>\n<p>\ud83d\udccd <strong>49 rue de Lillebonne, Rouen<\/strong><\/p>\n<p><strong>\ud83c\udfc3\u00a03. Corrida de Bosc-Gu\u00e9rard \u2013 5 km &amp; 10 km<\/strong><\/p>\n<p><strong>Dimanche 30 novembre \u2013 9h29 \u2013 Bosc-Gu\u00e9rard-Saint-Adrien<\/strong><br \/>Une matin\u00e9e sportive avec un 5 km, un 10 km et trois courses enfants organis\u00e9es par Mont-Saint-Aignan Triathlon.<br \/>Une course conviviale et accessible, parfaite pour se d\u00e9penser avant les f\u00eates !<\/p>\n<p>\ud83d\udccd <strong>Bosc-Gu\u00e9rard-Saint-Adrien<\/strong><br \/>\ud83d\udcb6 <strong>2 \u00e0 14\u20ac<\/strong><\/p>\n<p><strong>\ud83c\udfb6\u00a04. BIG BANG Festival \u2013 Aventures musicales pour enfants<\/strong><\/p>\n<p><strong>Samedi 29 &amp; dimanche 30 novembre \u2013 Th\u00e9\u00e2tre des Arts<\/strong><br \/>Pendant deux jours, le Th\u00e9\u00e2tre des Arts devient un v\u00e9ritable terrain de jeu pour les enfants : animations, spectacles musicaux, surprises dans les loges et d\u00e9couvertes po\u00e9tiques.<br \/>Le festival id\u00e9al pour \u00e9veiller les petits \u00e0 la musique\u2026 et passer un bon moment en famille !<\/p>\n<p style=\"margin: 0; color: #000000; font-size: 16px; font-weight: bold;\">\u00c0 voir aussi sur Rouen Bouge<\/p>\n<\/p>\n<p>                    \u2716\n                <\/p>\n<p>\ud83d\udccd <strong>Th\u00e9\u00e2tre des Arts, Rouen<\/strong><br \/>\ud83d\udcb6 <strong>Gratuit ou 3\u20ac<\/strong><\/p>\n<p><strong>\ud83c\udf77\u00a05. Les Tradivines \u2013 2e \u00e9dition du salon du vin<\/strong><\/p>\n<p><strong>Vendredi 28 &amp; samedi 29 novembre \u2013 Cave Tradivins, Boos<\/strong><br \/>Le salon d\u00e9di\u00e9 aux femmes vigneronnes revient \u00e0 la Cave Tradivins !<br \/>D\u00e9gustations, \u00e9changes passionn\u00e9s et ventes exclusives : une belle occasion de (re)d\u00e9couvrir des vins propos\u00e9s par des vigneronnes talentueuses.<\/p>\n<p>\ud83d\udccd <strong>116 All\u00e9e Louis Bl\u00e9riot, 76520 Boos<\/strong><br \/>\ud83d\udd52 <strong>Ven. 17h\u201322h \/ Sam. 11h\u201319h<\/strong><br \/>L\u2019abus d\u2019alcool est dangereux pour la sant\u00e9, \u00e0 consommer avec mod\u00e9ration.<\/p>\n<p><strong>\ud83c\udfd2\u00a06. Dragons de Rouen vs Bordeaux \u2013 Match SLM<\/strong><\/p>\n<p><strong>Dimanche 30 novembre \u2013 18h30 \u2013 Patinoire \u00cele Lacroix<\/strong><br \/>Les Dragons accueillent Bordeaux pour un match intense \u00e0 l\u2019\u00cele Lacroix.<br \/>Ambiance garantie pour soutenir le club rouennais dans un duel qui s\u2019annonce serr\u00e9 !<\/p>\n<p>\ud83d\udccd <strong>Patinoire \u00cele Lacroix, Rouen<\/strong><\/p>\n","protected":false},"excerpt":{"rendered":"Ce week-end, Rouen s\u2019anime avec des soir\u00e9es \u00e9l\u00e9gantes, du sport, de la musique, du vin et m\u00eame un&hellip;\n","protected":false},"author":2,"featured_media":562840,"comment_status":"","ping_status":"","sticky":false,"template":"","format":"standard","meta":{"footnotes":""},"categories":[9587],"tags":[1111,11,1777,674,1011,27,12,5161,25,9590],"class_list":{"0":"post-562839","1":"post","2":"type-post","3":"status-publish","4":"format-standard","5":"has-post-thumbnail","7":"category-rouen","8":"tag-actu","9":"tag-actualites","10":"tag-eu","11":"tag-europe","12":"tag-fr","13":"tag-france","14":"tag-news","15":"tag-normandie","16":"tag-republique-francaise","17":"tag-rouen"},"share_on_mastodon":{"url":"https:\/\/pubeurope.com\/@fr\/115623124262849329","error":""},"_links":{"self":[{"href":"https:\/\/www.europesays.com\/fr\/wp-json\/wp\/v2\/posts\/562839","targetHints":{"allow":["GET"]}}],"collection":[{"href":"https:\/\/www.europesays.com\/fr\/wp-json\/wp\/v2\/posts"}],"about":[{"href":"https:\/\/www.europesays.com\/fr\/wp-json\/wp\/v2\/types\/post"}],"author":[{"embeddable":true,"href":"https:\/\/www.europesays.com\/fr\/wp-json\/wp\/v2\/users\/2"}],"replies":[{"embeddable":true,"href":"https:\/\/www.europesays.com\/fr\/wp-json\/wp\/v2\/comments?post=562839"}],"version-history":[{"count":0,"href":"https:\/\/www.europesays.com\/fr\/wp-json\/wp\/v2\/posts\/562839\/revisions"}],"wp:featuredmedia":[{"embeddable":true,"href":"https:\/\/www.europesays.com\/fr\/wp-json\/wp\/v2\/media\/562840"}],"wp:attachment":[{"href":"https:\/\/www.europesays.com\/fr\/wp-json\/wp\/v2\/media?parent=562839"}],"wp:term":[{"taxonomy":"category","embeddable":true,"href":"https:\/\/www.europesays.com\/fr\/wp-json\/wp\/v2\/categories?post=562839"},{"taxonomy":"post_tag","embeddable":true,"href":"https:\/\/www.europesays.com\/fr\/wp-json\/wp\/v2\/tags?post=562839"}],"curies":[{"name":"wp","href":"https:\/\/api.w.org\/{rel}","templated":true}]}}