{"id":562841,"date":"2025-11-27T18:40:15","date_gmt":"2025-11-27T18:40:15","guid":{"rendered":"https:\/\/www.europesays.com\/fr\/562841\/"},"modified":"2025-11-27T18:40:15","modified_gmt":"2025-11-27T18:40:15","slug":"alegria-renouvelle-les-codes-de-la-formation-professionnelle-a-grenoble","status":"publish","type":"post","link":"https:\/\/www.europesays.com\/fr\/562841\/","title":{"rendered":"Alegria renouvelle les codes de la formation professionnelle \u00e0 Grenoble"},"content":{"rendered":"<p>                                                        <img loading=\"lazy\" decoding=\"async\" width=\"1024\" height=\"576\" src=\"data:image\/svg+xml,%3Csvg%20xmlns=\" http:=\"\" class=\"thumb img-responsive m-x-auto block w-full\" alt=\"lyon enterprises alegria\" caption=\"\" data-lazy-src=\"https:\/\/www.europesays.com\/fr\/wp-content\/uploads\/2025\/11\/lyon-enterprises-alergia.webp.webp\"\/><\/p>\n<p class=\"ez-toc-title ez-toc-toggle\" style=\"cursor: pointer\">Sommaire &amp; acc\u00e8s rapide<\/p>\n<p><a href=\"#\" class=\"ez-toc-pull-right ez-toc-btn ez-toc-btn-xs ez-toc-btn-default ez-toc-toggle\" aria-label=\"Toggle Table of Content\">Toggle<\/a><\/p>\n<p><strong>Le p\u00f4le Organisme de Formation d\u2019Alegria fait \u00e9voluer les pratiques de formation professionnelle gr\u00e2ce \u00e0 une approche immersive centr\u00e9e sur l\u2019action, l\u2019exp\u00e9rimentation et le jeu. Une m\u00e9thode qui s\u00e9duit de plus en plus d\u2019entreprises en qu\u00eate d\u2019apprentissage concret et humain.<\/strong><\/p>\n<p>Une p\u00e9dagogie fond\u00e9e sur l\u2019action<\/p>\n<p>Alegria propose des formats o\u00f9 les stagiaires deviennent acteurs de leur progression. Jeux de r\u00f4le, simulations et d\u00e9fis collectifs structurent la majorit\u00e9 des s\u00e9ances, avec 70 % du temps consacr\u00e9 \u00e0 la pratique. L\u2019objectif affich\u00e9 : favoriser l\u2019ancrage des comp\u00e9tences par le ressenti et l\u2019exp\u00e9rience directe plut\u00f4t que par une approche descendante.<\/p>\n<p>Les m\u00e9thodes mobilis\u00e9es s\u2019\u00e9loignent volontairement des outils classiques comme les PowerPoint ou les pr\u00e9sentations fig\u00e9es, pour privil\u00e9gier un terrain d\u2019exp\u00e9rimentation o\u00f9 chacun apprend \u00e0 se conna\u00eetre, coop\u00e9rer et ajuster sa posture professionnelle.<\/p>\n<p>Des retours de terrain positifs<\/p>\n<p>Le communiqu\u00e9 met en avant le t\u00e9moignage de Clo\u00e9 Hauptmann, animatrice des formations Alegria, qui souligne l\u2019impact des mises en situation. Elle \u00e9voque notamment l\u2019exemple d\u2019un manager peu motiv\u00e9 au d\u00e9part qui, au fil des jeux de r\u00f4le, s\u2019est pleinement impliqu\u00e9. Une illustration de l\u2019approche d\u2019Alegria, qui valorise chaque participant et facilite l\u2019engagement, m\u00eame des profils les plus r\u00e9serv\u00e9s.<\/p>\n<p>Des th\u00e9matiques au c\u0153ur des enjeux actuels<\/p>\n<p>Les formations d\u2019Alegria abordent un large panel de sujets auxquels les organisations sont aujourd\u2019hui confront\u00e9es : management, communication, recrutement, d\u00e9veloppement commercial, posture RH et vision d\u2019entreprise. Le fil conducteur reste constant : accompagner les professionnels pour faire \u00e9voluer durablement les organisations.<\/p>\n<p>Une r\u00e9ponse \u00e0 la recherche de sens des entreprises<\/p>\n<p>Dans un contexte o\u00f9 les entreprises recherchent davantage de sens et de performance, Alegria propose une offre p\u00e9dagogique qui fait vivre et ressentir les notions plut\u00f4t que de simplement les transmettre. L\u2019approche revendiqu\u00e9e est profond\u00e9ment humaine, ancr\u00e9e dans le r\u00e9el et tourn\u00e9e vers le collectif.<\/p>\n<p>\u00c0 propos d\u2019Alegria<\/p>\n<p>Alegria est une entreprise grenobloise fond\u00e9e en 2008 et sp\u00e9cialis\u00e9e dans les ressources humaines. Elle accompagne les organisations gr\u00e2ce \u00e0 ses prestations de RH \u00e0 temps partag\u00e9 et con\u00e7oit, via son p\u00f4le Organisme de Formation, des programmes atypiques o\u00f9 la pratique et l\u2019\u00e9motion deviennent les moteurs de l\u2019apprentissage.<\/p>\n","protected":false},"excerpt":{"rendered":"Sommaire &amp; acc\u00e8s rapide Toggle Le p\u00f4le Organisme de Formation d\u2019Alegria fait \u00e9voluer les pratiques de formation professionnelle&hellip;\n","protected":false},"author":2,"featured_media":562842,"comment_status":"","ping_status":"","sticky":false,"template":"","format":"standard","meta":{"footnotes":""},"categories":[9566],"tags":[1111,11,2430,1777,674,1011,27,2731,12,25],"class_list":{"0":"post-562841","1":"post","2":"type-post","3":"status-publish","4":"format-standard","5":"has-post-thumbnail","7":"category-grenoble","8":"tag-actu","9":"tag-actualites","10":"tag-auvergne-rhone-alpes","11":"tag-eu","12":"tag-europe","13":"tag-fr","14":"tag-france","15":"tag-grenoble","16":"tag-news","17":"tag-republique-francaise"},"share_on_mastodon":{"url":"https:\/\/pubeurope.com\/@fr\/115623128213353136","error":""},"_links":{"self":[{"href":"https:\/\/www.europesays.com\/fr\/wp-json\/wp\/v2\/posts\/562841","targetHints":{"allow":["GET"]}}],"collection":[{"href":"https:\/\/www.europesays.com\/fr\/wp-json\/wp\/v2\/posts"}],"about":[{"href":"https:\/\/www.europesays.com\/fr\/wp-json\/wp\/v2\/types\/post"}],"author":[{"embeddable":true,"href":"https:\/\/www.europesays.com\/fr\/wp-json\/wp\/v2\/users\/2"}],"replies":[{"embeddable":true,"href":"https:\/\/www.europesays.com\/fr\/wp-json\/wp\/v2\/comments?post=562841"}],"version-history":[{"count":0,"href":"https:\/\/www.europesays.com\/fr\/wp-json\/wp\/v2\/posts\/562841\/revisions"}],"wp:featuredmedia":[{"embeddable":true,"href":"https:\/\/www.europesays.com\/fr\/wp-json\/wp\/v2\/media\/562842"}],"wp:attachment":[{"href":"https:\/\/www.europesays.com\/fr\/wp-json\/wp\/v2\/media?parent=562841"}],"wp:term":[{"taxonomy":"category","embeddable":true,"href":"https:\/\/www.europesays.com\/fr\/wp-json\/wp\/v2\/categories?post=562841"},{"taxonomy":"post_tag","embeddable":true,"href":"https:\/\/www.europesays.com\/fr\/wp-json\/wp\/v2\/tags?post=562841"}],"curies":[{"name":"wp","href":"https:\/\/api.w.org\/{rel}","templated":true}]}}