{"id":562847,"date":"2025-11-27T18:43:14","date_gmt":"2025-11-27T18:43:14","guid":{"rendered":"https:\/\/www.europesays.com\/fr\/562847\/"},"modified":"2025-11-27T18:43:14","modified_gmt":"2025-11-27T18:43:14","slug":"leur-voiture-se-retrouve-au-fosse-un-couple-doctogenaire-transporte-a-lhopital-pres-de-rennes","status":"publish","type":"post","link":"https:\/\/www.europesays.com\/fr\/562847\/","title":{"rendered":"Leur voiture se retrouve au foss\u00e9, un couple d\u2019octog\u00e9naire transport\u00e9 \u00e0 l\u2019h\u00f4pital pr\u00e8s de Rennes"},"content":{"rendered":"<p>Vers 14 h 30, les sapeurs-pompiers ont \u00e9t\u00e9 appel\u00e9s sur un accident de la circulation sur la commune de Pac\u00e9, pr\u00e8s de Rennes. Au lieu-dit Le Val Morel, un v\u00e9hicule s\u2019est retrouv\u00e9 dans le foss\u00e9, apr\u00e8s avoir essay\u00e9 d\u2019\u00e9viter un poids lourd.<\/p>\n<p>Dedans, un couple d\u2019octog\u00e9naires. Ces derniers ont \u00e9t\u00e9 transport\u00e9s au centre hospitalier de Pontchaillou. Le conducteur, un homme \u00e2g\u00e9 de 83 ans, se trouvait dans un \u00e9tat d\u2019urgence absolue. Sur place 19 pompiers ont \u00e9t\u00e9 mobilis\u00e9s.<\/p>\n","protected":false},"excerpt":{"rendered":"Vers 14 h 30, les sapeurs-pompiers ont \u00e9t\u00e9 appel\u00e9s sur un accident de la circulation sur la commune&hellip;\n","protected":false},"author":2,"featured_media":562848,"comment_status":"","ping_status":"","sticky":false,"template":"","format":"standard","meta":{"footnotes":""},"categories":[2821],"tags":[1111,11,829,1777,674,3383,1011,27,848,12,584,25],"class_list":{"0":"post-562847","1":"post","2":"type-post","3":"status-publish","4":"format-standard","5":"has-post-thumbnail","7":"category-rennes","8":"tag-actu","9":"tag-actualites","10":"tag-bretagne","11":"tag-eu","12":"tag-europe","13":"tag-faits-divers-a-rennes","14":"tag-fr","15":"tag-france","16":"tag-ille-et-vilaine","17":"tag-news","18":"tag-rennes","19":"tag-republique-francaise"},"share_on_mastodon":{"url":"https:\/\/pubeurope.com\/@fr\/115623140009503122","error":""},"_links":{"self":[{"href":"https:\/\/www.europesays.com\/fr\/wp-json\/wp\/v2\/posts\/562847","targetHints":{"allow":["GET"]}}],"collection":[{"href":"https:\/\/www.europesays.com\/fr\/wp-json\/wp\/v2\/posts"}],"about":[{"href":"https:\/\/www.europesays.com\/fr\/wp-json\/wp\/v2\/types\/post"}],"author":[{"embeddable":true,"href":"https:\/\/www.europesays.com\/fr\/wp-json\/wp\/v2\/users\/2"}],"replies":[{"embeddable":true,"href":"https:\/\/www.europesays.com\/fr\/wp-json\/wp\/v2\/comments?post=562847"}],"version-history":[{"count":0,"href":"https:\/\/www.europesays.com\/fr\/wp-json\/wp\/v2\/posts\/562847\/revisions"}],"wp:featuredmedia":[{"embeddable":true,"href":"https:\/\/www.europesays.com\/fr\/wp-json\/wp\/v2\/media\/562848"}],"wp:attachment":[{"href":"https:\/\/www.europesays.com\/fr\/wp-json\/wp\/v2\/media?parent=562847"}],"wp:term":[{"taxonomy":"category","embeddable":true,"href":"https:\/\/www.europesays.com\/fr\/wp-json\/wp\/v2\/categories?post=562847"},{"taxonomy":"post_tag","embeddable":true,"href":"https:\/\/www.europesays.com\/fr\/wp-json\/wp\/v2\/tags?post=562847"}],"curies":[{"name":"wp","href":"https:\/\/api.w.org\/{rel}","templated":true}]}}