{"id":562849,"date":"2025-11-27T18:44:20","date_gmt":"2025-11-27T18:44:20","guid":{"rendered":"https:\/\/www.europesays.com\/fr\/562849\/"},"modified":"2025-11-27T18:44:20","modified_gmt":"2025-11-27T18:44:20","slug":"strasbourg-dernier-maraicher-conventionnel-a-la-robertsau-la-ferme-andres-baissera-le-rideau-au-31-decembre","status":"publish","type":"post","link":"https:\/\/www.europesays.com\/fr\/562849\/","title":{"rendered":"Strasbourg. Dernier mara\u00eecher conventionnel \u00e0 la Robertsau, la ferme Andr\u00e8s baissera le rideau au 31\u00a0d\u00e9cembre"},"content":{"rendered":"<p>Le \u00ab\u00a0La\u00fcch\u00a0\u00bb n\u2019est plus ce qu\u2019il \u00e9tait. Exit, les poireaux, dans le (futur ex\u00a0?) \u00ab\u00a0quartier des mara\u00eechers\u00a0\u00bb grignot\u00e9 par les promoteurs immobiliers\u00a0? Rue de l\u2019Afrique, Jean-Pierre Andr\u00e8s et son \u00e9pouse Isabelle cesseront leur activit\u00e9 au 31\u00a0d\u00e9cembre prochain, mettant ainsi un terme \u00e0 une tradition familiale n\u00e9e en 1928 et \u00e0 quatre g\u00e9n\u00e9rations de mara\u00eechage.\u00a0Le 31, ils serviront sans doute un vin chaud aux clients qui passeront r\u00e9cup\u00e9rer leurs commandes du R\u00e9veillon et les saluer une derni\u00e8re fois \u00e0 la boutique de vente directe install\u00e9e dans la cour\u2026 Et puis ce sera fini. Rideau.<\/p>\n<p>Avec eux, c\u2019est aussi le dernier mara\u00eecher conventionnel de la Robertsau qui dispara\u00eetra. Et s\u2019il n\u2019est pas question de voir pousser un nouvel immeuble sur les quelque trois hectares de champs et de serres qu\u2019ils exploitent encore aux confins de la rue de l\u2019Afrique &#8211; \u00ab\u00a0ce n\u2019est pas constructible et nous continuerons \u00e0 habiter sur place\u00a0!\u00a0\u00bb promet Jean-Pierre Andr\u00e8s -, le b\u00e9ton n\u2019est pas bien loin (\u00e0 l\u2019autre&#8230;<\/p>\n","protected":false},"excerpt":{"rendered":"Le \u00ab\u00a0La\u00fcch\u00a0\u00bb n\u2019est plus ce qu\u2019il \u00e9tait. Exit, les poireaux, dans le (futur ex\u00a0?) \u00ab\u00a0quartier des mara\u00eechers\u00a0\u00bb grignot\u00e9&hellip;\n","protected":false},"author":2,"featured_media":562850,"comment_status":"","ping_status":"","sticky":false,"template":"","format":"standard","meta":{"footnotes":""},"categories":[2820],"tags":[1111,11,327,4406,130,33,2880,1777,674,107,1011,27,775,12,2922,25,640,2879],"class_list":{"0":"post-562849","1":"post","2":"type-post","3":"status-publish","4":"format-standard","5":"has-post-thumbnail","7":"category-strasbourg","8":"tag-actu","9":"tag-actualites","10":"tag-agriculture","11":"tag-commerce-et-services","12":"tag-consommation","13":"tag-economie","14":"tag-edition-strasbourg","15":"tag-eu","16":"tag-europe","17":"tag-fil-info","18":"tag-fr","19":"tag-france","20":"tag-grand-est","21":"tag-news","22":"tag-pouvoir-dachat","23":"tag-republique-francaise","24":"tag-strasbourg","25":"tag-strasbourg-ville"},"share_on_mastodon":{"url":"https:\/\/pubeurope.com\/@fr\/115623143938398804","error":""},"_links":{"self":[{"href":"https:\/\/www.europesays.com\/fr\/wp-json\/wp\/v2\/posts\/562849","targetHints":{"allow":["GET"]}}],"collection":[{"href":"https:\/\/www.europesays.com\/fr\/wp-json\/wp\/v2\/posts"}],"about":[{"href":"https:\/\/www.europesays.com\/fr\/wp-json\/wp\/v2\/types\/post"}],"author":[{"embeddable":true,"href":"https:\/\/www.europesays.com\/fr\/wp-json\/wp\/v2\/users\/2"}],"replies":[{"embeddable":true,"href":"https:\/\/www.europesays.com\/fr\/wp-json\/wp\/v2\/comments?post=562849"}],"version-history":[{"count":0,"href":"https:\/\/www.europesays.com\/fr\/wp-json\/wp\/v2\/posts\/562849\/revisions"}],"wp:featuredmedia":[{"embeddable":true,"href":"https:\/\/www.europesays.com\/fr\/wp-json\/wp\/v2\/media\/562850"}],"wp:attachment":[{"href":"https:\/\/www.europesays.com\/fr\/wp-json\/wp\/v2\/media?parent=562849"}],"wp:term":[{"taxonomy":"category","embeddable":true,"href":"https:\/\/www.europesays.com\/fr\/wp-json\/wp\/v2\/categories?post=562849"},{"taxonomy":"post_tag","embeddable":true,"href":"https:\/\/www.europesays.com\/fr\/wp-json\/wp\/v2\/tags?post=562849"}],"curies":[{"name":"wp","href":"https:\/\/api.w.org\/{rel}","templated":true}]}}