{"id":562854,"date":"2025-11-27T18:48:31","date_gmt":"2025-11-27T18:48:31","guid":{"rendered":"https:\/\/www.europesays.com\/fr\/562854\/"},"modified":"2025-11-27T18:48:31","modified_gmt":"2025-11-27T18:48:31","slug":"les-aiglons-menes-apres-18-secondes-de-jeu-le-calvaire-continue","status":"publish","type":"post","link":"https:\/\/www.europesays.com\/fr\/562854\/","title":{"rendered":"les Aiglons men\u00e9s apr\u00e8s 18 secondes de jeu, le calvaire continue"},"content":{"rendered":"<p>Avant-dernier de Ligue Europa avant la 5e journ\u00e9e disput\u00e9e ce jeudi, l&rsquo;OGC Nice a encaiss\u00e9 un but au bout de 18 secondes sur la pelouse du FC Porto.<\/p>\n<p>Un cauchemar sans fin? Sur une terrible s\u00e9rie de 16 matchs sans victoire sur la sc\u00e8ne europ\u00e9enne, <a href=\"https:\/\/rmcsport.bfmtv.com\/football\/europa-league\/porto-nice-ca-ne-me-pose-aucun-probleme-franck-haise-assume-de-crisper-le-vestiaire-pour-le-bien-de-nicois_AV-202511270128.html\" title=\"Porto-Nice: &quot;\u00c7a ne me pose aucun probl\u00e8me&quot;, Franck Haise assume de crisper le vestiaire pour le bien de Ni\u00e7ois\" class=\"internal_link\" target=\"_blank\" rel=\"noopener\">l\u2019OGC Nice<\/a> a rendez-vous ce jeudi sur la pelouse du FC Porto, pour la cinqui\u00e8me journ\u00e9e de la Ligue Europa. Un rendez-vous abord\u00e9 de la plus mauvaise des mani\u00e8res par les Aiglons, qui se sont retrouv\u00e9s men\u00e9s au bout de\u2026 18 secondes de jeu.<\/p>\n<p><a href=\"https:\/\/rmcsport.bfmtv.com\/football\/europa-league\/direct-porto-nice-suivez-le-match-de-la-5e-journee-de-ligue-europe-en-live_LS-202511270582.html\" title=\"DIRECT. Porto - Nice: auteur d&#039;un doubl\u00e9, Veiga malm\u00e8ne les Aiglons\" class=\"internal_link\" target=\"_blank\" rel=\"noopener\">&gt;&gt; DIRECT &#8211; Suivez le match Porto-Nice<\/a><\/p>\n<p>Vers une cinqui\u00e8me d\u00e9faite en 5 matchs?<\/p>\n<p>Apr\u00e8s une perte de balle de Terem Moffi, le Br\u00e9silien Pep\u00ea a acc\u00e9l\u00e9r\u00e9 le long de la surface, avant de trouver en retrait Gabri Veiga. La frappe en premi\u00e8re intention du milieu espagnol, d\u00e9vi\u00e9e par Dante, a totalement surpris un Yehvann Diouf impuissant. D\u00e9j\u00e0 le 10e but encaiss\u00e9 cette saison en Ligue Europa par les hommes de Franck Haise, battus pr\u00e9c\u00e9demment par la Roma (2-1), Fenerbah\u00e7e (2-1), le Celta Vigo (2-1) et Fribourg (3-1).<\/p>\n<p>Point\u00e9s \u00e0 la 35e et avant-derni\u00e8re place avant cette cinqui\u00e8me journ\u00e9e, ils ont besoin d\u2019un succ\u00e8s \u00e0 Porto pour continuer \u00e0 r\u00eaver d\u2019une qualification qui devient de plus en plus utopique.<\/p>\n<p>\u00ab\u00a0On veut donner la meilleure image. On l&rsquo;a trop rarement donn\u00e9e en Coupe d&rsquo;Europe, cette ann\u00e9e comme l&rsquo;an pass\u00e9. L&rsquo;objectif est de faire un gros match et de revenir avec un bon contenu et si possible un bon r\u00e9sultat\u00a0\u00bb, a insist\u00e9 Haise avant ce d\u00e9placement chez l\u2019actuel leader du championnat portugais, entra\u00een\u00e9 par Francesco Farioli, son ancien entra\u00eeneur.<\/p>\n","protected":false},"excerpt":{"rendered":"Avant-dernier de Ligue Europa avant la 5e journ\u00e9e disput\u00e9e ce jeudi, l&rsquo;OGC Nice a encaiss\u00e9 un but au&hellip;\n","protected":false},"author":2,"featured_media":562855,"comment_status":"","ping_status":"","sticky":false,"template":"","format":"standard","meta":{"footnotes":""},"categories":[2819],"tags":[1111,11,1777,674,1011,27,12,2401,882,25],"class_list":{"0":"post-562854","1":"post","2":"type-post","3":"status-publish","4":"format-standard","5":"has-post-thumbnail","7":"category-nice","8":"tag-actu","9":"tag-actualites","10":"tag-eu","11":"tag-europe","12":"tag-fr","13":"tag-france","14":"tag-news","15":"tag-nice","16":"tag-provence-alpes-cote-dazur","17":"tag-republique-francaise"},"share_on_mastodon":{"url":"https:\/\/pubeurope.com\/@fr\/115623159625791251","error":""},"_links":{"self":[{"href":"https:\/\/www.europesays.com\/fr\/wp-json\/wp\/v2\/posts\/562854","targetHints":{"allow":["GET"]}}],"collection":[{"href":"https:\/\/www.europesays.com\/fr\/wp-json\/wp\/v2\/posts"}],"about":[{"href":"https:\/\/www.europesays.com\/fr\/wp-json\/wp\/v2\/types\/post"}],"author":[{"embeddable":true,"href":"https:\/\/www.europesays.com\/fr\/wp-json\/wp\/v2\/users\/2"}],"replies":[{"embeddable":true,"href":"https:\/\/www.europesays.com\/fr\/wp-json\/wp\/v2\/comments?post=562854"}],"version-history":[{"count":0,"href":"https:\/\/www.europesays.com\/fr\/wp-json\/wp\/v2\/posts\/562854\/revisions"}],"wp:featuredmedia":[{"embeddable":true,"href":"https:\/\/www.europesays.com\/fr\/wp-json\/wp\/v2\/media\/562855"}],"wp:attachment":[{"href":"https:\/\/www.europesays.com\/fr\/wp-json\/wp\/v2\/media?parent=562854"}],"wp:term":[{"taxonomy":"category","embeddable":true,"href":"https:\/\/www.europesays.com\/fr\/wp-json\/wp\/v2\/categories?post=562854"},{"taxonomy":"post_tag","embeddable":true,"href":"https:\/\/www.europesays.com\/fr\/wp-json\/wp\/v2\/tags?post=562854"}],"curies":[{"name":"wp","href":"https:\/\/api.w.org\/{rel}","templated":true}]}}