{"id":562857,"date":"2025-11-27T18:50:35","date_gmt":"2025-11-27T18:50:35","guid":{"rendered":"https:\/\/www.europesays.com\/fr\/562857\/"},"modified":"2025-11-27T18:50:35","modified_gmt":"2025-11-27T18:50:35","slug":"lecole-des-beaux-arts-de-nantes-riposte-aux-violences-sexuelles","status":"publish","type":"post","link":"https:\/\/www.europesays.com\/fr\/562857\/","title":{"rendered":"L\u2019\u00c9cole des beaux-arts de Nantes riposte aux violences sexuelles"},"content":{"rendered":"<p>Selon des<a href=\"https:\/\/agence-api.ouest-france.fr\/pays-de-la-loire\/loire-atlantique\/info-api-news-apres-un-flot-de-signalements-l-ecole-des-beaux-arts-de-nantes-secouee-par-la-vague-metoo-1729650a-2226-49d8-87cc-f95dde44a6f5\" target=\"_blank\" rel=\"noopener\"> r\u00e9v\u00e9lations de l\u2019agence API<\/a>\u00a0publi\u00e9es dans\u00a0Ouest France et confirm\u00e9es par\u00a0le Figaro, l\u2019<a href=\"https:\/\/beauxartsnantes.fr\" target=\"_blank\" rel=\"noopener\">\u00c9cole des beaux-arts de Nantes<\/a> a recueilli, pendant l\u2019ann\u00e9e scolaire\u00a02024-2025, une salve de t\u00e9moignages d\u2019\u00e9tudiantes et \u00e9tudiants rapportant des violences et harc\u00e8lement sexuels et sexistes (VHSS). Douze ont \u00e9t\u00e9 officiellement enregistr\u00e9s, selon la directrice Rozenn Le Merrer, par la cellule d\u2019\u00e9coute\u00a0sp\u00e9cialis\u00e9e de Nantes Universit\u00e9 (\u00e9tablissement public incluant l\u2019\u00e9cole), anim\u00e9e par des psychologues form\u00e9s aux VHSS \u2013 la cellule de l\u2019\u00e9cole s\u2019\u00e9tant r\u00e9v\u00e9l\u00e9e inefficace. Les faits\u00a0recouvrent un continuum de violences \u2013\u00a0\u00ab\u00a0tensions p\u00e9dagogiques mal v\u00e9cues, propos inappropri\u00e9s, gestes d\u00e9plac\u00e9s, situations\u00a0portant atteinte \u00e0 la dignit\u00e9, agression sexuelle\u00a0\u00bb, rapporte API, et plusieurs mis en cause. Des mesures d\u2019\u00e9loignement\u00a0ont \u00e9t\u00e9 prises\u00a0avec proc\u00e9dure disciplinaire pour trois enseignants (sur une trentaine), tandis qu\u2019un autre a \u00e9t\u00e9 mis\u00a0\u00e0 la retraite d\u2019office\u00a0\u00ab\u00a0pour manquement grave \u00e0 la d\u00e9ontologie de la fonction publique territoriale\u00a0\u00bb, suite \u00e0 une accusation d\u2019agression sexuelle. Plusieurs \u00e9tudiants ont \u00e9galement \u00e9t\u00e9 soumis \u00e0 des proc\u00e9dures d\u2019\u00e9loignement. La directrice de l\u2019\u00e9cole affirme avoir\u00a0saisi\u00a0le procureur de la R\u00e9publique\u00a0au titre de l\u2019article\u00a040 du Code de proc\u00e9dure p\u00e9nale (\u00ab\u00a0Toute autorit\u00e9 constitu\u00e9e, officier public ou fonctionnaire qui, dans l\u2019exercice de ses fonctions, acquiert la connaissance d\u2019un crime ou d\u00e9lit est tenu d\u2019en donner avis sans d\u00e9lai au procureur de la R\u00e9publique et de transmettre \u00e0 ce magistrat tous les renseignements, proc\u00e8s-verbaux et actes qui y sont relatifs\u00a0\u00bb). Les Beaux-Arts de Nantes semblent prendre le probl\u00e8me au s\u00e9rieux, avec une s\u00e9rie de mesures annonc\u00e9es en cette rentr\u00e9e\u00a0: grande r\u00e9union d\u2019information fin octobre, r\u00e9seau de r\u00e9f\u00e9rents VHSS compos\u00e9 d\u2019agents administratifs et d\u2019enseignants volontaires, formation pour tout le personnel, interventions de la\u00a0Ligue de l\u2019enseignement de Loire-Atlantique aupr\u00e8s des \u00e9tudiants, permanences psychologiques, convention sign\u00e9e avec le barreau de Nantes pour des consultations gratuites en cas de riposte p\u00e9nale, ou encore engagement \u00e0 ce que la personne qui signale les faits en tant que victime ou t\u00e9moin \u00ab\u00a0ne fasse l\u2019objet d\u2019aucunes repr\u00e9sailles, ni de pressions, insultes, menaces, discriminations ou mise \u00e0 l\u2019\u00e9cart en lien avec le signalement\u00a0\u00bb.<\/p>\n","protected":false},"excerpt":{"rendered":"Selon des r\u00e9v\u00e9lations de l\u2019agence API\u00a0publi\u00e9es dans\u00a0Ouest France et confirm\u00e9es par\u00a0le Figaro, l\u2019\u00c9cole des beaux-arts de Nantes a&hellip;\n","protected":false},"author":2,"featured_media":562858,"comment_status":"","ping_status":"","sticky":false,"template":"","format":"standard","meta":{"footnotes":""},"categories":[2818],"tags":[1111,11,28472,1777,674,1011,27,766,12,2636,25,7434],"class_list":{"0":"post-562857","1":"post","2":"type-post","3":"status-publish","4":"format-standard","5":"has-post-thumbnail","7":"category-nantes","8":"tag-actu","9":"tag-actualites","10":"tag-ecoles-dart","11":"tag-eu","12":"tag-europe","13":"tag-fr","14":"tag-france","15":"tag-nantes","16":"tag-news","17":"tag-pays-de-la-loire","18":"tag-republique-francaise","19":"tag-violences-sexuelles-et-sexistes"},"share_on_mastodon":{"url":"https:\/\/pubeurope.com\/@fr\/115623167512773976","error":""},"_links":{"self":[{"href":"https:\/\/www.europesays.com\/fr\/wp-json\/wp\/v2\/posts\/562857","targetHints":{"allow":["GET"]}}],"collection":[{"href":"https:\/\/www.europesays.com\/fr\/wp-json\/wp\/v2\/posts"}],"about":[{"href":"https:\/\/www.europesays.com\/fr\/wp-json\/wp\/v2\/types\/post"}],"author":[{"embeddable":true,"href":"https:\/\/www.europesays.com\/fr\/wp-json\/wp\/v2\/users\/2"}],"replies":[{"embeddable":true,"href":"https:\/\/www.europesays.com\/fr\/wp-json\/wp\/v2\/comments?post=562857"}],"version-history":[{"count":0,"href":"https:\/\/www.europesays.com\/fr\/wp-json\/wp\/v2\/posts\/562857\/revisions"}],"wp:featuredmedia":[{"embeddable":true,"href":"https:\/\/www.europesays.com\/fr\/wp-json\/wp\/v2\/media\/562858"}],"wp:attachment":[{"href":"https:\/\/www.europesays.com\/fr\/wp-json\/wp\/v2\/media?parent=562857"}],"wp:term":[{"taxonomy":"category","embeddable":true,"href":"https:\/\/www.europesays.com\/fr\/wp-json\/wp\/v2\/categories?post=562857"},{"taxonomy":"post_tag","embeddable":true,"href":"https:\/\/www.europesays.com\/fr\/wp-json\/wp\/v2\/tags?post=562857"}],"curies":[{"name":"wp","href":"https:\/\/api.w.org\/{rel}","templated":true}]}}