{"id":562859,"date":"2025-11-27T18:52:20","date_gmt":"2025-11-27T18:52:20","guid":{"rendered":"https:\/\/www.europesays.com\/fr\/562859\/"},"modified":"2025-11-27T18:52:20","modified_gmt":"2025-11-27T18:52:20","slug":"une-partition-oubliee-rejouee-au-temple-du-ha","status":"publish","type":"post","link":"https:\/\/www.europesays.com\/fr\/562859\/","title":{"rendered":"une partition oubli\u00e9e rejou\u00e9e au temple du H\u00e2"},"content":{"rendered":"<p>            Un motet \u00e0 cinq voix<\/p>\n<p>Un compositeur auquel l\u2019actuel pr\u00e9sident de l\u2019acad\u00e9mie, Jo\u00ebl Dehais, s\u2019int\u00e9resse de pr\u00e8s. M\u00e9lomane, musicien lui-m\u00eame, il avait d\u00e9j\u00e0 fait acheter une partition qu\u2019il croyait \u00eatre de lui en 2022, \u00ab\u00a0mais son \u00e9criture correspond plus au style du XIXe\u00a0si\u00e8cle. On suppose qu\u2019elle est en fait de <a href=\"https:\/\/www.sudouest.fr\/redaction\/insolite\/quatre-histoires-insolites-pour-quatre-tombes-au-cimetiere-de-la-chartreuse-a-bordeaux-17277952.php\" target=\"_blank\" rel=\"follow noopener\">Pierre Rode<\/a>, un autre compositeur bordelais.\u00a0\u00bb<\/p>\n<p>        <img decoding=\"async\" id=\"26881828\" src=\"https:\/\/www.europesays.com\/fr\/wp-content\/uploads\/2025\/11\/b330636101-ms628-2-0001.jpeg\" alt=\"La partition du \u00ab\u00a0Libera me, Domine\u00a0\u00bb cr\u00e9\u00e9 le 28\u00a0janvier 1716 et qui n\u2019a pas \u00e9t\u00e9 redonn\u00e9e depuis 309\u00a0ans.\" itemprop=\"contentURL\"\/><\/p>\n<p>    La partition du \u00ab\u00a0Libera me, Domine\u00a0\u00bb cr\u00e9\u00e9 le 28\u00a0janvier 1716 et qui n\u2019a pas \u00e9t\u00e9 redonn\u00e9e depuis 309\u00a0ans.<\/p>\n<p>Acad\u00e9mie nationale des sciences, belles-lettres et arts<\/p>\n<p>La partition qui sera jou\u00e9e samedi\u00a029, est, elle, un motet \u00e0 cinq voix avec accompagnement instrumental, \u00e9crit en hommage \u00e0 Louis\u00a0XIV, d\u00e9c\u00e9d\u00e9 quelques mois plus t\u00f4t. \u00ab\u00a0Elle est int\u00e9gr\u00e9e dans un Requiem de Jean Gilles, ma\u00eetre de chapelle \u00e0 Toulouse, qui n\u2019avait pas compos\u00e9 la partie finale. Celle-ci est anonyme. Comme c\u2019\u00e9tait Sarrau de Boynet qui dirigeait l\u2019orchestre, il est tr\u00e8s vraisemblable qu\u2019il a aussi compos\u00e9 cette partie.\u00a0\u00bb<\/p>\n<p>        <img decoding=\"async\" id=\"26881803\" src=\"https:\/\/www.europesays.com\/fr\/wp-content\/uploads\/2025\/11\/portrait-disaac-sarrau-de-boynet.jpeg\" alt=\"Isaac Sarrau de Boynet\u00a0: \u00ab\u00a0Il a cr\u00e9\u00e9 l\u2019\u00e9cole de musique qui est l\u2019anc\u00eatre du conservatoire.\u00a0\u00bb\" itemprop=\"contentURL\"\/><\/p>\n<p>    Isaac Sarrau de Boynet\u00a0: \u00ab\u00a0Il a cr\u00e9\u00e9 l\u2019\u00e9cole de musique qui est l\u2019anc\u00eatre du conservatoire.\u00a0\u00bb<\/p>\n<p>Acad\u00e9mie nationale des sciences, belles-lettres et arts<\/p>\n<p>C\u2019est \u00e0 la biblioth\u00e8que municipale que Jo\u00ebl Dehais a d\u00e9nich\u00e9 cette pi\u00e8ce d\u2019une douzaine de minutes. L\u2019occasion de faire revivre une \u0153uvre fondatrice. \u00ab\u00a0C\u2019est avec Sarrau de Boynet que la vie musicale a vraiment commenc\u00e9 \u00e0 Bordeaux. Auparavant, elle se limitait au cadre religieux ou aux salons de la noblesse. Mais avec la cr\u00e9ation de l\u2019acad\u00e9mie, chaque s\u00e9ance s\u2019est termin\u00e9e par des ch\u0153urs avec accompagnement musical. Et \u00e0 partir de 1750, ils ont \u00e9t\u00e9 ouverts au public. Pour que la qualit\u00e9 des concerts soit suffisante, il fallait former les chanteurs et les musiciens. Sarrau de Boynet a alors cr\u00e9\u00e9 une \u00e9cole de musique, qui est l\u2019anc\u00eatre du conservatoire.\u00a0\u00bb Retour aux sources samedi\u00a029.<\/p>\n","protected":false},"excerpt":{"rendered":"Un motet \u00e0 cinq voix Un compositeur auquel l\u2019actuel pr\u00e9sident de l\u2019acad\u00e9mie, Jo\u00ebl Dehais, s\u2019int\u00e9resse de pr\u00e8s. M\u00e9lomane,&hellip;\n","protected":false},"author":2,"featured_media":562860,"comment_status":"","ping_status":"","sticky":false,"template":"","format":"standard","meta":{"footnotes":""},"categories":[2817],"tags":[1111,11,1997,1777,674,1011,27,12,2219,25],"class_list":{"0":"post-562859","1":"post","2":"type-post","3":"status-publish","4":"format-standard","5":"has-post-thumbnail","7":"category-bordeaux","8":"tag-actu","9":"tag-actualites","10":"tag-bordeaux","11":"tag-eu","12":"tag-europe","13":"tag-fr","14":"tag-france","15":"tag-news","16":"tag-nouvelle-aquitaine","17":"tag-republique-francaise"},"share_on_mastodon":{"url":"https:\/\/pubeurope.com\/@fr\/115623176357687159","error":""},"_links":{"self":[{"href":"https:\/\/www.europesays.com\/fr\/wp-json\/wp\/v2\/posts\/562859","targetHints":{"allow":["GET"]}}],"collection":[{"href":"https:\/\/www.europesays.com\/fr\/wp-json\/wp\/v2\/posts"}],"about":[{"href":"https:\/\/www.europesays.com\/fr\/wp-json\/wp\/v2\/types\/post"}],"author":[{"embeddable":true,"href":"https:\/\/www.europesays.com\/fr\/wp-json\/wp\/v2\/users\/2"}],"replies":[{"embeddable":true,"href":"https:\/\/www.europesays.com\/fr\/wp-json\/wp\/v2\/comments?post=562859"}],"version-history":[{"count":0,"href":"https:\/\/www.europesays.com\/fr\/wp-json\/wp\/v2\/posts\/562859\/revisions"}],"wp:featuredmedia":[{"embeddable":true,"href":"https:\/\/www.europesays.com\/fr\/wp-json\/wp\/v2\/media\/562860"}],"wp:attachment":[{"href":"https:\/\/www.europesays.com\/fr\/wp-json\/wp\/v2\/media?parent=562859"}],"wp:term":[{"taxonomy":"category","embeddable":true,"href":"https:\/\/www.europesays.com\/fr\/wp-json\/wp\/v2\/categories?post=562859"},{"taxonomy":"post_tag","embeddable":true,"href":"https:\/\/www.europesays.com\/fr\/wp-json\/wp\/v2\/tags?post=562859"}],"curies":[{"name":"wp","href":"https:\/\/api.w.org\/{rel}","templated":true}]}}