{"id":562861,"date":"2025-11-27T18:53:24","date_gmt":"2025-11-27T18:53:24","guid":{"rendered":"https:\/\/www.europesays.com\/fr\/562861\/"},"modified":"2025-11-27T18:53:24","modified_gmt":"2025-11-27T18:53:24","slug":"proces-des-vols-de-grands-crus-la-cour-dappel-de-bordeaux-juge-le-reseau","status":"publish","type":"post","link":"https:\/\/www.europesays.com\/fr\/562861\/","title":{"rendered":"Proc\u00e8s des vols de grands crus : la cour d\u2019appel de Bordeaux juge le r\u00e9seau"},"content":{"rendered":"<p> Le proc\u00e8s de douze membres pr\u00e9sum\u00e9s d&rsquo;un r\u00e9seau surnomm\u00e9 \u00ab\u00a0le gang des grands crus\u00a0\u00bb, dont six Chinois, s&rsquo;est ouvert \u00e0 Bordeaux pour des cambriolages d&rsquo;entrep\u00f4ts de vin dont le pr\u00e9judice avoisine cinq millions d&rsquo;euros !<\/p>\n<p>Apr\u00e8s deux ans et demi de bataille proc\u00e9durale, la cour d&rsquo;appel doit juger jusqu&rsquo;\u00e0 vendredi les pr\u00e9venus, poursuivis pour vols avec effraction et en r\u00e9union, association de malfaiteurs, ou recel.<\/p>\n<p>Un vaste coup de filet <\/p>\n<p>Le d\u00e9mant\u00e8lement du r\u00e9seau remonte \u00e0 d\u00e9cembre 2020, men\u00e9 par des gendarmes et des policiers en Gironde, Dordogne et dans la Loire cible alors \u00ab\u00a0diff\u00e9rentes \u00e9quipes de voleurs sp\u00e9cialis\u00e9s dans les vols de grands crus\u00a0\u00bb.<br \/>Une seconde op\u00e9ration, men\u00e9e en mars 2021 par la gendarmerie dans un centre commercial de vente en gros \u00e0 Aubervilliers (Seine-Saint-Denis), permet ensuite \u00ab\u00a0d&rsquo;identifier une importante fili\u00e8re de recel de la marchandise d\u00e9rob\u00e9e, compos\u00e9e de commer\u00e7ants et de restaurateurs de la communaut\u00e9 asiatique\u00a0\u00bb, avec <a href=\"https:\/\/www.pleinchamp.com\/actualite\/80-millions-d-euros-pour-renforcer-la-competitivite-l-image-et-la-notoriete-des-vins-francais-a-l-export\" target=\"_blank\" title=\"\" rel=\"noopener\">des soup\u00e7ons de fili\u00e8re d&rsquo;export<\/a> vers la Chine.<\/p>\n<p>La cr\u00e8me de la cr\u00e8me d\u00e9rob\u00e9e <\/p>\n<p>Les enqu\u00eateurs ont saisi plusieurs centaines de bouteilles de grands crus du Bordelais &#8211; Ch\u00e2teau d&rsquo;Yquem, Lafite Rotschild, Ang\u00e9lus, Petrus, Ch\u00e2teau Margaux, Cheval Blanc &#8211; et d&rsquo;ailleurs, comme des Roman\u00e9e-Conti (Bourgogne). Le pr\u00e9judice inclut un butin d&rsquo;au moins trois millions d&rsquo;euros pour le vin, des vols de v\u00e9hicules ou encore des d\u00e9gradations. Les cambrioleurs ciblaient des entrep\u00f4ts de soci\u00e9t\u00e9s ou de maisons de n\u00e9goce, autour de Bordeaux, et agissaient de nuit en utilisant des fourgons vol\u00e9s, selon les enqu\u00eateurs. L&rsquo;un des principaux accus\u00e9s est un Girondin de 34 ans, au casier judiciaire d\u00e9j\u00e0 lourd, \u00e9galement poursuivi pour violences aggrav\u00e9es et pour le vol avec<br \/>violence d&rsquo;environ 100.000 euros au pr\u00e9judice de plusieurs de ses copr\u00e9venus chinois. Jug\u00e9 en r\u00e9cidive, comparaissant libre, il encourt 20 ans de prison.<\/p>\n<p>Une \u00ab\u00a0violation de leurs droits\u00a0\u00bb<\/p>\n<p>En avril 2023, un premier proc\u00e8s avait \u00e9t\u00e9 ajourn\u00e9 par le tribunal correctionnel de Bordeaux en raison d&rsquo;irr\u00e9gularit\u00e9s d\u00e9nonc\u00e9es par la d\u00e9fense dans l&rsquo;ordonnance de renvoi du juge d&rsquo;instruction. L&rsquo;affaire \u00e9tait remont\u00e9e jusqu&rsquo;\u00e0 la Cour de cassation qui l&rsquo;avait renvoy\u00e9e<a href=\"https:\/\/www.pleinchamp.com\/actualite\/vigne-vin~vins-languedociens-vendus-comme-bordeaux-plainte-de-la-confederation-paysanne\" target=\"_blank\" title=\"\" rel=\"noopener\"> devant la cour d&rsquo;appel de Bordeaux<\/a>, sans qu&rsquo;il y ait eu de jugement de premi\u00e8re instance sur le fond du dossier, ni de modification de l&rsquo;ordonnance vis\u00e9e.<br \/>Mercredi matin, plusieurs avocats de pr\u00e9venus ont encore d\u00e9nonc\u00e9 une \u00ab\u00a0violation de leurs droits\u00a0\u00bb &#8211; qui fait l&rsquo;objet d&rsquo;un autre pourvoi en cassation, toujours pendant. La cour a cependant d\u00e9cid\u00e9 de joindre ces contestations au fond de l&rsquo;affaire et d&rsquo;examiner les faits.<\/p>\n","protected":false},"excerpt":{"rendered":"Le proc\u00e8s de douze membres pr\u00e9sum\u00e9s d&rsquo;un r\u00e9seau surnomm\u00e9 \u00ab\u00a0le gang des grands crus\u00a0\u00bb, dont six Chinois, s&rsquo;est&hellip;\n","protected":false},"author":2,"featured_media":562862,"comment_status":"","ping_status":"","sticky":false,"template":"","format":"standard","meta":{"footnotes":""},"categories":[2817],"tags":[1111,11,1997,1777,674,1011,27,12,2219,25],"class_list":{"0":"post-562861","1":"post","2":"type-post","3":"status-publish","4":"format-standard","5":"has-post-thumbnail","7":"category-bordeaux","8":"tag-actu","9":"tag-actualites","10":"tag-bordeaux","11":"tag-eu","12":"tag-europe","13":"tag-fr","14":"tag-france","15":"tag-news","16":"tag-nouvelle-aquitaine","17":"tag-republique-francaise"},"share_on_mastodon":{"url":"https:\/\/pubeurope.com\/@fr\/115623179346630295","error":""},"_links":{"self":[{"href":"https:\/\/www.europesays.com\/fr\/wp-json\/wp\/v2\/posts\/562861","targetHints":{"allow":["GET"]}}],"collection":[{"href":"https:\/\/www.europesays.com\/fr\/wp-json\/wp\/v2\/posts"}],"about":[{"href":"https:\/\/www.europesays.com\/fr\/wp-json\/wp\/v2\/types\/post"}],"author":[{"embeddable":true,"href":"https:\/\/www.europesays.com\/fr\/wp-json\/wp\/v2\/users\/2"}],"replies":[{"embeddable":true,"href":"https:\/\/www.europesays.com\/fr\/wp-json\/wp\/v2\/comments?post=562861"}],"version-history":[{"count":0,"href":"https:\/\/www.europesays.com\/fr\/wp-json\/wp\/v2\/posts\/562861\/revisions"}],"wp:featuredmedia":[{"embeddable":true,"href":"https:\/\/www.europesays.com\/fr\/wp-json\/wp\/v2\/media\/562862"}],"wp:attachment":[{"href":"https:\/\/www.europesays.com\/fr\/wp-json\/wp\/v2\/media?parent=562861"}],"wp:term":[{"taxonomy":"category","embeddable":true,"href":"https:\/\/www.europesays.com\/fr\/wp-json\/wp\/v2\/categories?post=562861"},{"taxonomy":"post_tag","embeddable":true,"href":"https:\/\/www.europesays.com\/fr\/wp-json\/wp\/v2\/tags?post=562861"}],"curies":[{"name":"wp","href":"https:\/\/api.w.org\/{rel}","templated":true}]}}