{"id":562867,"date":"2025-11-27T18:57:12","date_gmt":"2025-11-27T18:57:12","guid":{"rendered":"https:\/\/www.europesays.com\/fr\/562867\/"},"modified":"2025-11-27T18:57:12","modified_gmt":"2025-11-27T18:57:12","slug":"33-tours-le-futur-coffee-shop-dun-couple-passionne-pour-ecouter-du-bon-son-et-se-regaler","status":"publish","type":"post","link":"https:\/\/www.europesays.com\/fr\/562867\/","title":{"rendered":"33 Tours, le futur coffee shop d&rsquo;un couple passionn\u00e9 pour \u00e9couter du bon son et se r\u00e9galer"},"content":{"rendered":"<p>                    Par<br \/>\n        <strong><br \/>\n            <a href=\"https:\/\/actu.fr\/auteur\/hervine-mahaud\" title=\"Consulter tous les articles de Hervine Mahaud\" target=\"_blank\" rel=\"noopener\">Hervine Mahaud<\/a><br \/>\n                    <\/strong><\/p>\n<p>        Publi\u00e9 le<\/p>\n<p>            27 nov. 2025 \u00e0 18h36        <\/p>\n<p>Dans le <b data-end=\"519\">Vieux-Lille<\/b>, au 33 rue des Trois Mollettes, un projet singulier est en train de na\u00eetre : <b data-end=\"609\">33 Tours<\/b>, un <b>coffee shop<\/b> imagin\u00e9 comme un v\u00e9ritable <b>lieu de vie o\u00f9 le caf\u00e9, la musique et la culture urbaine<\/b> se rencontrent. Derri\u00e8re ce concept, un duo complice : <b data-end=\"790\">Pauline Pion<\/b> (38 ans) et <b data-end=\"822\">Mehdi Metennani<\/b> (30 ans). En couple, tous deux <b>issus de la restauration<\/b>, ils reviennent \u00e0 <a href=\"https:\/\/actu.fr\/lille\/\" target=\"_blank\" rel=\"noopener\">Lille<\/a> apr\u00e8s des ann\u00e9es de voyages et d\u2019exp\u00e9riences professionnelles \u00e0 travers le monde. Leur ambition est claire : cr\u00e9er <b>un endroit accueillant, accessible, mais exigeant<\/b>, capable de fid\u00e9liser les habitants du quartier. L\u2019ouverture est pr\u00e9vue <b data-end=\"1145\">d\u00e9but 2026<\/b>, le temps de finaliser les travaux et de peaufiner ce lieu qui veut marquer les esprits.<\/p>\n<p>Un couple de passionn\u00e9s de musique ouvre un nouveau coffee shop dans le Vieux-Lille<\/p>\n<p data-end=\"1886\" class=\" wall-content\">\u00ab\u00a0Le coffee shop, c\u2019est le bon mix. Ce sont les nouveaux lieux de vie, et nous, on sait accueillir les gens\u00a0\u00bb, explique le duo. <b>Pauline<\/b>, originaire de Tahiti et fille de restaurateur, a pass\u00e9 plus de dix ans \u00e0 voyager pour le <b>groupe Mama Shelter<\/b>, au sein duquel elle \u00e9tait responsable de la restauration. De son c\u00f4t\u00e9, Mehdi, Lillois d\u2019origine, a lui aussi exerc\u00e9 dans la restauration dans le sud, avant de remonter dans le Nord. Apr\u00e8s un tour des Mama Shelter de Lille, Dijon et Paris, il embauche au c\u00e9l\u00e8bre <b>Caf\u00e9 Kitsun\u00e9 du Palais Royal \u00e0 Paris<\/b>. C\u2019est l\u00e0 qu\u2019il s\u2019est form\u00e9 au m\u00e9tier de <b>barista<\/b>, \u00ab\u00a0de la torr\u00e9faction au latte art, et avec un d\u00e9bit de service incroyable\u00a0\u00bb.<\/p>\n<p data-end=\"1886\" class=\" wall-content\">\n<a href=\"https:\/\/www.instagram.com\/p\/DQj0Q69jHys\/embed\" title=\"Ouvrir le lien sur Instagram\" target=\"_blank\" rel=\"noopener\">Visualiser le contenu sur Instagram<\/a><\/p>\n<p data-end=\"2273\" class=\" wall-content\">Les deux ont tent\u00e9 l\u2019aventure parisienne en 2024 pour des raisons professionnelles. \u00ab\u00a0Tr\u00e8s enrichissant sur le plan du travail, mais pas adapt\u00e9 \u00e0 notre vie perso\u00a0\u00bb, reconnaissent-ils. Alors ils sont revenus \u00e0 Lille, avec l\u2019id\u00e9e d\u2019ouvrir d\u2019abord un restaurant\u2026 avant de bifurquer. \u00ab\u00a0<b>Le coffee shop \u00e9tait plus coh\u00e9rent<\/b>, pour des raisons \u00e9conomiques, et surtout, on pouvait tout faire nous-m\u00eames.\u00a0\u00bb<\/p>\n<p>Une ambiance pens\u00e9e autour du vinyle et de la culture urbaine<\/p>\n<p data-end=\"2694\" class=\" wall-content\">33 Tours tire son nom d\u2019une <b>passion commune : la musique<\/b>. \u00ab\u00a0On a grandi dedans. On a une grande <b>collection de vinyles<\/b>, et on voulait qu\u2019elle vive dans le lieu.\u00a0\u00bb Un mur entier leur sera consacr\u00e9, face \u00e0 un <b>comptoir \u00e9quip\u00e9 d\u2019une platine<\/b> qui tournera en continu. La <b>playlist<\/b> changera selon l\u2019humeur du jour, passant du rap fran\u00e7ais \u00e0 la soul, du ra\u00ef au rock.<\/p>\n<p data-end=\"3192\" class=\" wall-content\">Mais la musique n\u2019est qu\u2019un point de d\u00e9part. Le couple veut faire du coffee shop un espace ancr\u00e9 dans la <b>culture urbaine<\/b> : danse, graff, street art, photo\u2026 Des <b>expositions d\u2019artistes lillois<\/b> sont d\u00e9j\u00e0 pr\u00e9vues. La premi\u00e8re mettra en lumi\u00e8re le photographe Robin, The Only Passenger.<\/p>\n<p data-end=\"3192\" class=\" wall-content\">\n<a href=\"https:\/\/www.instagram.com\/p\/DRU2DyyDNa9\/embed\" title=\"Ouvrir le lien sur Instagram\" target=\"_blank\" rel=\"noopener\">Visualiser le contenu sur Instagram<\/a><\/p>\n<p>Votre r\u00e9gion, votre actu !<\/p>\n<p>Recevez chaque jour les infos qui comptent pour vous.<\/p>\n<p>\t<a href=\"https:\/\/actu.fr\/newsletter\" class=\"ac-btn ac-btn--corner ac-btn--medium ac-btn--blue800\" target=\"_blank\" rel=\"noopener\">S&rsquo;incrire<\/a><\/p>\n<p data-end=\"3192\" class=\" wall-content\">\u00ab\u00a0Ceux qui veulent \u00eatre expos\u00e9s gratuitement sont les bienvenus\u00a0\u00bb, pr\u00e9cise Mehdi. Juste en face, la boutique <b data-end=\"3118\">Momentum Design Store<\/b> participera \u00e0 l\u2019aventure : mobilier, vaisselle et collaborations \u00e0 venir.<\/p>\n<p>Un coffee shop accessible\u2026 mais exigeant<\/p>\n<p data-end=\"3561\" class=\" wall-content\">L\u2019ambition de 33 Tours est claire : <b>m\u00ealer proximit\u00e9 et qualit\u00e9<\/b>. Le couple parle souvent de l\u2019esprit d\u2019un PMU, mais r\u00e9invent\u00e9 : \u00ab\u00a0On veut garder la convivialit\u00e9, la fid\u00e9lit\u00e9, la proximit\u00e9\u2026 mais avec une ex\u00e9cution parfaite. On ne veut pas d\u2019un espresso \u00e0 2 \u20ac, on veut du bon caf\u00e9 accessible \u00e0 tous, de l\u2019\u00e9tudiant \u00e0 la petite mamie.\u00a0\u00bb<\/p>\n<p data-end=\"4090\" class=\" wall-content\">Le torr\u00e9facteur lillois <b data-end=\"3595\">Muda<\/b> fournira le caf\u00e9, mais des \u00ab\u00a0tours de pays\u00a0\u00bb permettront de d\u00e9couvrir d\u2019autres torr\u00e9facteurs, belges, espagnols ou danois. Le th\u00e9 viendra du <b data-end=\"3753\">Parti du Th\u00e9<\/b>, \u00e0 Paris. Quant \u00e0 la carte des boissons, elle proposera des <b>caf\u00e9s signatures<\/b> comme des lattes peanut butter, pistache ou pralin\u00e9, et m\u00eame des <b data-end=\"3890\">foam<\/b>, ces boissons translucides surmont\u00e9es d\u2019une mousse, particuli\u00e8rement instagrammables. Il y aura aussi <b>du vin, des bi\u00e8res<\/b> et quelques r\u00e9f\u00e9rences bio, \u00ab\u00a0pour sortir de l\u2019ordinaire\u00a0\u00bb.<\/p>\n<p>Une carte maison, locale et en continu<\/p>\n<p data-end=\"4714\" class=\" wall-content\">Mehdi s\u2019occupera du sal\u00e9, Pauline du sucr\u00e9. <b>Tout sera maison, en service continu<\/b>, avec un approvisionnement <b>local<\/b> via Entraid\u2019Union. Pas de grande carte : le couple pr\u00e9f\u00e8re d\u00e9cliner des <b>mono-produits bien ma\u00eetris\u00e9s<\/b>.<\/p>\n<p data-end=\"4714\" class=\" wall-content\">On pourra ainsi choisir parmi <b>quatre sandwichs g\u00e9n\u00e9reux<\/b> (thon fa\u00e7on tuna melt, b\u0153uf caram\u00e9lis\u00e9 au sirop d\u2019\u00e9rable, poulet croustillant ou grilled cheese), tous r\u00e9alis\u00e9s avec le pain de mie brioch\u00e9 de la boulangerie <b data-end=\"4580\">Brood<\/b>. Des demi-sandwichs seront propos\u00e9s, ainsi qu\u2019une salade g\u00e9n\u00e9reuse et des <b>assiettes petit-d\u00e9jeuner<\/b> servies\u2026 \u00e0 n\u2019importe quelle heure.<\/p>\n<p data-end=\"4714\" class=\" wall-content\">\n<a href=\"https:\/\/www.instagram.com\/p\/DQj0PVkjMCm\/embed\" title=\"Ouvrir le lien sur Instagram\" target=\"_blank\" rel=\"noopener\">Visualiser le contenu sur Instagram<\/a><\/p>\n<p data-end=\"4892\" class=\" wall-content\">C\u00f4t\u00e9 sucr\u00e9, l\u2019adresse proposera des <b>rolls<\/b> d\u00e9clin\u00e9s selon les saisons, des <b>cakes<\/b> (carotte, citron, pistache-matcha\u2026) ainsi que les <b>viennoiseries<\/b> de la <a href=\"https:\/\/actu.fr\/hauts-de-france\/lille_59350\/dans-le-vieux-lille-la-patisserie-textures-et-son-incroyable-flan-a-la-vanille-seduisent-les-gourmands_63310271.html\" target=\"_blank\" rel=\"noopener\">p\u00e2tisserie Textures<\/a>.<\/p>\n<p>Un lieu d\u00e9j\u00e0 pens\u00e9 pour s\u2019y sentir bien<\/p>\n<p data-end=\"5281\" class=\" wall-content\">Le local, ancien studio de beaut\u00e9, a \u00e9t\u00e9 un coup de c\u0153ur. <b>Terrasse<\/b> exploitable \u00e0 l\u2019arri\u00e8re, briques (redevenues) apparentes, beaucoup de bois, des plantes, des pi\u00e8ces design et des magazines \u00e0 disposition\u2026 \u00ab\u00a0On veut que les gens aient envie de rester\u00a0\u00bb, explique Pauline. Il y aura <b>17 places assises \u00e0 l\u2019int\u00e9rieur<\/b>, 15 dans le jardin et un labo en sous-sol pour la pr\u00e9paration.<\/p>\n<p data-end=\"5281\" class=\" wall-content\">\n<a href=\"https:\/\/www.instagram.com\/p\/DQj0MpwjGt1\/embed\" title=\"Ouvrir le lien sur Instagram\" target=\"_blank\" rel=\"noopener\">Visualiser le contenu sur Instagram<\/a><\/p>\n<p data-end=\"5444\" class=\" wall-content\">L\u2019ouverture est pr\u00e9vue <b data-end=\"5320\">d\u00e9but 2026<\/b>, avec une ouverture 7 jours sur 7, de 8 h \u00e0 19 h (ou peut-\u00eatre 20 h), le temps d\u2019observer la vie de la rue avant d\u2019ajuster.<\/p>\n<p class=\" wall-content\">Personnalisez votre actualit\u00e9 en ajoutant vos villes et m\u00e9dias en favori avec <a href=\"https:\/\/moncompte.actu.fr\" title=\"D\u00e9couvez Mon Actu\" rel=\"nofollow noopener\" data-trk=\"{&quot;cta&quot;:{&quot;action&quot;:&quot;https:\\\/\\\/moncompte.actu.fr&quot;,&quot;category&quot;:&quot;mon compte&quot;,&quot;from&quot;:&quot;article footer&quot;,&quot;name&quot;:&quot;Mon actu&quot;,&quot;type&quot;:&quot;cta&quot;}}\" target=\"_blank\">Mon Actu<\/a>.<\/p>\n<p>                    <script async src=\"\/\/www.instagram.com\/embed.js\"><\/script><\/p>\n","protected":false},"excerpt":{"rendered":"Par Hervine Mahaud Publi\u00e9 le 27 nov. 2025 \u00e0 18h36 Dans le Vieux-Lille, au 33 rue des Trois&hellip;\n","protected":false},"author":2,"featured_media":562868,"comment_status":"","ping_status":"","sticky":false,"template":"","format":"standard","meta":{"footnotes":""},"categories":[2815],"tags":[1111,11,33,1777,674,1011,27,811,1307,12,3147,25],"class_list":{"0":"post-562867","1":"post","2":"type-post","3":"status-publish","4":"format-standard","5":"has-post-thumbnail","7":"category-lille","8":"tag-actu","9":"tag-actualites","10":"tag-economie","11":"tag-eu","12":"tag-europe","13":"tag-fr","14":"tag-france","15":"tag-hauts-de-france","16":"tag-lille","17":"tag-news","18":"tag-nouveaux-commerces","19":"tag-republique-francaise"},"share_on_mastodon":{"url":"https:\/\/pubeurope.com\/@fr\/115623195205271729","error":""},"_links":{"self":[{"href":"https:\/\/www.europesays.com\/fr\/wp-json\/wp\/v2\/posts\/562867","targetHints":{"allow":["GET"]}}],"collection":[{"href":"https:\/\/www.europesays.com\/fr\/wp-json\/wp\/v2\/posts"}],"about":[{"href":"https:\/\/www.europesays.com\/fr\/wp-json\/wp\/v2\/types\/post"}],"author":[{"embeddable":true,"href":"https:\/\/www.europesays.com\/fr\/wp-json\/wp\/v2\/users\/2"}],"replies":[{"embeddable":true,"href":"https:\/\/www.europesays.com\/fr\/wp-json\/wp\/v2\/comments?post=562867"}],"version-history":[{"count":0,"href":"https:\/\/www.europesays.com\/fr\/wp-json\/wp\/v2\/posts\/562867\/revisions"}],"wp:featuredmedia":[{"embeddable":true,"href":"https:\/\/www.europesays.com\/fr\/wp-json\/wp\/v2\/media\/562868"}],"wp:attachment":[{"href":"https:\/\/www.europesays.com\/fr\/wp-json\/wp\/v2\/media?parent=562867"}],"wp:term":[{"taxonomy":"category","embeddable":true,"href":"https:\/\/www.europesays.com\/fr\/wp-json\/wp\/v2\/categories?post=562867"},{"taxonomy":"post_tag","embeddable":true,"href":"https:\/\/www.europesays.com\/fr\/wp-json\/wp\/v2\/tags?post=562867"}],"curies":[{"name":"wp","href":"https:\/\/api.w.org\/{rel}","templated":true}]}}