{"id":562869,"date":"2025-11-27T18:58:43","date_gmt":"2025-11-27T18:58:43","guid":{"rendered":"https:\/\/www.europesays.com\/fr\/562869\/"},"modified":"2025-11-27T18:58:43","modified_gmt":"2025-11-27T18:58:43","slug":"quelle-chaine-diffuse-le-match-2","status":"publish","type":"post","link":"https:\/\/www.europesays.com\/fr\/562869\/","title":{"rendered":"quelle cha\u00eene diffuse le match ?"},"content":{"rendered":"<p><strong>Lille re\u00e7oit le Dinamo Zagreb ce<br \/>\njeudi, dans le cadre de la 5e journ\u00e9e de Ligue Europa. Voici la<br \/>\ncha\u00eene et le streaming du match.<\/strong><\/p>\n<p>L\u2019heure est au r\u00e9veil europ\u00e9enne pour le LOSC. Apr\u00e8s deux<br \/>\nvictoires, les Dogues ont ensuite conc\u00e9d\u00e9 deux d\u00e9faites de rang,<br \/>\ndont la plus r\u00e9cente sur le terrain de l\u2019\u00c9toile Rouge Belgrade<br \/>\n(1-0) le 6 novembre dernier. Ce jeudi, les Nordistes accueillent le<br \/>\nDinamo Zagreb qui les devancent d\u2019un point au classement de la<br \/>\nphase de ligue de <a href=\"https:\/\/www.sports.fr\/football\/ligue-europa\" target=\"_blank\" rel=\"noopener\">Ligue Europa<\/a>.<\/p>\n<p>Bruno Genesio b\u00e9n\u00e9ficiera sur cette rencontre de l\u2019apport<br \/>\nd\u2019<a href=\"https:\/\/www.sports.fr\/football\/ligue-europa\/ethan-mbappe-cest-officiel-5-970229.html\" target=\"_blank\" rel=\"noopener\">Ethan<br \/>\nMbapp\u00e9 rappel\u00e9 dans le groupe<\/a> pour la comp\u00e9tition en raison de<br \/>\nla blessure longue dur\u00e9e d\u2019Alexsandro. Le petit fr\u00e8re de Kylian<br \/>\nMbapp\u00e9 devrait toutefois d\u00e9buter la rencontre sur le banc.<\/p>\n<blockquote class=\"twitter-tweet\"><p><a class=\"twitter-link\" rel=\"noindex, nofollow noopener\" href=\"https:\/\/twitter.com\/sports_fr\/status\/1994066795674665423\" target=\"_blank\"><\/p><\/blockquote>\n<p>Lille se doit de gagner face aux Croates qui ne sont pas<br \/>\nnon-plus dans la meilleure des dynamiques dans cette Ligue Europa,<br \/>\neux qui restent sur un nul (1-1, face \u00e0 Malm\u00f6) et une d\u00e9faite \u00e0<br \/>\ndomicile contre le Celta Vigo (0-3).<\/p>\n<p>Lille-Dinamo Zagreb, o\u00f9 voir le match ?<\/p>\n<p>Le coup d\u2019envoi de la rencontre de la 5e journ\u00e9e de Ligue Europa<br \/>\nentre Lille et le Dinamo Zagreb sera donn\u00e9 ce jeudi \u00e0 18h45. Le<br \/>\nmatch sera arbitr\u00e9 par Monsieur Beaton (\u00c9cosse) et se d\u00e9roulera au<br \/>\nstade Pierre-Mauroy (50 186 places). Il sera diffus\u00e9 en direct sur<br \/>\n<strong>Canal+ Foot<\/strong>, ainsi qu\u2019en streaming sur la<br \/>\nplateforme internet de la cha\u00eene, myCanal.<\/p>\n<p><script async src=\"https:\/\/platform.twitter.com\/widgets.js\" charset=\"utf-8\"><\/script><\/p>\n","protected":false},"excerpt":{"rendered":"Lille re\u00e7oit le Dinamo Zagreb ce jeudi, dans le cadre de la 5e journ\u00e9e de Ligue Europa. Voici&hellip;\n","protected":false},"author":2,"featured_media":562870,"comment_status":"","ping_status":"","sticky":false,"template":"","format":"standard","meta":{"footnotes":""},"categories":[2815],"tags":[1111,11,1777,674,1011,27,811,1307,12,25],"class_list":{"0":"post-562869","1":"post","2":"type-post","3":"status-publish","4":"format-standard","5":"has-post-thumbnail","7":"category-lille","8":"tag-actu","9":"tag-actualites","10":"tag-eu","11":"tag-europe","12":"tag-fr","13":"tag-france","14":"tag-hauts-de-france","15":"tag-lille","16":"tag-news","17":"tag-republique-francaise"},"share_on_mastodon":{"url":"https:\/\/pubeurope.com\/@fr\/115623198914057962","error":""},"_links":{"self":[{"href":"https:\/\/www.europesays.com\/fr\/wp-json\/wp\/v2\/posts\/562869","targetHints":{"allow":["GET"]}}],"collection":[{"href":"https:\/\/www.europesays.com\/fr\/wp-json\/wp\/v2\/posts"}],"about":[{"href":"https:\/\/www.europesays.com\/fr\/wp-json\/wp\/v2\/types\/post"}],"author":[{"embeddable":true,"href":"https:\/\/www.europesays.com\/fr\/wp-json\/wp\/v2\/users\/2"}],"replies":[{"embeddable":true,"href":"https:\/\/www.europesays.com\/fr\/wp-json\/wp\/v2\/comments?post=562869"}],"version-history":[{"count":0,"href":"https:\/\/www.europesays.com\/fr\/wp-json\/wp\/v2\/posts\/562869\/revisions"}],"wp:featuredmedia":[{"embeddable":true,"href":"https:\/\/www.europesays.com\/fr\/wp-json\/wp\/v2\/media\/562870"}],"wp:attachment":[{"href":"https:\/\/www.europesays.com\/fr\/wp-json\/wp\/v2\/media?parent=562869"}],"wp:term":[{"taxonomy":"category","embeddable":true,"href":"https:\/\/www.europesays.com\/fr\/wp-json\/wp\/v2\/categories?post=562869"},{"taxonomy":"post_tag","embeddable":true,"href":"https:\/\/www.europesays.com\/fr\/wp-json\/wp\/v2\/tags?post=562869"}],"curies":[{"name":"wp","href":"https:\/\/api.w.org\/{rel}","templated":true}]}}