{"id":562871,"date":"2025-11-27T19:00:17","date_gmt":"2025-11-27T19:00:17","guid":{"rendered":"https:\/\/www.europesays.com\/fr\/562871\/"},"modified":"2025-11-27T19:00:17","modified_gmt":"2025-11-27T19:00:17","slug":"lhumoriste-malik-bentalha-attendu-pour-un-double-en-2026-a-marseille","status":"publish","type":"post","link":"https:\/\/www.europesays.com\/fr\/562871\/","title":{"rendered":"L&rsquo;humoriste Malik Bentalha attendu pour un doubl\u00e9 en 2026 \u00e0 Marseille"},"content":{"rendered":"<p>La belle histoire continue entre <a href=\"https:\/\/www.laprovence.com\/article\/culture-loisirs\/1885979654655114\/malik-bentalha-au-dome-de-marseille-jai-des-choses-a-exorciser-sur-scene\" target=\"_blank\" rel=\"noopener\">Malik Bentalha<\/a> et Marseille. Apr\u00e8s les nombreux succ\u00e8s dans les ann\u00e9es\u00a02010, pendant lesquelles il a int\u00e9gr\u00e9 le Jamel Comedy Club \u00e0 seulement 21\u00a0ans, l\u2019humoriste qui a grandi entre le Gard et Avignon avait v\u00e9cu des moments difficiles au tournant de la d\u00e9cennie 2020. Apr\u00e8s avoir surmont\u00e9 une d\u00e9pression, la Provence fut la r\u00e9gion de sa renaissance.<\/p>\n<p>Son show Nouveau monde a \u00e9t\u00e9 peaufin\u00e9 au printemps\u00a02024 \u00e0 Arles, au Cargo de nuit, dans une ambiance familiale. Puis il a port\u00e9 le spectacle au D\u00f4me, \u00e0 Marseille, pour l\u2019une des toutes premi\u00e8res repr\u00e9sentations d\u2019envergure. Pleine \u00e0 craquer en cette soir\u00e9e de f\u00e9vrier dernier avec ses 8\u00a0500 spectateurs, la salle avait \u00e9t\u00e9 l\u2019\u00e9crin d\u2019un pl\u00e9biscite pour Malik Bentalha, dont le succ\u00e8s ne s\u2019est pas att\u00e9nu\u00e9 depuis. Le retour en gr\u00e2ce avait \u00e9t\u00e9 prolong\u00e9 deux mois plus tard, dans le cadre bien plus intime <a href=\"https:\/\/www.laprovence.com\/article\/culture-loisirs\/129153848041615\/deux-mois-apres-le-dome-malik-bentalha-fait-son-retour-en-comedie-club-a-marseille-du-2-au-4-avril\" target=\"_blank\" rel=\"noopener\">du Com\u00e9die Club Vieux-Port<\/a>, pour trois soirs servant \u00e0 pr\u00e9parer ses deux dates \u00e0 l\u2019Adidas Arena de Paris.<\/p>\n<p>Pour son prochain doubl\u00e9, l\u2019artiste retrouvera Marseille, au Cepac Silo cette fois, les 21 et 22\u00a0mai\u00a02026. Deux nouvelles dates pour Nouveau monde, que son cr\u00e9ateur d\u00e9crivait ainsi l\u2019an dernier dans nos colonnes\u00a0: \u00ab\u00a0C\u2019est le parcours de ma d\u00e9pression jusqu\u2019\u00e0 mon retour. C\u2019\u00e9tait dur de mettre le mot dessus car je ne m\u2019en rendais pas compte. Je me suis dit que si je m\u2019en sortais, j\u2019en parlerais pour sensibiliser les gens. Aujourd\u2019hui, je ne me sens plus de faire un spectacle de deux heures sans avoir un minimum de sens dans le contenu [\u2026], j\u2019ai des choses \u00e0 exorciser sur sc\u00e8ne.\u00a0\u00bb<\/p>\n<p>Outre la sant\u00e9 mentale, la politique et l\u2019\u00e9volution de la soci\u00e9t\u00e9, ou encore ses c\u00e9l\u00e8bres parodies de\u00a0<a href=\"https:\/\/www.laprovence.com\/article\/videos\/60597148721777\/degerie-de-jul-a-fondatrice-dune-maison-de-pilates-en-passant-par-secret-story-la-folle-histoire-de-lou-videau\" target=\"_blank\" rel=\"noopener\">Jul<\/a>\u00a0et de l\u2019\u00e9mission de CNews, L\u2019Heure des pros, rythment le spectacle. Tandis que le registre varie entre rire collectif et moments d\u2019\u00e9motion, dont une s\u00e9quence finale particuli\u00e8rement touchante.<\/p>\n<p>Les 21 et 22 mai 2026 \u00e0 20h au Cepac Silo, \u00e0 Marseille. De 47 \u00e0 52\u20ac, www.cepacsilo-marseille.fr<\/p>\n","protected":false},"excerpt":{"rendered":"La belle histoire continue entre Malik Bentalha et Marseille. Apr\u00e8s les nombreux succ\u00e8s dans les ann\u00e9es\u00a02010, pendant lesquelles&hellip;\n","protected":false},"author":2,"featured_media":562872,"comment_status":"","ping_status":"","sticky":false,"template":"","format":"standard","meta":{"footnotes":""},"categories":[2814],"tags":[17,5734,1111,11,10653,67897,1102,251,3391,1777,674,1011,27,30825,12946,884,12,471,882,25],"class_list":{"0":"post-562871","1":"post","2":"type-post","3":"status-publish","4":"format-standard","5":"has-post-thumbnail","7":"category-marseille","8":"tag-17","9":"tag-5734","10":"tag-actu","11":"tag-actualites","12":"tag-attendu","13":"tag-bentalha","14":"tag-breakingnews","15":"tag-culture","16":"tag-double","17":"tag-eu","18":"tag-europe","19":"tag-fr","20":"tag-france","21":"tag-lhumoriste","22":"tag-malik","23":"tag-marseille","24":"tag-news","25":"tag-pour","26":"tag-provence-alpes-cote-dazur","27":"tag-republique-francaise"},"share_on_mastodon":{"url":"https:\/\/pubeurope.com\/@fr\/115623206796841453","error":""},"_links":{"self":[{"href":"https:\/\/www.europesays.com\/fr\/wp-json\/wp\/v2\/posts\/562871","targetHints":{"allow":["GET"]}}],"collection":[{"href":"https:\/\/www.europesays.com\/fr\/wp-json\/wp\/v2\/posts"}],"about":[{"href":"https:\/\/www.europesays.com\/fr\/wp-json\/wp\/v2\/types\/post"}],"author":[{"embeddable":true,"href":"https:\/\/www.europesays.com\/fr\/wp-json\/wp\/v2\/users\/2"}],"replies":[{"embeddable":true,"href":"https:\/\/www.europesays.com\/fr\/wp-json\/wp\/v2\/comments?post=562871"}],"version-history":[{"count":0,"href":"https:\/\/www.europesays.com\/fr\/wp-json\/wp\/v2\/posts\/562871\/revisions"}],"wp:featuredmedia":[{"embeddable":true,"href":"https:\/\/www.europesays.com\/fr\/wp-json\/wp\/v2\/media\/562872"}],"wp:attachment":[{"href":"https:\/\/www.europesays.com\/fr\/wp-json\/wp\/v2\/media?parent=562871"}],"wp:term":[{"taxonomy":"category","embeddable":true,"href":"https:\/\/www.europesays.com\/fr\/wp-json\/wp\/v2\/categories?post=562871"},{"taxonomy":"post_tag","embeddable":true,"href":"https:\/\/www.europesays.com\/fr\/wp-json\/wp\/v2\/tags?post=562871"}],"curies":[{"name":"wp","href":"https:\/\/api.w.org\/{rel}","templated":true}]}}