{"id":562881,"date":"2025-11-27T19:07:12","date_gmt":"2025-11-27T19:07:12","guid":{"rendered":"https:\/\/www.europesays.com\/fr\/562881\/"},"modified":"2025-11-27T19:07:12","modified_gmt":"2025-11-27T19:07:12","slug":"le-louvre-augmente-de-45-son-prix-dentree-pour-les-visiteurs-non-europeens","status":"publish","type":"post","link":"https:\/\/www.europesays.com\/fr\/562881\/","title":{"rendered":"le Louvre augmente de 45% son prix d&rsquo;entr\u00e9e pour les visiteurs non-europ\u00e9ens"},"content":{"rendered":"<p>                    Par<br \/>\n        <strong><br \/>\n            <a href=\"https:\/\/actu.fr\/auteur\/redaction-paris\" title=\"Consulter tous les articles de R\u00e9daction Paris\" target=\"_blank\" rel=\"noopener\">R\u00e9daction Paris<\/a><br \/>\n                    <\/strong><\/p>\n<p>        Publi\u00e9 le<\/p>\n<p>            27 nov. 2025 \u00e0 19h50        <\/p>\n<p>Le Louvre va augmenter de <strong>45% le prix du billet d\u2019entr\u00e9e<\/strong> pour ses visiteurs extra-europ\u00e9ens \u00e0 compter de 2026, une mesure promue par le gouvernement pour renflouer le mus\u00e9e le plus visit\u00e9 au monde mais d\u00e9nonc\u00e9e par les syndicats.<\/p>\n<p>10 euros de plus<\/p>\n<p class=\" wall-content\">A partir du 14 janvier, les ressortissants hors Espace \u00e9conomique europ\u00e9en (EEE qui comprend Union europ\u00e9enne, Islande, Liechtenstein, Norv\u00e8ge) devront s\u2019acquitter de 32 euros pour d\u00e9ambuler dans les 73 000 m2 du Louvre, <strong>soit 10 euros de plus que le prix d\u2019entr\u00e9e actuel.<\/strong><\/p>\n<p class=\" wall-content\">Approuv\u00e9e jeudi 27 novembre 2025 par le conseil d\u2019administration du Louvre, cette hausse s\u2019appliquera notamment aux Am\u00e9ricains, qui forment le premier contingent de visiteurs \u00e9trangers, mais aussi aux Chinois qui se classent troisi\u00e8me, selon le bilan d\u2019activit\u00e9 2024 du mus\u00e9e. D\u2019apr\u00e8s ce document, le Louvre a accueilli 8,7 millions de personnes l\u2019an dernier, dont 69% d\u2019\u00e9trangers.<\/p>\n<p class=\" wall-content\">Dans la tourmente depuis <a href=\"https:\/\/actu.fr\/ile-de-france\/paris_75056\/paris-un-braquage-a-eu-lieu-ce-dimanche-matin-musee-du-louvre-l-etablissement-ferme-toute-la-journee_63320743.html\" target=\"_blank\" rel=\"noopener\">le spectaculaire cambriolage du 19 octobre<\/a>, le Louvre esp\u00e8re tirer de cette hausse <strong>\u00ab\u00a015 \u00e0 20 millions d\u2019euros\u00a0\u00bb par an<\/strong> de recettes suppl\u00e9mentaires, qui seront allou\u00e9es aux \u00ab\u00a0probl\u00e8mes structurels\u00a0\u00bb du mus\u00e9e, a pr\u00e9cis\u00e9 l\u2019\u00e9tablissement. Selon un r\u00e9cent rapport de la Cour des comptes, le Louvre fait face \u00ab\u00a0\u00e0 un mur d\u2019investissements qu\u2019il n\u2019est pas en mesure de financer\u00a0\u00bb, faute notamment \u00ab\u00a0de hi\u00e9rarchisation de ses nombreux projets\u00a0\u00bb.<br \/>Le cambriolage du 19 octobre a par ailleurs mis en \u00e9vidence \u00ab\u00a0un sous-\u00e9quipement des dispositifs de s\u00e9curit\u00e9\u00a0\u00bb, selon l\u2019enqu\u00eate administrative lanc\u00e9e apr\u00e8s ce vol de joyaux de la Couronne.<\/p>\n<p class=\" wall-content\">Cette hausse tarifaire avait \u00e9t\u00e9 propos\u00e9e en janvier par la ministre de la Culture Rachida Dati, qui assurait vouloir \u00eatre \u00ab\u00a0innovante\u00a0\u00bb pour d\u00e9gager de nouvelles ressources apr\u00e8s <a href=\"https:\/\/actu.fr\/ile-de-france\/paris_75056\/le-louvre-musee-le-plus-visite-du-monde-dans-un-etat-de-degradation-severe-alerte-sa-presidente_62155574.html\" target=\"_blank\" rel=\"noopener\">l\u2019alerte lanc\u00e9e par la pr\u00e9sidente du Louvre<\/a>, Laurence des Cars, sur la v\u00e9tust\u00e9 de l\u2019\u00e9tablissement.\u00a0\u00ab\u00a0Les conditions de visite et de travail ne sont pas \u00e0 la hauteur du Louvre\u00a0\u00bb, avait alors d\u00e9clar\u00e9 la ministre, ajoutant que les fonds g\u00e9n\u00e9r\u00e9s par cette hausse iraient notamment au financement du <a href=\"https:\/\/actu.fr\/ile-de-france\/paris_75056\/nouvelle-grande-entree-joconde-deplacee-les-principales-annonces-d-emmanuel-macron-sur-le-musee-du-louvre_62178781.html\" target=\"_blank\" rel=\"noopener\">vaste projet du pr\u00e9sident Emmanuel Macron<\/a> de r\u00e9novation du Louvre, \u00e9valu\u00e9 par la Cour des comptes \u00e0 plus d\u2019un milliard d\u2019euros. Le prix du billet d\u2019entr\u00e9e du Louvre \u00e9tait d\u00e9j\u00e0 pass\u00e9 de 17 \u00e0 22 euros en janvier 2024 pour l\u2019ensemble des visiteurs.<\/p>\n<p>\u00ab\u00a0Surcro\u00eet de travail\u00a0\u00bb<\/p>\n<p class=\" wall-content\">Au nom de \u00ab\u00a0l\u2019universalisme\u00a0\u00bb du Louvre et \u00ab\u00a0d\u2019un \u00e9gal acc\u00e8s\u00a0\u00bb \u00e0 ses collections, les syndicats ont unanimement critiqu\u00e9 le rench\u00e9rissement du prix d\u2019entr\u00e9e pour les non-Europ\u00e9ens. \u00ab\u00a0L\u2019argument de la r\u00e9habilitation du b\u00e2timent pour justifier l\u2019an\u00e9antissement de deux si\u00e8cles d\u2019universalisme au Louvre ne nous convainc pas\u00a0\u00bb, a estim\u00e9 le syndicat SUD. Selon la CGT, cette grille tarifaire va conduire les r\u00e9sidents hors de l\u2019EEE \u00e0 \u00ab\u00a0<strong>payer le prix fort<\/strong>, consacrant le d\u00e9sengagement de l\u2019Etat, pour visiter un mus\u00e9e d\u00e9labr\u00e9\u00a0\u00bb. \u00ab\u00a0Le public cibl\u00e9 vivra cela comme une discrimination\u00a0\u00bb, selon Val\u00e9rie Baud, d\u00e9l\u00e9gu\u00e9e CFDT.<\/p>\n<p>Votre r\u00e9gion, votre actu !<\/p>\n<p>Recevez chaque jour les infos qui comptent pour vous.<\/p>\n<p>\t<a href=\"https:\/\/actu.fr\/newsletter\" class=\"ac-btn ac-btn--corner ac-btn--medium ac-btn--blue800\" target=\"_blank\" rel=\"noopener\">S&rsquo;incrire<\/a><\/p>\n<p class=\" wall-content\">Les organisations syndicales, qui d\u00e9noncent r\u00e9guli\u00e8rement des probl\u00e8mes de sous-effectifs, s\u2019inqui\u00e8tent \u00e9galement de la charge suppl\u00e9mentaire que cette nouvelle grille fera peser sur les agents, qui seront charg\u00e9s de contr\u00f4ler la nationalit\u00e9 des visiteurs. \u00ab\u00a0Nous n\u2019oublions pas le surcro\u00eet de travail que cela va engendrer pour les \u00e9quipes\u00a0\u00bb, s\u2019inqui\u00e8te SUD.<\/p>\n<p>D\u2019autres sites touristiques<\/p>\n<p class=\" wall-content\">Dans son r\u00e9cent rapport sur le Louvre, <strong>la Cour des comptes allait dans un sens similaire<\/strong> en pr\u00e9cisant que la solution envisag\u00e9e \u00e9tait d\u2019appliquer \u00ab\u00a0par d\u00e9faut\u00a0\u00bb le tarif le plus \u00e9lev\u00e9, charge aux ressortissants europ\u00e9ens de justifier de leur lieu de r\u00e9sidence. \u00ab\u00a0Ce qui implique un nombre important de personnes \u00e0 contr\u00f4ler\u00a0\u00bb, soulignait la Cour.<\/p>\n<p class=\" wall-content\">D\u2019autres grands lieux touristiques fran\u00e7ais devront eux aussi s\u2019adapter. Selon Rachida Dati, une grille tarifaire diff\u00e9renci\u00e9e sera ainsi en vigueur en 2026 dans \u00ab\u00a0l\u2019ensemble des op\u00e9rateurs culturels nationaux\u00a0\u00bb. Cit\u00e9 par la ministre, <strong>le Ch\u00e2teau de Versailles<\/strong> pr\u00e9cise envisager notamment d\u2019augmenter de trois euros le prix des visites individuelles pour les r\u00e9sidents hors EEE. Ce changement de grille, qui pourrait rapporter quelque 9,3 millions d\u2019euros, n\u2019a toutefois pas encore \u00e9t\u00e9 approuv\u00e9 en conseil d\u2019administration. Autre site touristique \u00e9voqu\u00e9 par la ministre, le mus\u00e9e d\u2019Orsay pr\u00e9cise \u00e0 l\u2019AFP ne pas pr\u00e9voir de changement tarifaire \u00e0 ce stade.<\/p>\n<p class=\" wall-content\">Avec AFP<\/p>\n<p class=\" wall-content\">Personnalisez votre actualit\u00e9 en ajoutant vos villes et m\u00e9dias en favori avec <a href=\"https:\/\/moncompte.actu.fr\" title=\"D\u00e9couvez Mon Actu\" rel=\"nofollow noopener\" data-trk=\"{&quot;cta&quot;:{&quot;action&quot;:&quot;https:\\\/\\\/moncompte.actu.fr&quot;,&quot;category&quot;:&quot;mon compte&quot;,&quot;from&quot;:&quot;article footer&quot;,&quot;name&quot;:&quot;Mon actu&quot;,&quot;type&quot;:&quot;cta&quot;}}\" target=\"_blank\">Mon Actu<\/a>.<\/p>\n","protected":false},"excerpt":{"rendered":"Par R\u00e9daction Paris Publi\u00e9 le 27 nov. 2025 \u00e0 19h50 Le Louvre va augmenter de 45% le prix&hellip;\n","protected":false},"author":2,"featured_media":540681,"comment_status":"","ping_status":"","sticky":false,"template":"","format":"standard","meta":{"footnotes":""},"categories":[1888],"tags":[1111,1928,11,1927,1777,674,1011,27,3094,12,1926,626,1925,25,104],"class_list":{"0":"post-562881","1":"post","2":"type-post","3":"status-publish","4":"format-standard","5":"has-post-thumbnail","7":"category-paris","8":"tag-actu","9":"tag-actu-paris","10":"tag-actualites","11":"tag-actualites-paris","12":"tag-eu","13":"tag-europe","14":"tag-fr","15":"tag-france","16":"tag-musee-du-louvre","17":"tag-news","18":"tag-news-paris","19":"tag-paris","20":"tag-paris-news","21":"tag-republique-francaise","22":"tag-societe"},"share_on_mastodon":{"url":"https:\/\/pubeurope.com\/@fr\/115623234457541948","error":""},"_links":{"self":[{"href":"https:\/\/www.europesays.com\/fr\/wp-json\/wp\/v2\/posts\/562881","targetHints":{"allow":["GET"]}}],"collection":[{"href":"https:\/\/www.europesays.com\/fr\/wp-json\/wp\/v2\/posts"}],"about":[{"href":"https:\/\/www.europesays.com\/fr\/wp-json\/wp\/v2\/types\/post"}],"author":[{"embeddable":true,"href":"https:\/\/www.europesays.com\/fr\/wp-json\/wp\/v2\/users\/2"}],"replies":[{"embeddable":true,"href":"https:\/\/www.europesays.com\/fr\/wp-json\/wp\/v2\/comments?post=562881"}],"version-history":[{"count":0,"href":"https:\/\/www.europesays.com\/fr\/wp-json\/wp\/v2\/posts\/562881\/revisions"}],"wp:featuredmedia":[{"embeddable":true,"href":"https:\/\/www.europesays.com\/fr\/wp-json\/wp\/v2\/media\/540681"}],"wp:attachment":[{"href":"https:\/\/www.europesays.com\/fr\/wp-json\/wp\/v2\/media?parent=562881"}],"wp:term":[{"taxonomy":"category","embeddable":true,"href":"https:\/\/www.europesays.com\/fr\/wp-json\/wp\/v2\/categories?post=562881"},{"taxonomy":"post_tag","embeddable":true,"href":"https:\/\/www.europesays.com\/fr\/wp-json\/wp\/v2\/tags?post=562881"}],"curies":[{"name":"wp","href":"https:\/\/api.w.org\/{rel}","templated":true}]}}