{"id":562882,"date":"2025-11-27T19:08:12","date_gmt":"2025-11-27T19:08:12","guid":{"rendered":"https:\/\/www.europesays.com\/fr\/562882\/"},"modified":"2025-11-27T19:08:12","modified_gmt":"2025-11-27T19:08:12","slug":"ce-candidat-a-la-mairie-de-paris-le-promet-avec-lui-le-psg-restera-au-parc-des-princes","status":"publish","type":"post","link":"https:\/\/www.europesays.com\/fr\/562882\/","title":{"rendered":"Ce candidat \u00e0 la mairie de Paris le promet, avec lui le PSG restera au Parc des Princes"},"content":{"rendered":"<p class=\"mb-4 text-lg md:leading-8 break-words\"><a href=\"https:\/\/fr.news.yahoo.com\/sport\/vente-parc-princes-nouvelle-mise-154322455.html\" data-ylk=\"slk:Depuis plusieurs mois, les relations entre le club et la Ville de Paris sont glaciales. Anne Hidalgo refuse fermement de vendre le Parc des Princes au Paris Saint-Germain;elm:context_link;itc:0;sec:content-canvas;outcm:mb_qualified_link;_E:mb_qualified_link;ct:story;\" class=\"link  yahoo-link\" target=\"_blank\" rel=\"noopener\">Depuis plusieurs mois, les relations entre le club et la Ville de Paris sont glaciales. Anne Hidalgo refuse fermement de vendre le Parc des Princes au Paris Saint-Germain<\/a>, estimant qu\u2019un stade aussi embl\u00e9matique ne peut quitter le patrimoine municipal. En r\u00e9ponse, Nasser Al-Khela\u00effi a brandi la menace la plus radicale: <a href=\"https:\/\/www.bfmtv.com\/economie\/entreprises\/futur-stade-du-psg-une-reunion-organisee-dans-l-apres-midi-entre-le-club-parisien-des-elus-de-poissy-et-stellantis_AN-202509230447.html\" rel=\"nofollow noopener\" target=\"_blank\" data-ylk=\"slk:quitter le Parc et installer le PSG ailleurs, dans un nouveau stade, mettant la pression sur la mairie.;elm:context_link;itc:0;sec:content-canvas\" class=\"link \">quitter le Parc et installer le PSG ailleurs, dans un nouveau stade, mettant la pression sur la mairie.<\/a><\/p>\n<p>\u00c9charpe autour du cou, devant le virage Auteuil<\/p>\n<p class=\"mb-4 text-lg md:leading-8 break-words\">\u00c0 l\u2019approche des \u00e9lections municipales (15\u201326 mars 2026), Pierre-Yves Bournazel a choisi de faire de ce dossier un marqueur politique. Sous les couleurs du parti Horizons, il veut incarner l\u2019alternative \u00e0 la gestion Hidalgo et promet de r\u00e9tablir un dialogue rompu.<\/p>\n<p class=\"mb-4 text-lg md:leading-8 break-words\">Dans une vid\u00e9o devenue virale, tourn\u00e9e devant le virage Auteuil, il affiche un message clair: \u00ab\u00a0Maire de Paris, je rouvrirai les n\u00e9gociations avec le club pour que le Parc des Princes reste la maison du PSG.\u00a0\u00bb<\/p>\n<p class=\"mb-4 text-lg md:leading-8 break-words\">Mais reste une chose \u00e0 \u00e9claircir, m\u00eame en cas de reprise des discussions avec le Paris-Saint Germain. Pierre-Yves Bournazel n&rsquo;assure pas ainsi non plus vouloir vendre le Parc des Princes aux Rouge et Bleu.<\/p>\n<p class=\"mb-4 text-lg md:leading-8 break-words\">Bournazel d\u00e9fend une approche plus conciliante, estimant que le club et la ville doivent avancer ensemble. Il met en avant l\u2019impact historique du Parc, son r\u00f4le dans l\u2019identit\u00e9 sportive parisienne et l\u2019importance \u00e9conomique du PSG dans la M\u00e9tropole.<\/p>\n<p class=\"mb-4 text-lg md:leading-8 break-words\">Reste \u00e0 savoir si cette prise de position peut avoir un impact dans <a href=\"https:\/\/fr.news.yahoo.com\/psg-doit-rester-parisien-lallusion-110806303.html\" data-ylk=\"slk:une campagne tendue;elm:context_link;itc:0;sec:content-canvas;outcm:mb_qualified_link;_E:mb_qualified_link;ct:story;\" class=\"link  yahoo-link\" target=\"_blank\" rel=\"noopener\">une campagne tendue<\/a>. Une chose est s\u00fbre: dans la bataille pour l\u2019H\u00f4tel de Ville, le Parc des Princes est devenu un enjeu politique, et Pierre-Yves Bournazel a choisi son camp.<\/p>\n<p class=\"mb-4 text-lg md:leading-8 break-words\"><a href=\"https:\/\/rmcsport.bfmtv.com\/football\/clubs\/paris-saint-germain\/ce-candidat-a-la-mairie-de-paris-le-promet-avec-lui-le-psg-restera-au-parc-des-princes_AV-202511270978.html#xtor=AL-68\" rel=\"nofollow noopener\" target=\"_blank\" data-ylk=\"slk:Article original publi\u00e9 sur RMC Sport;elm:context_link;itc:0;sec:content-canvas\" class=\"link \">Article original publi\u00e9 sur RMC Sport<\/a><\/p>\n","protected":false},"excerpt":{"rendered":"Depuis plusieurs mois, les relations entre le club et la Ville de Paris sont glaciales. Anne Hidalgo refuse&hellip;\n","protected":false},"author":2,"featured_media":562883,"comment_status":"","ping_status":"","sticky":false,"template":"","format":"standard","meta":{"footnotes":""},"categories":[1888],"tags":[1111,1928,11,1927,2618,1777,674,1011,27,6563,27088,12258,11486,12,1926,2334,626,1925,93,25,67898],"class_list":{"0":"post-562882","1":"post","2":"type-post","3":"status-publish","4":"format-standard","5":"has-post-thumbnail","7":"category-paris","8":"tag-actu","9":"tag-actu-paris","10":"tag-actualites","11":"tag-actualites-paris","12":"tag-anne-hidalgo","13":"tag-eu","14":"tag-europe","15":"tag-fr","16":"tag-france","17":"tag-le-club","18":"tag-le-parc-des-princes","19":"tag-maire-de-paris","20":"tag-nasser-al-khelaifi","21":"tag-news","22":"tag-news-paris","23":"tag-parc-des-princes","24":"tag-paris","25":"tag-paris-news","26":"tag-psg","27":"tag-republique-francaise","28":"tag-virage-auteuil"},"share_on_mastodon":{"url":"https:\/\/pubeurope.com\/@fr\/115623238301593817","error":""},"_links":{"self":[{"href":"https:\/\/www.europesays.com\/fr\/wp-json\/wp\/v2\/posts\/562882","targetHints":{"allow":["GET"]}}],"collection":[{"href":"https:\/\/www.europesays.com\/fr\/wp-json\/wp\/v2\/posts"}],"about":[{"href":"https:\/\/www.europesays.com\/fr\/wp-json\/wp\/v2\/types\/post"}],"author":[{"embeddable":true,"href":"https:\/\/www.europesays.com\/fr\/wp-json\/wp\/v2\/users\/2"}],"replies":[{"embeddable":true,"href":"https:\/\/www.europesays.com\/fr\/wp-json\/wp\/v2\/comments?post=562882"}],"version-history":[{"count":0,"href":"https:\/\/www.europesays.com\/fr\/wp-json\/wp\/v2\/posts\/562882\/revisions"}],"wp:featuredmedia":[{"embeddable":true,"href":"https:\/\/www.europesays.com\/fr\/wp-json\/wp\/v2\/media\/562883"}],"wp:attachment":[{"href":"https:\/\/www.europesays.com\/fr\/wp-json\/wp\/v2\/media?parent=562882"}],"wp:term":[{"taxonomy":"category","embeddable":true,"href":"https:\/\/www.europesays.com\/fr\/wp-json\/wp\/v2\/categories?post=562882"},{"taxonomy":"post_tag","embeddable":true,"href":"https:\/\/www.europesays.com\/fr\/wp-json\/wp\/v2\/tags?post=562882"}],"curies":[{"name":"wp","href":"https:\/\/api.w.org\/{rel}","templated":true}]}}