{"id":562886,"date":"2025-11-27T19:10:14","date_gmt":"2025-11-27T19:10:14","guid":{"rendered":"https:\/\/www.europesays.com\/fr\/562886\/"},"modified":"2025-11-27T19:10:14","modified_gmt":"2025-11-27T19:10:14","slug":"un-homme-attaque-a-la-machette-en-pleine-rue-ce-que-lon-sait","status":"publish","type":"post","link":"https:\/\/www.europesays.com\/fr\/562886\/","title":{"rendered":"un homme attaqu\u00e9 \u00e0 la machette en pleine rue, ce que l&rsquo;on sait"},"content":{"rendered":"<p class=\"app_entry_lead\">\n<p>                    <a title=\"\u00a0\u00a9\u00a0Mourad ALLILI\/SIPA (publi\u00e9e le 27\/11\/2025)\" href=\"https:\/\/www.europesays.com\/fr\/wp-content\/uploads\/2025\/11\/83173579.jpg\" class=\"fancy\"><\/p>\n<p>                            <img loading=\"lazy\" decoding=\"async\" src=\"https:\/\/www.europesays.com\/fr\/wp-content\/uploads\/2025\/11\/83173579.jpg\" alt=\"Paris\u00a0: un homme attaqu\u00e9 \u00e0 la machette en pleine rue, ce que l'on sait\" width=\"1500\" height=\"1000\"\/><\/p>\n<p>                    <\/a><\/p>\n<p>                Un homme de 43\u00a0ans a \u00e9t\u00e9 attaqu\u00e9 ce jeudi 27\u00a0novembre au matin, en pleine rue \u00e0 Paris. Les faits seraient survenus dans le cadre d&rsquo;une dispute avec le nouveau compagnon de son ex-compagne.<\/p>\n<p>Sc\u00e8ne peu banale ce jeudi matin dans le XVe arrondissement de Paris. Dans ce quartier de la capitale plut\u00f4t r\u00e9put\u00e9 pour sa tranquillit\u00e9, une violente dispute a \u00e9clat\u00e9 avenue de la Porte-de-la-Plaine. \u00c0 l&rsquo;origine, les t\u00e9moins des faits rapportent avoir vu une premi\u00e8re altercation entre un homme et une femme, qui serait son ex-compagne. \u00ab\u00a0La victime aurait frapp\u00e9 son ex-compagne \u00e0 l&rsquo;aide d&rsquo;un b\u00e2ton\u00a0\u00bb, confie au <a href=\"https:\/\/www.leparisien.fr\/faits-divers\/paris-un-homme-grievement-blesse-a-la-machette-par-le-nouveau-compagnon-de-son-ex-27-11-2025-DKVTPFZWLZF6XBDSIIGQPM3LOQ.php\" target=\"_blank\" rel=\"noopener\">Parisien<\/a>\u00a0une source polici\u00e8re. Une sc\u00e8ne \u00e0 laquelle aurait assist\u00e9, depuis la fen\u00eatre de son appartement situ\u00e9 dans cette rue, le nouveau compagnon de la femme.<\/p>\n<p>Ni une ni deux, celui-ci serait alors descendu \u00e0 la rescousse. Les deux hommes se seraient, dans un premier temps, pris mutuellement \u00e0 l&rsquo;autre verbalement. Puis, les choses ont d\u00e9g\u00e9n\u00e9r\u00e9, confirme aupr\u00e8s du quotidien de la capitale le parquet. C&rsquo;est ensuite \u00ab\u00a0\u00e0 mains nues\u00a0\u00bb que les deux hommes se sont entre-attaqu\u00e9s, \u00ab\u00a0avant d&rsquo;aller chacun chercher un objet pour se battre\u00a0\u00bb. Le nouveau compagnon aurait alors ouvert son v\u00e9hicule gar\u00e9 plus loin et y aurait r\u00e9cup\u00e9r\u00e9 une machette. Il aurait ensuite port\u00e9 plusieurs coups \u00e0 l&rsquo;ex-conjoint de sa compagne, avant de prendre la fuite en voiture.<\/p>\n<p>Bless\u00e9 \u00ab\u00a0jusqu&rsquo;\u00e0 l&rsquo;os\u00a0\u00bb<\/p>\n<p>Appel\u00e9e sur place vers 8h30 pour \u00ab\u00a0une bagarre \u00e0 l&rsquo;arme blanche\u00a0\u00bb, la police a d\u00e9couvert \u00ab\u00a0au sol, le bras bless\u00e9 jusqu&rsquo;\u00e0 l&rsquo;os\u00a0\u00bb, la victime, n\u00e9e en janvier 1981 au Lamentin. Gr\u00e2ce notamment au garrot pos\u00e9 par un passant, l&rsquo;homme \u00e9tait encore en vie. Transport\u00e9 \u00e0 l&rsquo;h\u00f4pital Georges-Pompidou, l&rsquo;individu \u00e2g\u00e9 de 44 ans est toutefois en urgence r\u00e9serv\u00e9e.<\/p>\n<p>N\u00e9 en octobre 1981, l&rsquo;homme accus\u00e9 d&rsquo;avoir donn\u00e9 les coups de machette a finalement \u00e9t\u00e9 retrouv\u00e9 \u00ab\u00a0peu apr\u00e8s 11 heures\u00a0\u00bb, indique le parquet. Il a \u00e9t\u00e9 interpell\u00e9 au 42 rue de Cronstadt et plac\u00e9 en garde \u00e0 vue. Une enqu\u00eate a \u00e9t\u00e9 ouverte et confi\u00e9e au\u00a0Service d&rsquo;accueil et d&rsquo;investigations de proximit\u00e9 (SAIP) du XVe arrondissement. Selon une source polici\u00e8re au\u00a0Parisien, la femme \u00e0 l&rsquo;origine de la dispute n&rsquo;a, pour sa part, pas \u00e9t\u00e9 retrouv\u00e9e. \u00ab\u00a0Son appartement \u00e9tait vide de tout occupant.\u00a0\u00bb<\/p>\n","protected":false},"excerpt":{"rendered":"Un homme de 43\u00a0ans a \u00e9t\u00e9 attaqu\u00e9 ce jeudi 27\u00a0novembre au matin, en pleine rue \u00e0 Paris. Les&hellip;\n","protected":false},"author":2,"featured_media":562887,"comment_status":"","ping_status":"","sticky":false,"template":"","format":"standard","meta":{"footnotes":""},"categories":[1888],"tags":[11,67899,51761,1777,674,51763,1011,27,12,51767,626,25,104],"class_list":{"0":"post-562886","1":"post","2":"type-post","3":"status-publish","4":"format-standard","5":"has-post-thumbnail","7":"category-paris","8":"tag-actualites","9":"tag-cms-linternaute-9323757","10":"tag-controller-content","11":"tag-eu","12":"tag-europe","13":"tag-format-papier","14":"tag-fr","15":"tag-france","16":"tag-news","17":"tag-parallaxeinfeed","18":"tag-paris","19":"tag-republique-francaise","20":"tag-societe"},"share_on_mastodon":{"url":"https:\/\/pubeurope.com\/@fr\/115623247176707294","error":""},"_links":{"self":[{"href":"https:\/\/www.europesays.com\/fr\/wp-json\/wp\/v2\/posts\/562886","targetHints":{"allow":["GET"]}}],"collection":[{"href":"https:\/\/www.europesays.com\/fr\/wp-json\/wp\/v2\/posts"}],"about":[{"href":"https:\/\/www.europesays.com\/fr\/wp-json\/wp\/v2\/types\/post"}],"author":[{"embeddable":true,"href":"https:\/\/www.europesays.com\/fr\/wp-json\/wp\/v2\/users\/2"}],"replies":[{"embeddable":true,"href":"https:\/\/www.europesays.com\/fr\/wp-json\/wp\/v2\/comments?post=562886"}],"version-history":[{"count":0,"href":"https:\/\/www.europesays.com\/fr\/wp-json\/wp\/v2\/posts\/562886\/revisions"}],"wp:featuredmedia":[{"embeddable":true,"href":"https:\/\/www.europesays.com\/fr\/wp-json\/wp\/v2\/media\/562887"}],"wp:attachment":[{"href":"https:\/\/www.europesays.com\/fr\/wp-json\/wp\/v2\/media?parent=562886"}],"wp:term":[{"taxonomy":"category","embeddable":true,"href":"https:\/\/www.europesays.com\/fr\/wp-json\/wp\/v2\/categories?post=562886"},{"taxonomy":"post_tag","embeddable":true,"href":"https:\/\/www.europesays.com\/fr\/wp-json\/wp\/v2\/tags?post=562886"}],"curies":[{"name":"wp","href":"https:\/\/api.w.org\/{rel}","templated":true}]}}