{"id":562892,"date":"2025-11-27T19:13:12","date_gmt":"2025-11-27T19:13:12","guid":{"rendered":"https:\/\/www.europesays.com\/fr\/562892\/"},"modified":"2025-11-27T19:13:12","modified_gmt":"2025-11-27T19:13:12","slug":"bataille-navale-entre-les-usa-et-la-chine","status":"publish","type":"post","link":"https:\/\/www.europesays.com\/fr\/562892\/","title":{"rendered":"\u00ab\u00a0Bataille navale\u00a0\u00bb entre les USA et la Chine"},"content":{"rendered":"<p>\u00ab\u00a0Bataille navale\u00a0\u00bb entre les USA et la ChineSur le m\u00eame sujet<a href=\"https:\/\/www.bfmtv.com\/lyon\/replay-emissions\/bonsoir-lyon\/video-le-focus-conso-de-bonsoir-lyon_VN-202511271003.html\" title=\"Le Focus Conso de Bonsoir Lyon\" target=\"_blank\" rel=\"noopener\"><img width=\"16\" height=\"9\" class=\"lozad\"  alt=\"Le Focus Conso de Bonsoir Lyon\"\/>4:53Le Focus Conso de Bonsoir Lyon<\/a><a href=\"https:\/\/www.bfmtv.com\/economie\/video-le-radar-bfm-fraude-sociale-des-retraites-fantomes-a-l-etranger_VN-202511270966.html\" title=\"LE RADAR BFM - Fraude sociale: des retrait\u00e9s &quot;fant\u00f4mes&quot; \u00e0 l&#039;\u00e9tranger\" target=\"_blank\" rel=\"noopener\"><img width=\"16\" height=\"9\" class=\"lozad\"  alt=\"LE RADAR BFM - Fraude sociale: des retrait\u00e9s &quot;fant\u00f4mes&quot; \u00e0 l'\u00e9tranger\"\/>1:40LE RADAR BFM &#8211; Fraude sociale: des retrait\u00e9s \u00ab\u00a0fant\u00f4mes\u00a0\u00bb \u00e0 l&rsquo;\u00e9tranger<\/a><a href=\"https:\/\/www.bfmtv.com\/economie\/video-bataille-navale-entre-les-usa-et-la-chine_VN-202511270956.html\" title=\"&quot;Bataille navale&quot; entre les USA et la Chine\" target=\"_blank\" rel=\"noopener\"><img width=\"16\" height=\"9\" class=\"lozad\"  alt=\"&quot;Bataille navale&quot; entre les USA et la Chine\"\/>en lecture\u00a0\u00bbBataille navale\u00a0\u00bb entre les USA et la Chine<\/a><a href=\"https:\/\/www.bfmtv.com\/economie\/replay-emissions\/la-grande-interview\/video-philippe-mutricy-bpifrance-370-000-entreprises-bientot-transmises-27-11_VN-202511270955.html\" title=\"Philippe Mutricy (Bpifrance) : 370 000 entreprises bient\u00f4t transmises ? - 27\/11\" target=\"_blank\" rel=\"noopener\"><img width=\"16\" height=\"9\" class=\"lozad\"  alt=\"Philippe Mutricy (Bpifrance) : 370 000 entreprises bient\u00f4t transmises ? - 27\/11\"\/>11:08Philippe Mutricy (Bpifrance) : 370 000 entreprises bient\u00f4t transmises ? &#8211; 27\/11<\/a><a href=\"https:\/\/www.bfmtv.com\/economie\/video-fraude-a-la-retraites-comment-les-services-de-la-caisse-nationale-d-assurance-vieillesse-controlent-les-retraites_VN-202511270934.html\" title=\"Fraude \u00e0 la retraites: comment les services de la Caisse nationale d&#039;assurance-vieillesse contr\u00f4lent les retrait\u00e9s\" target=\"_blank\" rel=\"noopener\"><img width=\"16\" height=\"9\" class=\"lozad\"  alt=\"Fraude \u00e0 la retraites: comment les services de la Caisse nationale d'assurance-vieillesse contr\u00f4lent les retrait\u00e9s\"\/>2:51Fraude \u00e0 la retraites: comment les services de la Caisse nationale d&rsquo;assurance-vieillesse contr\u00f4lent les retrait\u00e9s<\/a><a href=\"https:\/\/www.bfmtv.com\/economie\/replay-emissions\/la-grande-interview\/video-aziz-senni-forum-economique-des-banlieues-choose-banlieue-pour-relancer-la-croissance-27-11_VN-202511270938.html\" title=\"Aziz Senni (Forum \u00c9conomique des Banlieues) : Choose Banlieue pour relancer la croissance - 27\/11\" target=\"_blank\" rel=\"noopener\"><img width=\"16\" height=\"9\" class=\"lozad\"  alt=\"Aziz Senni (Forum \u00c9conomique des Banlieues) : Choose Banlieue pour relancer la croissance - 27\/11\"\/>12:22Aziz Senni (Forum \u00c9conomique des Banlieues) : Choose Banlieue pour relancer la croissance &#8211; 27\/11<\/a><a href=\"https:\/\/www.bfmtv.com\/politique\/video-budget-retraites-arcelor-mittal-l-interview-en-integralite-de-sophie-binet-secretaire-generale-de-la-cgt_VN-202511270933.html\" title=\"Budget, retraites, ArcelorMittal... L&#039;interview en int\u00e9gralit\u00e9 de Sophie Binet, secr\u00e9taire g\u00e9n\u00e9rale de la CGT\" target=\"_blank\" rel=\"noopener\"><img width=\"16\" height=\"9\" class=\"lozad\"  alt=\"Budget, retraites, ArcelorMittal... L'interview en int\u00e9gralit\u00e9 de Sophie Binet, secr\u00e9taire g\u00e9n\u00e9rale de la CGT\"\/>18:08Budget, retraites, ArcelorMittal&#8230; L&rsquo;interview en int\u00e9gralit\u00e9 de Sophie Binet, secr\u00e9taire g\u00e9n\u00e9rale de la CGT<\/a><a href=\"https:\/\/www.bfmtv.com\/societe\/video-budget-2026-nous-avons-un-medef-qui-est-totalement-irresponsable-assure-sophie-binet-secretaire-generale-de-la-cgt_VN-202511270913.html\" title=\"Budget 2026: &quot;Nous avons un Medef qui est totalement irresponsable&quot;, assure Sophie Binet, secr\u00e9taire g\u00e9n\u00e9rale de la CGT\" target=\"_blank\" rel=\"noopener\"><img width=\"16\" height=\"9\" class=\"lozad\"  alt=\"Budget 2026: &quot;Nous avons un Medef qui est totalement irresponsable&quot;, assure Sophie Binet, secr\u00e9taire g\u00e9n\u00e9rale de la CGT\"\/>1:31Budget 2026: \u00ab\u00a0Nous avons un Medef qui est totalement irresponsable\u00a0\u00bb, assure Sophie Binet, secr\u00e9taire g\u00e9n\u00e9rale de la CGT<\/a><a href=\"https:\/\/www.bfmtv.com\/politique\/video-budget-le-ras-le-bol-fiscal-vient-de-l-injustice-fiscale-explique-sophie-binet-secretaire-generale-de-la-cgt_VN-202511270907.html\" title=\"Budget: &quot;Le ras-le-bol fiscal vient de l&#039;injustice fiscale&quot;, explique Sophie Binet, secr\u00e9taire g\u00e9n\u00e9rale de la CGT\" target=\"_blank\" rel=\"noopener\"><img width=\"16\" height=\"9\" class=\"lozad\"  alt=\"Budget: &quot;Le ras-le-bol fiscal vient de l'injustice fiscale&quot;, explique Sophie Binet, secr\u00e9taire g\u00e9n\u00e9rale de la CGT\"\/>1:08Budget: \u00ab\u00a0Le ras-le-bol fiscal vient de l&rsquo;injustice fiscale\u00a0\u00bb, explique Sophie Binet, secr\u00e9taire g\u00e9n\u00e9rale de la CGT<\/a><a href=\"https:\/\/www.bfmtv.com\/economie\/video-2025-l-annee-de-la-sante-en-bourse_VN-202511270901.html\" title=\"2025, l&#039;ann\u00e9e de la Sant\u00e9 en Bourse ! \ud83e\udd42\ud83d\udc68\u200d\u2695\ufe0f\" target=\"_blank\" rel=\"noopener\"><img width=\"16\" height=\"9\" class=\"lozad\"  alt=\"2025, l'ann\u00e9e de la Sant\u00e9 en Bourse ! \ud83e\udd42\ud83d\udc68\u200d\u2695\ufe0f\"\/>8:312025, l&rsquo;ann\u00e9e de la Sant\u00e9 en Bourse ! \ud83e\udd42\ud83d\udc68\u200d\u2695\ufe0f<\/a><a href=\"https:\/\/www.bfmtv.com\/economie\/video-la-france-est-un-pays-de-bas-salaires-affirme-sophie-binet-secretaire-generale-de-la-cgt_VN-202511270896.html\" title=\"&quot;La France est un pays de bas salaires&quot;, affirme Sophie Binet, secr\u00e9taire g\u00e9n\u00e9rale de la CGT \" target=\"_blank\" rel=\"noopener\"><img width=\"16\" height=\"9\" class=\"lozad\"  alt=\"&quot;La France est un pays de bas salaires&quot;, affirme Sophie Binet, secr\u00e9taire g\u00e9n\u00e9rale de la CGT \"\/>1:37&Prime;La France est un pays de bas salaires\u00a0\u00bb, affirme Sophie Binet, secr\u00e9taire g\u00e9n\u00e9rale de la CGT<\/a><a href=\"https:\/\/www.bfmtv.com\/economie\/video-puma-bientot-sous-pavillon-chinois_VN-202511270891.html\" title=\"Puma : bient\u00f4t sous pavillon chinois ? \" target=\"_blank\" rel=\"noopener\"><img width=\"16\" height=\"9\" class=\"lozad\"  alt=\"Puma : bient\u00f4t sous pavillon chinois ? \"\/>2:05Puma : bient\u00f4t sous pavillon chinois ?<\/a><a href=\"https:\/\/www.bfmtv.com\/economie\/video-budget-on-se-prepare-a-avoir-en-2026-une-annee-noire-pour-le-pouvoir-d-achat-affirme-sophie-binet-secretaire-generale-de-la-cgt_VN-202511270886.html\" title=\"Budget: &quot;On se pr\u00e9pare \u00e0 avoir, en 2026, une ann\u00e9e noire pour le pouvoir d&#039;achat&quot;, affirme Sophie Binet, secr\u00e9taire g\u00e9n\u00e9rale de la CGT\" target=\"_blank\" rel=\"noopener\"><img width=\"16\" height=\"9\" class=\"lozad\"  alt=\"Budget: &quot;On se pr\u00e9pare \u00e0 avoir, en 2026, une ann\u00e9e noire pour le pouvoir d'achat&quot;, affirme Sophie Binet, secr\u00e9taire g\u00e9n\u00e9rale de la CGT\"\/>2:01Budget: \u00ab\u00a0On se pr\u00e9pare \u00e0 avoir, en 2026, une ann\u00e9e noire pour le pouvoir d&rsquo;achat\u00a0\u00bb, affirme Sophie Binet, secr\u00e9taire g\u00e9n\u00e9rale de la CGT<\/a><a href=\"https:\/\/www.bfmtv.com\/economie\/video-vers-un-7eme-mois-de-hausse-sur-le-s-p-500_VN-202511270882.html\" title=\"Vers un 7\u00e8me mois de hausse sur le S&amp;P 500 ? \ud83d\udcc8\" target=\"_blank\" rel=\"noopener\"><img width=\"16\" height=\"9\" class=\"lozad\"  alt=\"Vers un 7\u00e8me mois de hausse sur le S&amp;P 500 ? \ud83d\udcc8\"\/>1:28Vers un 7\u00e8me mois de hausse sur le S&amp;P 500 ? \ud83d\udcc8<\/a><a class=\"jumpToVideo\" target=\"_blank\"><img class=\"thumbnailPreview\"\/><\/a><\/p>\n","protected":false},"excerpt":{"rendered":"\u00ab\u00a0Bataille navale\u00a0\u00bb entre les USA et la ChineSur le m\u00eame sujet4:53Le Focus Conso de Bonsoir Lyon1:40LE RADAR BFM&hellip;\n","protected":false},"author":2,"featured_media":562893,"comment_status":"","ping_status":"","sticky":false,"template":"","format":"standard","meta":{"footnotes":""},"categories":[1589],"tags":[11,73,1866,12,1864,1865,1863,308],"class_list":{"0":"post-562892","1":"post","2":"type-post","3":"status-publish","4":"format-standard","5":"has-post-thumbnail","7":"category-etats-unis","8":"tag-actualites","9":"tag-etats-unis","10":"tag-etats-unis-damerique","11":"tag-news","12":"tag-united-states","13":"tag-united-states-of-america","14":"tag-us","15":"tag-usa"},"share_on_mastodon":{"url":"https:\/\/pubeurope.com\/@fr\/115623258155102330","error":""},"_links":{"self":[{"href":"https:\/\/www.europesays.com\/fr\/wp-json\/wp\/v2\/posts\/562892","targetHints":{"allow":["GET"]}}],"collection":[{"href":"https:\/\/www.europesays.com\/fr\/wp-json\/wp\/v2\/posts"}],"about":[{"href":"https:\/\/www.europesays.com\/fr\/wp-json\/wp\/v2\/types\/post"}],"author":[{"embeddable":true,"href":"https:\/\/www.europesays.com\/fr\/wp-json\/wp\/v2\/users\/2"}],"replies":[{"embeddable":true,"href":"https:\/\/www.europesays.com\/fr\/wp-json\/wp\/v2\/comments?post=562892"}],"version-history":[{"count":0,"href":"https:\/\/www.europesays.com\/fr\/wp-json\/wp\/v2\/posts\/562892\/revisions"}],"wp:featuredmedia":[{"embeddable":true,"href":"https:\/\/www.europesays.com\/fr\/wp-json\/wp\/v2\/media\/562893"}],"wp:attachment":[{"href":"https:\/\/www.europesays.com\/fr\/wp-json\/wp\/v2\/media?parent=562892"}],"wp:term":[{"taxonomy":"category","embeddable":true,"href":"https:\/\/www.europesays.com\/fr\/wp-json\/wp\/v2\/categories?post=562892"},{"taxonomy":"post_tag","embeddable":true,"href":"https:\/\/www.europesays.com\/fr\/wp-json\/wp\/v2\/tags?post=562892"}],"curies":[{"name":"wp","href":"https:\/\/api.w.org\/{rel}","templated":true}]}}