{"id":562896,"date":"2025-11-27T19:15:16","date_gmt":"2025-11-27T19:15:16","guid":{"rendered":"https:\/\/www.europesays.com\/fr\/562896\/"},"modified":"2025-11-27T19:15:16","modified_gmt":"2025-11-27T19:15:16","slug":"lallemagne-met-fin-a-son-embargo-sur-les-livraisons-darmes-a-destination-disrael","status":"publish","type":"post","link":"https:\/\/www.europesays.com\/fr\/562896\/","title":{"rendered":"L\u2019Allemagne met fin \u00e0 son embargo sur les livraisons d\u2019armes \u00e0 destination d\u2019Isra\u00ebl"},"content":{"rendered":"<p style=\"margin-bottom:11px\">L\u2019Allemagne est l\u2019un, voire le plus grand soutien europ\u00e9en de l\u2019\u00c9tat d\u2019Isra\u00ebl. Pour cette raison, la d\u00e9cision prise en ao\u00fbt de cette ann\u00e9e de suspendre les livraisons d\u2019armes \u00e0 destination d\u2019Isra\u00ebl avait suscit\u00e9 de nombreuses r\u00e9actions. La communaut\u00e9 internationale et les ONG avaient applaudi ce choix, qu\u2019elles consid\u00e9raient comme sage. Mais une partie de l\u2019opinion publique allemande, en particulier dans le camp du chancelier Friedrich Merz, avait cri\u00e9 au scandale. Un scandale d\u2019autant plus important au sein de la CDU que, selon certains membres du parti, Friedrich Merz ne les aurait pas consult\u00e9s avant de prendre cette d\u00e9cision.<\/p>\n<p>La d\u00e9cision prise \u00e0 la mi-novembre de reprendre les livraisons d\u2019armes vers Isra\u00ebl marque donc un retour \u00e0 la normale pour la CDU. Le pr\u00e9sident Friedrich Merz justifie cette reprise en raison du couvre-feu instaur\u00e9 le 10 octobre. Le gouvernement Merz aurait en effet attendu quelques semaines pour v\u00e9rifier si le couvre-feu \u00e9tait respect\u00e9 et, constatant que c\u2019\u00e9tait (selon lui) le cas, aurait d\u00e9cid\u00e9 de lever l\u2019embargo.<\/p>\n<p>La parenth\u00e8se dans le soutien historique de l\u2019Allemagne envers Isra\u00ebl n\u2019aura donc dur\u00e9 que quelques mois, et cette nouvelle d\u00e9cision suscite de nombreuses critiques. La directrice g\u00e9n\u00e9rale de la recherche, du plaidoyer, des politiques et des campagnes \u00e0 Amnesty International, Erika Guevara-Rosas, d\u00e9clare ainsi :<\/p>\n<blockquote>\n<p>\u00ab La d\u00e9cision de l\u2019Allemagne de lever sa suspension partielle des livraisons d\u2019armes \u00e0 Isra\u00ebl est irresponsable, ill\u00e9gale et adresse le pire message possible aux autorit\u00e9s isra\u00e9liennes : qu\u2019elles peuvent continuer de commettre un g\u00e9nocide, des crimes de guerre et un apartheid \u00e0 l\u2019encontre des Palestinien\u00b7ne\u00b7s, et d\u2019occuper ill\u00e9galement la Cisjordanie, y compris J\u00e9rusalem-Est, ainsi que Gaza, sans craindre de cons\u00e9quences. \u00bb<\/p>\n<\/blockquote>\n<p>Pour rappel, l\u2019Allemagne est le second fournisseur d\u2019armes \u00e0 destination d\u2019Isra\u00ebl apr\u00e8s les \u00c9tats-Unis. Toujours selon l\u2019ONG Amnesty International, le gouvernement allemand a d\u00e9livr\u00e9 des licences d\u2019exportation d\u2019armement d\u2019une valeur totale de plus de 485 millions d\u2019euros entre le 7 octobre 2023 et le 13 mai 2025.<\/p>\n<p>Enfin, selon le m\u00e9dia pro-isra\u00e9lien i24 News, le chancelier allemand devrait se rendre dans les semaines \u00e0 venir en Isra\u00ebl. Une d\u00e9cision qui, si elle se confirme, serait fortement symbolique : il s\u2019agirait de la premi\u00e8re visite d\u2019un dirigeant europ\u00e9en en Isra\u00ebl depuis le d\u00e9but du conflit.<\/p>\n<p class=\"p-empty\">\u00a0<\/p>\n<p class=\"p-empty\">\u00a0<\/p>\n<p>Pour recevoir gratuitement notre newsletter du lundi au vendredi,\u00a0<a href=\"https:\/\/lepetitjournal.com\/newsletter\" target=\"_blank\" rel=\"noopener noreferrer\">inscrivez-vous<\/a>\u00a0!<br \/>Pour nous suivre sur\u00a0<a href=\"https:\/\/www.facebook.com\/LPJAllemagne\/\" target=\"_blank\" rel=\"noopener noreferrer\">Facebook<\/a>,\u00a0<a href=\"https:\/\/twitter.com\/LPJ_Allemagne\" target=\"_blank\" rel=\"noopener noreferrer\">Twitter<\/a>,<a href=\"https:\/\/www.linkedin.com\/company\/lepetitjournal-com-allemagne\" target=\"_blank\" rel=\"noopener\">\u00a0LinkedIn<\/a>\u00a0et\u00a0<a href=\"https:\/\/www.instagram.com\/lpj_Allemagne\/\" target=\"_blank\" rel=\"noopener noreferrer\">Instagram<\/a>.<\/p>\n<p><script async src=\"https:\/\/platform.twitter.com\/widgets.js\" charset=\"utf-8\"><\/script><script async src=\"\/\/www.instagram.com\/embed.js\"><\/script><\/p>\n","protected":false},"excerpt":{"rendered":"L\u2019Allemagne est l\u2019un, voire le plus grand soutien europ\u00e9en de l\u2019\u00c9tat d\u2019Isra\u00ebl. Pour cette raison, la d\u00e9cision prise&hellip;\n","protected":false},"author":2,"featured_media":562897,"comment_status":"","ping_status":"","sticky":false,"template":"","format":"standard","meta":{"footnotes":""},"categories":[1587],"tags":[11,672,1804,1805,1803,1777,674,1801,12,1802],"class_list":{"0":"post-562896","1":"post","2":"type-post","3":"status-publish","4":"format-standard","5":"has-post-thumbnail","7":"category-allemagne","8":"tag-actualites","9":"tag-allemagne","10":"tag-bundesrepublik-deutschland","11":"tag-de","12":"tag-deutschland","13":"tag-eu","14":"tag-europe","15":"tag-germany","16":"tag-news","17":"tag-republique-federale-dallemagne"},"share_on_mastodon":{"url":"https:\/\/pubeurope.com\/@fr\/115623265959792890","error":""},"_links":{"self":[{"href":"https:\/\/www.europesays.com\/fr\/wp-json\/wp\/v2\/posts\/562896","targetHints":{"allow":["GET"]}}],"collection":[{"href":"https:\/\/www.europesays.com\/fr\/wp-json\/wp\/v2\/posts"}],"about":[{"href":"https:\/\/www.europesays.com\/fr\/wp-json\/wp\/v2\/types\/post"}],"author":[{"embeddable":true,"href":"https:\/\/www.europesays.com\/fr\/wp-json\/wp\/v2\/users\/2"}],"replies":[{"embeddable":true,"href":"https:\/\/www.europesays.com\/fr\/wp-json\/wp\/v2\/comments?post=562896"}],"version-history":[{"count":0,"href":"https:\/\/www.europesays.com\/fr\/wp-json\/wp\/v2\/posts\/562896\/revisions"}],"wp:featuredmedia":[{"embeddable":true,"href":"https:\/\/www.europesays.com\/fr\/wp-json\/wp\/v2\/media\/562897"}],"wp:attachment":[{"href":"https:\/\/www.europesays.com\/fr\/wp-json\/wp\/v2\/media?parent=562896"}],"wp:term":[{"taxonomy":"category","embeddable":true,"href":"https:\/\/www.europesays.com\/fr\/wp-json\/wp\/v2\/categories?post=562896"},{"taxonomy":"post_tag","embeddable":true,"href":"https:\/\/www.europesays.com\/fr\/wp-json\/wp\/v2\/tags?post=562896"}],"curies":[{"name":"wp","href":"https:\/\/api.w.org\/{rel}","templated":true}]}}