{"id":562898,"date":"2025-11-27T19:16:21","date_gmt":"2025-11-27T19:16:21","guid":{"rendered":"https:\/\/www.europesays.com\/fr\/562898\/"},"modified":"2025-11-27T19:16:21","modified_gmt":"2025-11-27T19:16:21","slug":"en-europe-une-dynamique-globale-de-mobilisation-liberation","status":"publish","type":"post","link":"https:\/\/www.europesays.com\/fr\/562898\/","title":{"rendered":"en Europe, une dynamique globale de mobilisation \u2013 Lib\u00e9ration"},"content":{"rendered":"<p class=\"sc-cPiKLX AiZTS text-element\">La France dans le sillage de ses voisins europ\u00e9ens. Annonc\u00e9e ce jeudi 27 novembre par Emmanuel Macron, depuis Varces en Is\u00e8re, <a href=\"https:\/\/www.liberation.fr\/international\/service-national-emmanuel-macron-cherche-des-jeunes-pour-epauler-larmee-20251127_VFU27MY5LJDV5GXAPEVKWYMKHU\/\" target=\"_blank\" rel=\"noopener\" title=\"https:\/\/www.liberation.fr\/international\/service-national-emmanuel-macron-cherche-des-jeunes-pour-epauler-larmee-20251127_VFU27MY5LJDV5GXAPEVKWYMKHU\/\">la mise en place d\u2019un \u00abservice national volontaire\u00bb \u00e0 partir de 2026<\/a> s\u2019inscrit dans une dynamique globale \u00e0 l\u2019\u00e9chelle continentale, sur fond de guerre en Ukraine et de tensions croissantes avec la Russie. \u00abDepuis plusieurs ann\u00e9es, on a une tendance \u00e0 un retour du service militaire en Europe, dans un contexte s\u00e9curitaire fortement d\u00e9grad\u00e9. Cela tranche avec la p\u00e9riode des ann\u00e9es 1990-2000, marqu\u00e9e par une professionnalisation des arm\u00e9es et donc une suspension ou une suppression des services militaires\u00bb, observe l\u2019historien Maxime Launay, sp\u00e9cialiste des relations politico-militaires \u00e0 l\u2019Institut de recherche strat\u00e9gique de l\u2019Ecole militaire et auteur d\u2019<a href=\"https:\/\/www.irsem.fr\/storage\/file_manager_files\/2025\/11\/etude-irsem-128-launay-serv-mili-a4.pdf\" target=\"_blank\" rel=\"noopener\" title=\"https:\/\/www.irsem.fr\/storage\/file_manager_files\/2025\/11\/etude-irsem-128-launay-serv-mili-a4.pdf\">une \u00e9tude intitul\u00e9e \u00abLe retour du service militaire en Europe\u00bb<\/a> publi\u00e9e ce jeudi.<\/p>\n<p class=\"sc-cPiKLX AiZTS text-element\">L\u2019<b>Allemagne<\/b>, en 2011, a figur\u00e9 parmi l<\/p>\n","protected":false},"excerpt":{"rendered":"La France dans le sillage de ses voisins europ\u00e9ens. Annonc\u00e9e ce jeudi 27 novembre par Emmanuel Macron, depuis&hellip;\n","protected":false},"author":2,"featured_media":562899,"comment_status":"","ping_status":"","sticky":false,"template":"","format":"standard","meta":{"footnotes":""},"categories":[1586],"tags":[11,554,1777,674,1011,27,12,673,25,53655],"class_list":{"0":"post-562898","1":"post","2":"type-post","3":"status-publish","4":"format-standard","5":"has-post-thumbnail","7":"category-europe","8":"tag-actualites","9":"tag-defense","10":"tag-eu","11":"tag-europe","12":"tag-fr","13":"tag-france","14":"tag-news","15":"tag-norvege","16":"tag-republique-francaise","17":"tag-snu"},"share_on_mastodon":{"url":"https:\/\/pubeurope.com\/@fr\/115623269831168060","error":""},"_links":{"self":[{"href":"https:\/\/www.europesays.com\/fr\/wp-json\/wp\/v2\/posts\/562898","targetHints":{"allow":["GET"]}}],"collection":[{"href":"https:\/\/www.europesays.com\/fr\/wp-json\/wp\/v2\/posts"}],"about":[{"href":"https:\/\/www.europesays.com\/fr\/wp-json\/wp\/v2\/types\/post"}],"author":[{"embeddable":true,"href":"https:\/\/www.europesays.com\/fr\/wp-json\/wp\/v2\/users\/2"}],"replies":[{"embeddable":true,"href":"https:\/\/www.europesays.com\/fr\/wp-json\/wp\/v2\/comments?post=562898"}],"version-history":[{"count":0,"href":"https:\/\/www.europesays.com\/fr\/wp-json\/wp\/v2\/posts\/562898\/revisions"}],"wp:featuredmedia":[{"embeddable":true,"href":"https:\/\/www.europesays.com\/fr\/wp-json\/wp\/v2\/media\/562899"}],"wp:attachment":[{"href":"https:\/\/www.europesays.com\/fr\/wp-json\/wp\/v2\/media?parent=562898"}],"wp:term":[{"taxonomy":"category","embeddable":true,"href":"https:\/\/www.europesays.com\/fr\/wp-json\/wp\/v2\/categories?post=562898"},{"taxonomy":"post_tag","embeddable":true,"href":"https:\/\/www.europesays.com\/fr\/wp-json\/wp\/v2\/tags?post=562898"}],"curies":[{"name":"wp","href":"https:\/\/api.w.org\/{rel}","templated":true}]}}