{"id":562900,"date":"2025-11-27T19:17:24","date_gmt":"2025-11-27T19:17:24","guid":{"rendered":"https:\/\/www.europesays.com\/fr\/562900\/"},"modified":"2025-11-27T19:17:24","modified_gmt":"2025-11-27T19:17:24","slug":"guerre-en-ukraine-poutine-repete-quil-na-aucune-intention-dattaquer-lue-et-se-dit-pret-a-sy-engager-par-ecrit","status":"publish","type":"post","link":"https:\/\/www.europesays.com\/fr\/562900\/","title":{"rendered":"Guerre en Ukraine\u00a0: Poutine r\u00e9p\u00e8te qu\u2019il n\u2019a aucune intention d\u2019attaquer l\u2019UE et se dit \u00ab\u00a0pr\u00eat \u00e0 s\u2019y engager par \u00e9crit\u00a0\u00bb"},"content":{"rendered":"<p>\n                                                                    l&rsquo;essentiel<br \/>\n                                                                Le ma\u00eetre du Kremlin a une nouvelle fois r\u00e9p\u00e9t\u00e9 qu\u2019il n\u2019avait pas l\u2019intention d\u2019attaquer l\u2019Europe.\n                            <\/p>\n<p>En voyage officiel au Kirghizistan, Vladimir Poutine a r\u00e9it\u00e9r\u00e9 ses exigences maximalistes pour mettre fin \u00e0 la guerre en Ukraine. Depuis Bichkek, ce jeudi 27\u00a0novembre, le ma\u00eetre du Kremlin a affirm\u00e9 que Moscou cessera les hostilit\u00e9s si les forces de Kiev acceptent de se retirer des territoires dont la Russie revendique l\u2019annexion. \u00ab\u00a0Si elles ne partent pas, nous les chasserons par la force militaire\u00a0\u00bb, a menac\u00e9 le pr\u00e9sident russe.<\/p>\n<p class=\"std-elt__inline\">\n        <strong>\u00c0 lire aussi :<\/strong><br \/>\n        <a href=\"https:\/\/www.ladepeche.fr\/2025\/11\/27\/direct-guerre-en-ukraine-moscou-dit-avoir-abattu-une-centaine-de-drones-ukrainiens-13076460.php\" target=\"_blank\" rel=\"noopener\">DIRECT. Guerre en Ukraine\u00a0: \u00ab\u00a0nous cesserons les hostilit\u00e9s\u00a0\u00bb\u2026 Vladimir Poutine pose ses conditions pour l\u2019arr\u00eat des combats<\/a>\n    <\/p>\n<p>Au cours de cette conf\u00e9rence de presse o\u00f9 il a abord\u00e9 de nombreux sujets, Vladimir Poutine a une nouvelle fois martel\u00e9 qu\u2019il n\u2019avait aucune intention d\u2019entrer en conflit arm\u00e9 avec l\u2019Europe. Et de d\u00e9clarer, comme le rapporte l\u2019agence <a href=\"https:\/\/tass.com\/politics\/2050227\" target=\"_blank\" rel=\"noopener\">TASS<\/a>, que la Russie \u00e9tait \u00ab\u00a0pr\u00eate \u00e0 s\u2019engager par \u00e9crit\u00a0\u00bb \u00e0 ne pas attaquer l\u2019UE, tout en qualifiant de \u00ab\u00a0fous\u00a0\u00bb ou d'\u00a0\u00bbescrocs\u00a0\u00bb ceux qui pensent le contraire.<\/p>\n<p class=\"std-elt__inline\">\n        <strong>\u00c0 lire aussi :<\/strong><br \/>\n        <a href=\"https:\/\/www.ladepeche.fr\/2025\/11\/22\/accepter-de-perdre-nos-enfants-en-cas-de-guerre-le-but-etait-dalerter-se-defend-le-chef-detat-major-apres-ses-propos-polemiques-13068244.php\" target=\"_blank\" rel=\"noopener\">\u00ab\u00a0Accepter de perdre nos enfants\u00a0\u00bb en cas de guerre\u00a0: Le but \u00e9tait \u00ab\u00a0d\u2019alerter\u00a0\u00bb, se d\u00e9fend le chef d\u2019\u00e9tat-major apr\u00e8s ses propos pol\u00e9miques<\/a>\n    <\/p>\n<p>Ces derniers mois, de nombreuses capitales du Vieux Continent ont tir\u00e9 la sonnette d\u2019alarme, pointant la menace d\u2019une invasion russe en Europe. Il y a une dizaine de jours, le chef d\u2019\u00e9tat-major des arm\u00e9es Fabien Mandon avait indiqu\u00e9 que Moscou \u00ab\u00a0se pr\u00e9pare \u00e0 poursuivre le conflit arm\u00e9\u00a0\u00bb et viserait une \u00ab\u00a0confrontation pour 2030 avec nos pays et les membres de l\u2019Otan\u00a0\u00bb.<\/p>\n<p>Le g\u00e9n\u00e9ral avait \u00e9galement rappel\u00e9 la n\u00e9cessit\u00e9 de se tenir pr\u00eat mentalement \u00e0 un conflit majeur, \u00e9voquant sans d\u00e9tour la n\u00e9cessit\u00e9 \u00ab\u00a0d\u2019accepter de perdre nos enfants, de souffrir \u00e9conomiquement\u00a0\u00bb.<\/p>\n","protected":false},"excerpt":{"rendered":"l&rsquo;essentiel Le ma\u00eetre du Kremlin a une nouvelle fois r\u00e9p\u00e9t\u00e9 qu\u2019il n\u2019avait pas l\u2019intention d\u2019attaquer l\u2019Europe. En voyage&hellip;\n","protected":false},"author":2,"featured_media":562901,"comment_status":"","ping_status":"","sticky":false,"template":"","format":"standard","meta":{"footnotes":""},"categories":[1586],"tags":[11,1777,674,1779,1011,27,12,25,1778,364],"class_list":{"0":"post-562900","1":"post","2":"type-post","3":"status-publish","4":"format-standard","5":"has-post-thumbnail","7":"category-europe","8":"tag-actualites","9":"tag-eu","10":"tag-europe","11":"tag-european-union","12":"tag-fr","13":"tag-france","14":"tag-news","15":"tag-republique-francaise","16":"tag-ue","17":"tag-union-europeenne"},"share_on_mastodon":{"url":"https:\/\/pubeurope.com\/@fr\/115623273752798772","error":""},"_links":{"self":[{"href":"https:\/\/www.europesays.com\/fr\/wp-json\/wp\/v2\/posts\/562900","targetHints":{"allow":["GET"]}}],"collection":[{"href":"https:\/\/www.europesays.com\/fr\/wp-json\/wp\/v2\/posts"}],"about":[{"href":"https:\/\/www.europesays.com\/fr\/wp-json\/wp\/v2\/types\/post"}],"author":[{"embeddable":true,"href":"https:\/\/www.europesays.com\/fr\/wp-json\/wp\/v2\/users\/2"}],"replies":[{"embeddable":true,"href":"https:\/\/www.europesays.com\/fr\/wp-json\/wp\/v2\/comments?post=562900"}],"version-history":[{"count":0,"href":"https:\/\/www.europesays.com\/fr\/wp-json\/wp\/v2\/posts\/562900\/revisions"}],"wp:featuredmedia":[{"embeddable":true,"href":"https:\/\/www.europesays.com\/fr\/wp-json\/wp\/v2\/media\/562901"}],"wp:attachment":[{"href":"https:\/\/www.europesays.com\/fr\/wp-json\/wp\/v2\/media?parent=562900"}],"wp:term":[{"taxonomy":"category","embeddable":true,"href":"https:\/\/www.europesays.com\/fr\/wp-json\/wp\/v2\/categories?post=562900"},{"taxonomy":"post_tag","embeddable":true,"href":"https:\/\/www.europesays.com\/fr\/wp-json\/wp\/v2\/tags?post=562900"}],"curies":[{"name":"wp","href":"https:\/\/api.w.org\/{rel}","templated":true}]}}