{"id":562915,"date":"2025-11-27T19:31:15","date_gmt":"2025-11-27T19:31:15","guid":{"rendered":"https:\/\/www.europesays.com\/fr\/562915\/"},"modified":"2025-11-27T19:31:15","modified_gmt":"2025-11-27T19:31:15","slug":"une-partie-de-moi-est-morte-avec-toi-mort-de-bebert-des-forbans-sa-veuve-astrid-sexprime-pour-la-premiere-fois","status":"publish","type":"post","link":"https:\/\/www.europesays.com\/fr\/562915\/","title":{"rendered":"\u00ab\u00a0Une partie de moi est morte avec toi\u2026\u00a0\u00bb\u00a0: Mort de B\u00e9bert des Forbans, sa veuve Astrid s&rsquo;exprime pour la premi\u00e8re fois"},"content":{"rendered":"<p>      R\u00e9sum\u00e9<\/p>\n<p>Astrid, veuve de B\u00e9bert des Forbans, s&rsquo;est exprim\u00e9e pour la premi\u00e8re fois depuis le d\u00e9c\u00e8s de sa moiti\u00e9. Le leader du groupe de rock s&rsquo;est \u00e9teint ce mardi 25 novembre \u00e0 63 ans des suites d&rsquo;un cancer du c\u00f4lon.<\/p>\n<p>        Sommaire<\/p>\n<p>On ignore encore quand auront lieu <strong>les obs\u00e8ques de \u00ab\u00a0B\u00e9bert\u00a0\u00bb<\/strong>. Le Parisien a simplement annonc\u00e9 que ses proches se r\u00e9uniront dans l&rsquo;intimit\u00e9. Pour rappel, <a href=\"https:\/\/www.public.fr\/bebert-des-forbans-est-decede-a-63-ans-ce-que-lon-sait\" target=\"_blank\" rel=\"noopener\">le leader des Forbans <strong>s&rsquo;est \u00e9teint<\/strong><\/a> ce 25\u00a0novembre \u00e0 63 ans <strong>des suites d&rsquo;un cancer du c\u00f4lon<\/strong> qu&rsquo;il combattait depuis plusieurs ann\u00e9es. Derri\u00e8re lui, <a href=\"https:\/\/www.public.fr\/bebert-les-forbans-je-suis-un-autoentrepreneur\" target=\"_blank\" rel=\"noopener\">l&rsquo;interpr\u00e8te de Chante<\/a> laisse <strong>deux enfants\u00a0: Kevin et Giorgia<\/strong> n\u00e9s d&rsquo;une premi\u00e8re union et <strong>sa femme, Astrid, <\/strong>qu&rsquo;il avait \u00e9pous\u00e9 le 15\u00a0septembre 2022. Vingt-quatre heures apr\u00e8s la terrible nouvelle, cette derni\u00e8re a d\u00e9cid\u00e9 de prendre la parole.<\/p>\n<p>En effet, la jeune femme <strong>de vingt ans sa cadette<\/strong> s&rsquo;est exprim\u00e9e via son compte Instagram ce 26\u00a0novembre. Pour ce faire, Astrid a d\u00e9voil\u00e9 <strong>un clich\u00e9 intime du couple<\/strong> plus heureux que jamais. En l\u00e9gende, celle qui est danseuse de profession a r\u00e9dig\u00e9 un long texte\u00a0: \u00ab\u00a0<strong>Cela faisait plus de 3 ans que l\u2019on se battait secr\u00e8tement contre la maladie<\/strong>. Je dis &lsquo;on&rsquo; car toi et moi on a toujours tout fait \u00e0 2 et m\u00eame ce combat on l\u2019a men\u00e9 ensemble. <strong>Nous avions fait le choix de ne pas en parler<\/strong>\u00ab\u00a0, a-t-elle confi\u00e9 pour commencer.<\/p>\n<p>Pourquoi avait-il fait ce choix\u00a0? Astrid s&rsquo;en explique\u00a0: \u00ab\u00a0<strong>Tu ne voulais pas que les gens te regardent avec piti\u00e9 ou empathie<\/strong>, alors on s\u2019est battus comme des lions, en silence, chacun redonnant la force \u00e0 l\u2019autre quand il flanchait. <strong>Ne pas perdre tes cheveux<\/strong> a \u00e9t\u00e9 une aubaine et nous a permis le luxe d\u2019\u00eatre incognito\u00a0\u00bb a ajout\u00e9 la jolie blonde. <\/p>\n<p>Mort de B\u00e9bert des Forbans\u00a0: Astrid l\u00e8ve le voile sur les derni\u00e8res heures du chanteur<\/p>\n<p>Dans ce sublime message en guise d&rsquo;hommage, Astrid a aussi \u00e9voqu\u00e9 sur <strong>les derni\u00e8res heures de <a href=\"https:\/\/www.public.fr\/bebert-les-forbans-cyril-hanouna-lui-a-manque-de-respect\" target=\"_blank\" rel=\"noopener\">sa moiti\u00e9<\/a><\/strong>. \u00ab\u00a0Hier tu t\u2019es \u00e9teint ma main dans la tienne et l\u2019autre sur ton c\u0153ur, <strong>j\u2019ai \u00e9t\u00e9 l\u00e0 jusqu\u2019\u00e0 ton dernier souffle\u00a0\u00bb<\/strong> a racont\u00e9 la jeune femme qui lui a fait plusieurs promesses avant que B\u00e9bert ne s&rsquo;en aille. \u00ab\u00a0Une partie de moi est morte avec toi\u2026 Mais un guerrier, ne peut \u00eatre qu\u2019avec une guerri\u00e8re. Alors, <strong>comme je te l\u2019ai promis, je vais me battre, je vais essayer<\/strong>\u2026 Pour toi mais aussi pour Kevin et Giorgia. <strong>Je te promets d\u2019essayer d\u2019\u00eatre forte et de ne pas me laisser aller<\/strong>\u00ab\u00a0, a-t-elle assur\u00e9.<\/p>\n<p>Pour conclure, Astrid ne peut toutefois cacher que \u00ab\u00a0<strong>la vie sans toi m\u2019est d\u00e9j\u00e0 insupportable. \u00c0 toi mon amour, mon \u00e2me s\u0153ur, ma vie. Je t\u2019aime<\/strong>\u00ab\u00a0. Des propos bouleversants qui ont secou\u00e9 ses abonn\u00e9s. En commentaires, nombreux sont ceux \u00e0 avoir adress\u00e9 un message de soutien \u00e0 la veuve de B\u00e9bert.<\/p>\n<p>\n          Hits &amp; People en continu\n        <\/p>\n<p>\n          Public Radio\n        <\/p>\n<p>      Mentionn\u00e9s dans cet article<\/p>\n<p>      Sur le m\u00eame sujet<\/p>\n","protected":false},"excerpt":{"rendered":"R\u00e9sum\u00e9 Astrid, veuve de B\u00e9bert des Forbans, s&rsquo;est exprim\u00e9e pour la premi\u00e8re fois depuis le d\u00e9c\u00e8s de sa&hellip;\n","protected":false},"author":2,"featured_media":562916,"comment_status":"","ping_status":"","sticky":false,"template":"","format":"standard","meta":{"footnotes":""},"categories":[1359],"tags":[1695,5551,1193,2715,58,59,1294,1011,27,2705,18,10598,973,7040],"class_list":{"0":"post-562915","1":"post","2":"type-post","3":"status-publish","4":"format-standard","5":"has-post-thumbnail","7":"category-people","8":"tag-chanson","9":"tag-chanson-francaise","10":"tag-couple","11":"tag-disparition","12":"tag-divertissement","13":"tag-entertainment","14":"tag-femme","15":"tag-fr","16":"tag-france","17":"tag-groupe","18":"tag-mort","19":"tag-musique-francaise","20":"tag-people","21":"tag-rock"},"share_on_mastodon":{"url":"https:\/\/pubeurope.com\/@fr\/115623329108751913","error":""},"_links":{"self":[{"href":"https:\/\/www.europesays.com\/fr\/wp-json\/wp\/v2\/posts\/562915","targetHints":{"allow":["GET"]}}],"collection":[{"href":"https:\/\/www.europesays.com\/fr\/wp-json\/wp\/v2\/posts"}],"about":[{"href":"https:\/\/www.europesays.com\/fr\/wp-json\/wp\/v2\/types\/post"}],"author":[{"embeddable":true,"href":"https:\/\/www.europesays.com\/fr\/wp-json\/wp\/v2\/users\/2"}],"replies":[{"embeddable":true,"href":"https:\/\/www.europesays.com\/fr\/wp-json\/wp\/v2\/comments?post=562915"}],"version-history":[{"count":0,"href":"https:\/\/www.europesays.com\/fr\/wp-json\/wp\/v2\/posts\/562915\/revisions"}],"wp:featuredmedia":[{"embeddable":true,"href":"https:\/\/www.europesays.com\/fr\/wp-json\/wp\/v2\/media\/562916"}],"wp:attachment":[{"href":"https:\/\/www.europesays.com\/fr\/wp-json\/wp\/v2\/media?parent=562915"}],"wp:term":[{"taxonomy":"category","embeddable":true,"href":"https:\/\/www.europesays.com\/fr\/wp-json\/wp\/v2\/categories?post=562915"},{"taxonomy":"post_tag","embeddable":true,"href":"https:\/\/www.europesays.com\/fr\/wp-json\/wp\/v2\/tags?post=562915"}],"curies":[{"name":"wp","href":"https:\/\/api.w.org\/{rel}","templated":true}]}}