{"id":562917,"date":"2025-11-27T19:32:57","date_gmt":"2025-11-27T19:32:57","guid":{"rendered":"https:\/\/www.europesays.com\/fr\/562917\/"},"modified":"2025-11-27T19:32:57","modified_gmt":"2025-11-27T19:32:57","slug":"un-cadre-photo-connecte-qui-passe-partout","status":"publish","type":"post","link":"https:\/\/www.europesays.com\/fr\/562917\/","title":{"rendered":"un cadre photo connect\u00e9 qui passe-partout"},"content":{"rendered":"<p>En 2025, les <strong>cadres photo num\u00e9riques<\/strong> misent sur l\u2019\u00e9l\u00e9gance, la simplicit\u00e9 et une qualit\u00e9 d\u2019affichage sup\u00e9rieure \u2014 bien loin des \u00e9crans pix\u00e9lis\u00e9s d\u2019autrefois.<\/p>\n<p>Le cadre\u00a0<strong>Aspen<\/strong>\u00a0d\u2019<strong>Aura Frames<\/strong>\u00a0se d\u00e9marque par son <strong>\u00e9cran mat HD de 12 pouces<\/strong> au format 4\/3, qui cherche \u00e0 reproduire <strong>l\u2019aspect d\u2019un tirage photo<\/strong>. Discret et raffin\u00e9, il offre une orientation verticale et horizontale avec un recadrage intelligent des portraits.<\/p>\n<p>Connect\u00e9 au\u00a0<strong>cloud Aura<\/strong>, il offre un\u00a0<strong>stockage illimit\u00e9 gratuit<\/strong>, sans abonnement, et se contr\u00f4le via une <strong>application mobile intuitive<\/strong>. L\u2019Aspen se pr\u00e9sente comme\u00a0<strong>l\u2019un des cadres photo num\u00e9riques les plus polyvalents<\/strong>\u00a0du march\u00e9.<\/p>\n<p>Ce nouveau cadre de chez Aura tient-il toutes ses promesses ? D\u00e9couvrez notre\u00a0<strong>test complet de l\u2019Aura Aspen<\/strong>.<\/p>\n<p><img decoding=\"async\" width=\"1400\" height=\"933\" loading=\"lazy\" src=\"https:\/\/www.europesays.com\/fr\/wp-content\/uploads\/2025\/11\/phototrend-test-cadre-aura-aspen_18.jpg\" alt=\"\" class=\"wp-image-255629\"  \/><\/p>\n<p>\u00c0 propos d\u2019Aura Frames<\/p>\n<p>Depuis ses d\u00e9buts, Aura Frames d\u00e9fend une vision tr\u00e8s simple : <strong>remettre la photo au centre de la maison <\/strong>gr\u00e2ce \u00e0 des objets qui ressemblent \u00e0\u2026 des cadres photo. <strong>Pas d\u2019\u00e9cran brillant<\/strong>, pas de mat\u00e9riaux d\u2019entr\u00e9e de gamme, pas de widgets, etc. Mais \u00e0 la place, un \u00e9cran de qualit\u00e9, pens\u00e9 pour \u00eatre utilis\u00e9 avec une <strong>application mobile compagnon<\/strong> qui facilite l\u2019envoi et le partage d\u2019images, via un\u00a0<strong>cloud illimit\u00e9 sans abonnement<\/strong>.<\/p>\n<p>Cr\u00e9\u00e9e en 2002 par deux anciens ing\u00e9nieurs de Twitter,\u00a0<strong>Aura Frames,<\/strong>\u00a0souhaitaient\u00a0<strong>redonner leurs lettres de noblesse aux cadres photo num\u00e9rique<\/strong>, restant souvent en retard par rapport \u00e0 nos tablettes et smartphones.<\/p>\n<p><img decoding=\"async\" width=\"1400\" height=\"676\" loading=\"lazy\" src=\"https:\/\/www.europesays.com\/fr\/wp-content\/uploads\/2025\/11\/cadres-photo-aura-frames-1400x676.jpg\" alt=\"\" class=\"wp-image-255651\"  \/><\/p>\n<p>Nous avons d\u00e9j\u00e0 test\u00e9 deux cadres de la marque :\u00a0<a href=\"https:\/\/phototrend.fr\/2021\/07\/test-cadre-photo-numerique-aura-carver\/\" target=\"_blank\" rel=\"noopener\">Aura Carver<\/a>\u00a0et\u00a0<a href=\"https:\/\/phototrend.fr\/2022\/06\/test-aura-mason-luxe-cadre-photo-connecte\/\" target=\"_blank\" rel=\"noopener\">Aura Mason Luxe<\/a>\u00a0(qui n\u2019est plus vendu par le fabricant). L\u2019Aspen, le nouveau cadre photo <strong>sorti en juillet dernier<\/strong>, est d\u00e9crit par la marque comme son\u00a0<strong>cadre HD le plus polyvalent<\/strong>\u00a0; il se situe entre le <strong>Carver<\/strong>, un \u00e9cran 10 pouces plus abordable, paysage uniquement) et le <strong>Walden<\/strong>, le tout dernier mod\u00e8le, dot\u00e9 d\u2019un \u00e9cran 15\u2033 et pens\u00e9 pour \u00eatre accroch\u00e9 au mur.<\/p>\n<p><img decoding=\"async\" width=\"1400\" height=\"933\" loading=\"lazy\" src=\"https:\/\/www.europesays.com\/fr\/wp-content\/uploads\/2025\/11\/phototrend-test-cadre-aura-aspen_7.jpg\" alt=\"\" class=\"wp-image-255639\"  \/><\/p>\n<p>Pr\u00e9sentation du cadre photo num\u00e9rique Aura Aspen<\/p>\n<p>Le cadre photo Aspen adopte un\u00a0<strong>\u00e9cran 11,8\u2033 au format 4:3<\/strong>\u00a0\u2013 le m\u00eame ratio que la plupart des images capt\u00e9es au smartphone \u2013 avec une d\u00e9finition\u00a0<strong>1600 x 1200 px<\/strong>\u00a0et un\u00a0<strong>traitement mat anti-reflets<\/strong>.<\/p>\n<p><img decoding=\"async\" width=\"1400\" height=\"802\" loading=\"lazy\" src=\"https:\/\/www.europesays.com\/fr\/wp-content\/uploads\/2025\/11\/aura-frame-aspen-1400x802.jpg\" alt=\"\" class=\"wp-image-255652\"  \/>Screenshot<\/p>\n<p>Le <strong>choix du format 4:3<\/strong> est moins courant sur le march\u00e9 des cadres photo, notamment en raison des dalles disponibles. Et pourtant, cela permet de <strong>mieux remplir la surface du cadre<\/strong>, sans bandes noires, en portrait comme en paysage.<\/p>\n<p><img decoding=\"async\" width=\"1400\" height=\"933\" loading=\"lazy\" src=\"https:\/\/www.europesays.com\/fr\/wp-content\/uploads\/2025\/11\/phototrend-test-cadre-aura-aspen_8.jpg\" alt=\"\" class=\"wp-image-255624\"  \/><\/p>\n<p>Le cadre mesure<strong> 32,3 x 25,7 cm<\/strong> et la zone d\u2019image fait <strong>17,5 x 24 cm<\/strong>. Il p\u00e8se un peu moins d\u2019un kilo (950 g). Le ch\u00e2ssis du <strong>cadre est tr\u00e8s fin<\/strong> (environ 2,8 cm), auquel il faut ajouter une profondeur suppl\u00e9mentaire avec\u00a0le\u00a0<strong>pied m\u00e9tallique <\/strong>qui vient se clipser pour orienter le\u00a0cadre en paysage ou portrait.<\/p>\n<p>C\u2019est pratique, mais le petit pied m\u00e9tallique, qui fait office de b\u00e9quille, aurait pu s\u2019orienter sans devoir le retirer enti\u00e8rement \u00e0 chaque fois, comme sur les \u201cvrais\u201d cadres photo.<\/p>\n<p><img decoding=\"async\" width=\"1400\" height=\"933\" loading=\"lazy\" data-id=\"255636\" src=\"https:\/\/www.europesays.com\/fr\/wp-content\/uploads\/2025\/11\/phototrend-test-cadre-aura-aspen_23.jpg\" alt=\"\" class=\"wp-image-255636\"  \/><\/p>\n<p><img decoding=\"async\" width=\"1400\" height=\"933\" loading=\"lazy\" data-id=\"255627\" src=\"https:\/\/www.europesays.com\/fr\/wp-content\/uploads\/2025\/11\/phototrend-test-cadre-aura-aspen_24.jpg\" alt=\"\" class=\"wp-image-255627\"  \/><\/p>\n<p><img decoding=\"async\" width=\"1400\" height=\"933\" loading=\"lazy\" src=\"https:\/\/www.europesays.com\/fr\/wp-content\/uploads\/2025\/11\/phototrend-test-cadre-aura-aspen_25.jpg\" alt=\"\" class=\"wp-image-255625\"  \/><\/p>\n<p><img decoding=\"async\" width=\"933\" height=\"1400\" loading=\"lazy\" src=\"https:\/\/www.europesays.com\/fr\/wp-content\/uploads\/2025\/11\/phototrend-test-cadre-aura-aspen_20.jpg\" alt=\"\" class=\"wp-image-255630\"  \/><\/p>\n<p>Au dos du cadre, un haut-parleur permet d\u2019ajouter le son \u00e0 l\u2019image lors de la lecture de vid\u00e9os.<\/p>\n<p>Le cadre est fourni avec un <strong>c\u00e2ble en tissu d\u2019environ 2 m\u00e8tres<\/strong>, d\u2019une couleur grise. En plus de l\u2019embout type E pour la France, Aura propose dans la bo\u00eete des <strong>embouts compatibles<\/strong> avec d\u2019autres prises (\u00c9tats-Unis, Royaume-Uni). Une fa\u00e7on de n\u2019avoir qu\u2019un SKU pour l\u2019ensemble des pays.<\/p>\n<p><img decoding=\"async\" width=\"1400\" height=\"933\" loading=\"lazy\" src=\"https:\/\/www.europesays.com\/fr\/wp-content\/uploads\/2025\/11\/phototrend-test-cadre-aura-aspen_21.jpg\" alt=\"\" class=\"wp-image-255632\"  \/><\/p>\n<p>Au catalogue , deux finitions existent, qui correspondent \u00e0 la couleur de la bordure :\u00a0<strong>Ink<\/strong>\u00a0(noir) et\u00a0<strong>Clay<\/strong>\u00a0(gris), vendues au tarif de\u00a0<strong>249 \u20ac<\/strong>. Nous avons eu l\u2019occasion de tester la version Ink.<\/p>\n<p><strong>Voici les caract\u00e9ristiques du cadre Aura Aspen : <\/strong><\/p>\n<ul class=\"wp-block-list\">\n<li><strong>\u00e9cran<\/strong>\u00a0: LCD de 11,8\u2033 (diagonale 30 cm), double orientation<\/li>\n<li><strong>d\u00e9finition<\/strong>\u00a0: 1\u00a0600 x 1\u00a0200 px<\/li>\n<li><strong>dimensions<\/strong>\u00a0: 32,3 x 25,7 x 2,8\u00a0cm<\/li>\n<li><strong>poids<\/strong>\u00a0: 0,95 kg<\/li>\n<li><strong>connectivit\u00e9 <\/strong>\u00a0: Wi-Fi 2,4 ou 5 GHz<\/li>\n<li><strong>compatibilit\u00e9<\/strong>\u00a0:  iOS et Android<\/li>\n<li><strong>prix au lancement<\/strong> : 249 \u20ac<\/li>\n<\/ul>\n<p>Prise en main du cadre photo<\/p>\n<p>Au fil des g\u00e9n\u00e9rations, <strong>Aura soigne la qualit\u00e9 et les finitions de ses cadres<\/strong>. Sorti de sa bo\u00eete, le cadre Aspen d\u2019Aura fait d\u2019abord penser \u00e0 <strong>un cadre et non \u00e0 un \u00e9cran<\/strong>. Le rendu est \u00e9l\u00e9gant et neutre : l\u2019objet s\u2019efface pour laisser place \u00e0 l\u2019image.<\/p>\n<p>L\u2019illusion vient de cette\u00a0<strong>large bordure fa\u00e7on passe-partout<\/strong>, dot\u00e9e d\u2019une texture qui fait penser\u00a0au\u00a0<strong>grain du papier<\/strong>. Cela permet d\u2019\u00e9viter un rendu trop plastique.<\/p>\n<p><img decoding=\"async\" width=\"1400\" height=\"933\" loading=\"lazy\" src=\"https:\/\/www.europesays.com\/fr\/wp-content\/uploads\/2025\/11\/phototrend-test-cadre-aura-aspen_4.jpg\" alt=\"\" class=\"wp-image-255616\"  \/><\/p>\n<p>Vous voulez accrocher le cadre photo au mur ? <strong>Pas possible avec ce mod\u00e8le<\/strong>. Pour un accrochage mural, Aura propose un autre mod\u00e8le, le <a href=\"https:\/\/www.awin1.com\/cread.php?awinmid=12665&amp;awinaffid=282185&amp;clickref=&amp;p=https:\/\/www.fnac.com\/Cadre-photo-numerique-Aura-Walden-Ink-Mat-Wi-Fi-15-Blanc-et-Noir\/a22023387\/w-4\" target=\"_blank\" rel=\"noopener\">Walden<\/a>, mais qui dispose toujours d\u2019un c\u00e2ble d\u2019alimentation afin de pouvoir fournir le cadre en \u00e9lectricit\u00e9.<\/p>\n<p><img decoding=\"async\" width=\"1400\" height=\"933\" loading=\"lazy\" src=\"https:\/\/www.europesays.com\/fr\/wp-content\/uploads\/2025\/11\/phototrend-test-cadre-aura-aspen_2.jpg\" alt=\"\" class=\"wp-image-255617\"  \/>Barre tactile<\/p>\n<p>L\u2019\u00e9cran n\u2019est <strong>toujours pas tactile<\/strong>, un parti pris assum\u00e9 pour pr\u00e9server l\u2019illusion d\u2019un tirage derri\u00e8re un passe-partout et\u00a0<strong>\u00e9viter les traces de doigts<\/strong>. Sur le cadre, deux\u00a0<strong>barres tactiles<\/strong>\u00a0pr\u00e9sentes sur les tranches permettent d\u2019interagir avec les photos : un glissement pour changer d\u2019image, un tap pour afficher les infos (lieu, date, etc.), un\u00a0<strong>double tap pour \u00ab liker \u00bb<\/strong>\u00a0et envoyer une petite notification \u00e0 la personne qui a partag\u00e9 la photo.<\/p>\n<p><img decoding=\"async\" width=\"1400\" height=\"933\" loading=\"lazy\" src=\"https:\/\/www.europesays.com\/fr\/wp-content\/uploads\/2025\/11\/phototrend-test-cadre-aura-aspen_11.jpg\" alt=\"\" class=\"wp-image-255638\"  \/><\/p>\n<p><img decoding=\"async\" width=\"1400\" height=\"933\" loading=\"lazy\" src=\"https:\/\/www.europesays.com\/fr\/wp-content\/uploads\/2025\/11\/phototrend-test-cadre-aura-aspen_9.jpg\" alt=\"\" class=\"wp-image-255631\"  \/>Un double tap sur la barre tactile permet de liker la photo, avec une belle animation<\/p>\n<p>L\u2019ensemble b\u00e9n\u00e9ficie d\u2019une <strong>bonne r\u00e9activit\u00e9<\/strong>, et l\u2019interface \u00e9vite de se tromper, en retirant par erreur une photo du cadre par exemple.<\/p>\n<p><img decoding=\"async\" width=\"1400\" height=\"933\" loading=\"lazy\" src=\"https:\/\/www.europesays.com\/fr\/wp-content\/uploads\/2025\/11\/phototrend-test-cadre-aura-aspen_3.jpg\" alt=\"\" class=\"wp-image-255618\"  \/><\/p>\n<p>Pour \u00e9viter l\u2019effet \u201csapin de No\u00ebl\u201d, le cadre dispose d\u2019un capteur de lumi\u00e8re, qui permet de <strong>r\u00e9gler automatiquement la luminosit\u00e9 de l\u2019\u00e9cran<\/strong>, ou bien de l\u2019\u00e9teindre compl\u00e8tement lorsque la pi\u00e8ce est plong\u00e9e dans l\u2019obscurit\u00e9. <\/p>\n<p>Par rapport aux pr\u00e9c\u00e9dents mod\u00e8les, il nous semble que la <strong>mise en veille<\/strong> et la sortie de veille sont bien plus r\u00e9actives. <strong>Dommage qu\u2019il ne soit pas possible de r\u00e9gler manuellement la luminosit\u00e9<\/strong> pour imiter le rendu du papier dans une pi\u00e8ce sombre.<\/p>\n<p><img decoding=\"async\" width=\"1400\" height=\"933\" loading=\"lazy\" src=\"https:\/\/www.europesays.com\/fr\/wp-content\/uploads\/2025\/11\/phototrend-test-cadre-aura-aspen_16.jpg\" alt=\"\" class=\"wp-image-255640\"  \/>Un petit capteur de lumi\u00e8re se cache dans le passe-partout blanc, saurez-vous le retrouver ?<\/p>\n<p>Une application mobile qui s\u2019am\u00e9liore<\/p>\n<p>La configuration est toujours aussi<strong> simple et rapide<\/strong>, avec un cadre qui affiche les premi\u00e8res photos en quelques minutes. On branche, on associe le cadre dans l\u2019app\u00a0<strong>Aura<\/strong>\u00a0(iOS\/Android), on choisit le <strong>Wi-Fi de la maison<\/strong> et les premi\u00e8res photos apparaissent.<\/p>\n<p><img decoding=\"async\" width=\"1400\" height=\"933\" loading=\"lazy\" src=\"https:\/\/www.europesays.com\/fr\/wp-content\/uploads\/2025\/11\/phototrend-test-cadre-aura-aspen_22.jpg\" alt=\"\" class=\"wp-image-255634\"  \/><\/p>\n<p><strong>L\u2019app sert \u00e0 tout<\/strong> : s\u00e9lectionner les clich\u00e9s dans la pellicule, ajouter\u00a0<strong>des albums iCloud\/Google Photos<\/strong>, ajouter des\u00a0<strong>l\u00e9gendes<\/strong> aux images, qui sont ensuite\u00a0affich\u00e9es sur l\u2019\u00e9cran, r\u00e9gler la cadence du diaporama (de 15 sec \u00e0 24h), ou ajuster le cadrage d\u2019une image qui tombe mal.<\/p>\n<p><img decoding=\"async\" width=\"1400\" height=\"731\" loading=\"lazy\" src=\"https:\/\/www.europesays.com\/fr\/wp-content\/uploads\/2025\/11\/application-aura-frame-1400x731.jpg\" alt=\"\" class=\"wp-image-255649\"  \/><\/p>\n<p>Il est \u00e9galement possible de choisir la photo \u00e0 afficher imm\u00e9diatement dans le cadre. Dommage cependant qu\u2019il ne soit pas possible d\u2019afficher certaines photos ou certains albums \u00e0 diff\u00e9rents moments.<\/p>\n<p>On peut \u00e9galement\u00a0<strong>inviter les proches<\/strong>\u00a0\u00e0 contribuer, ou leur laisser la possibilit\u00e9 d\u2019envoyer des photos\u00a0<strong>par e-mail<\/strong>\u00a0directement sur l\u2019adresse du cadre : pratique pour les personnes qui n\u2019installent pas l\u2019app, mais qui peuvent ainsi contribuer en partageant des photos, voire m\u00eame des vid\u00e9os.<\/p>\n<p><img decoding=\"async\" width=\"1400\" height=\"933\" loading=\"lazy\" src=\"https:\/\/www.europesays.com\/fr\/wp-content\/uploads\/2025\/11\/phototrend-test-cadre-aura-aspen_8.jpg\" alt=\"\" class=\"wp-image-255624\"  \/><\/p>\n<p>C\u00f4t\u00e9 am\u00e9liorations, l\u2019application mobile permet d\u00e9sormais de\u00a0chercher dans les photos de votre t\u00e9l\u00e9phone\u00a0<strong>par visage<\/strong>, pour pouvoir ainsi ajouter plus facilement les photos de famille. Point important, l\u2019analyse se fait\u00a0<strong>localement sur le smartphone<\/strong>, pas dans le cloud.<\/p>\n<p>Enfin, bonne nouvelle si vous utilisez les albums partag\u00e9s de Google : malgr\u00e9 les changements d\u2019API, Aura a confirm\u00e9\u00a0<strong>le maintien de la fonction synchronisation automatique de Google Photos<\/strong>, ce qui \u00e9vite de basculer en ajout manuel.<\/p>\n<p>Un cadre (aussi) pens\u00e9 pour offrir<\/p>\n<p>C\u2019est l\u2019un des sc\u00e9narios o\u00f9 Aura excelle :\u00a0<strong>pr\u00e9parer un cadeau \u00e0 distance<\/strong>. Depuis la bo\u00eete, on peut associer l\u2019Aspen \u00e0 son compte,\u00a0<strong>pr\u00e9charger<\/strong>\u00a0un ensemble de photos, ajouter le r\u00e9seau Wi-Fi du destinataire et un\u00a0<strong>message de bienvenue<\/strong>, puis l\u2019offrir.<\/p>\n<p>La personne qui re\u00e7oit le cadre n\u2019a plus qu\u2019\u00e0 le brancher ; l\u2019appairage au\u00a0<strong>Wi-Fi<\/strong>\u00a0se fait ensuite de mani\u00e8re automatique et l\u2019album appara\u00eet comme par magie.<\/p>\n<p>Ce mode Cadeau \u00e9tait d\u00e9j\u00e0 une force sur les pr\u00e9c\u00e9dents mod\u00e8les, et le cadre Aspen pourra ainsi \u00eatre utilis\u00e9 par son destinataire\u00a0<strong>sans installation<\/strong>, et ainsi recevoir quasiment en temps r\u00e9el des photos, \u00e0 condition qu\u2019ils disposent bien entendu d\u2019une connexion Wi-Fi.<\/p>\n<p>Qualit\u00e9 d\u2019affichage, \u00e9cran 4\/3, rotation et recadrage automatique<\/p>\n<p>La qualit\u00e9 d\u2019affichage de ce cadre photo est tr\u00e8s bonne\u00a0: les images sont nettes, les\u00a0<strong>couleurs bien respect\u00e9es, avec de bons contrastes<\/strong>, la\u00a0<strong>luminosit\u00e9<\/strong> automatique\u00a0para\u00eet bien dos\u00e9e (pas de luminosit\u00e9 maximale communiqu\u00e9e) et les\u00a0<strong>angles de vision<\/strong>\u00a0restent convaincants quand on regarde de biais \u2013 essentiel pour un objet pos\u00e9 que l\u2019on ne fixe pas toujours de face. <\/p>\n<p><img decoding=\"async\" width=\"1400\" height=\"933\" loading=\"lazy\" src=\"https:\/\/www.europesays.com\/fr\/wp-content\/uploads\/2025\/11\/phototrend-test-cadre-aura-aspen_10.jpg\" alt=\"\" class=\"wp-image-255622\"  \/><\/p>\n<p>L\u2019\u00e9cran HD de 11,8 pouces (1600 x 1200 px) offre une r\u00e9solution de\u00a0<strong>167 ppp, ce<\/strong>\u00a0qui est\u00a0<a href=\"https:\/\/phototrend.fr\/2022\/06\/test-aura-mason-luxe-cadre-photo-connecte\" target=\"_blank\" rel=\"noopener\">inf\u00e9rieur au Mason Luxe<\/a>\u00a0(264 ppp), mais\u00a0<strong>suffisant pour ne pas distinguer les pixels<\/strong>\u00a0\u00e0 distance lorsque le cadre est sur un meuble.<\/p>\n<p>Le <strong>rendu mat de la dalle<\/strong>, associ\u00e9 \u00e0 un <strong>traitement anti-reflet<\/strong>, permet de simuler l\u2019effet d\u2019un tirage photo mat, sans vitre de protection plac\u00e9e devant le cadre. Il est donc possible de placer le cadre dans <strong>n\u2019importe quelle pi\u00e8ce<\/strong>.<\/p>\n<p><img decoding=\"async\" width=\"1400\" height=\"933\" loading=\"lazy\" src=\"https:\/\/www.europesays.com\/fr\/wp-content\/uploads\/2025\/11\/phototrend-test-cadre-aura-aspen_26.jpg\" alt=\"\" class=\"wp-image-255643\"  \/><\/p>\n<p><img decoding=\"async\" width=\"1400\" height=\"933\" loading=\"lazy\" src=\"https:\/\/www.europesays.com\/fr\/wp-content\/uploads\/2025\/11\/phototrend-test-cadre-aura-aspen_14.jpg\" alt=\"\" class=\"wp-image-255628\"  \/><\/p>\n<p>Comme vu plus haut, le\u00a0<strong>format 4\/3<\/strong>\u00a0s\u2019av\u00e8re id\u00e9al avec les photos prises sur mobile (ou au micro 4\/3 ou moyen format), <strong>affichant l\u2019ensemble de l\u2019image \u00e0 l\u2019\u00e9cran<\/strong>, sans recadrage. Pour les photos en 3:2 un recadrage se fait de mani\u00e8re automatique, et il est possible de le modifier sur l\u2019application.<\/p>\n<p><img decoding=\"async\" width=\"1400\" height=\"933\" loading=\"lazy\" src=\"https:\/\/www.europesays.com\/fr\/wp-content\/uploads\/2025\/11\/phototrend-test-cadre-aura-aspen_15.jpg\" alt=\"\" class=\"wp-image-255626\"  \/><\/p>\n<p>En basculant le cadre de l\u2019orientation verticale au portrait, l\u2019image effectue une <strong>rotation automatique<\/strong>. Ainsi, si vous mettez des photos portrait dans le cadre orient\u00e9 en paysage, l\u00e0 o\u00f9 certains pr\u00e9c\u00e9dents mod\u00e8les cadraient au centre, ou bien cherchaient \u00e0 mettre deux portraits c\u00f4te \u00e0 c\u00f4te, ici le cadre est intelligent, d\u00e9tecte le sujet et op\u00e8re un\u00a0<strong>recadrage automatique<\/strong>\u00a0qui met au centre le sujet principal, pour \u00e9viter les t\u00eates coup\u00e9es.<\/p>\n<p><img decoding=\"async\" width=\"1400\" height=\"933\" loading=\"lazy\" data-id=\"255635\" src=\"https:\/\/www.europesays.com\/fr\/wp-content\/uploads\/2025\/11\/phototrend-test-cadre-aura-aspen_12.jpg\" alt=\"\" class=\"wp-image-255635\"  \/><\/p>\n<p><img decoding=\"async\" width=\"1400\" height=\"933\" loading=\"lazy\" data-id=\"255633\" src=\"https:\/\/www.europesays.com\/fr\/wp-content\/uploads\/2025\/11\/phototrend-test-cadre-aura-aspen_13.jpg\" alt=\"\" class=\"wp-image-255633\"  \/><br \/>\nDeux fa\u00e7ons d\u2019afficher une photo en portrait, recadr\u00e9e ou avec des bandes<\/p>\n<p>Dans l\u2019ensemble, <strong>cela marche tr\u00e8s bien<\/strong>, et on peut corriger au cas par cas depuis l\u2019application mobile, voire d\u2019ajouter des bandes si l\u2019on ne veut pas de recadrage.<\/p>\n<p><img decoding=\"async\" width=\"1400\" height=\"1520\" loading=\"lazy\" src=\"https:\/\/www.europesays.com\/fr\/wp-content\/uploads\/2025\/11\/appli-aura-frames.jpg\" alt=\"\" class=\"wp-image-255648\"  \/><\/p>\n<p>Au final, le cadre <strong>s\u2019int\u00e8gre tr\u00e8s bien au quotidien<\/strong> et offre une sobri\u00e9t\u00e9 visuelle qui fait oublier l\u2019objet, au profil des images.<\/p>\n<p>Stockage dans le cloud, un atout comme une limite<\/p>\n<p>Comme les autres cadres de chez Aura, l\u2019Aspen ne propose\u00a0<strong>ni m\u00e9moire interne<\/strong>,\u00a0<strong>ni port USB\/SD<\/strong>\u00a0: tout passe par l\u2019app, et surtout le\u00a0<strong>cloud Aura<\/strong>.<\/p>\n<p>L\u2019avantage est multiple, comme nous le disions sur nos pr\u00e9c\u00e9dents tests :\u00a0cela permet un\u00a0<strong>stockage illimit\u00e9<\/strong>\u00a0et\u00a0<strong>sans abonnement<\/strong>, mais aussi des contributions facilit\u00e9es des proches, qui ne doivent pas \u201cbrancher\u201d de carte m\u00e9moire pour ajouter des photos au cadre.<\/p>\n<p>Ainsi, hormis l\u2019ajout des photos via l\u2019application, il n\u2019y a rien \u00e0 g\u00e9rer : on envoie, \u00e7a s\u2019affiche.<\/p>\n<p>La\u00a0<strong>contrepartie<\/strong>\u00a0est toujours la m\u00eame :\u00a0<strong>pas d\u2019affichage hors-ligne<\/strong>, une d\u00e9pendance au service cloud d\u2019Aura (et \u00e0 Amazon AWS) et surtout au Wi-Fi du logement.<\/p>\n<p><img decoding=\"async\" width=\"1400\" height=\"933\" loading=\"lazy\" src=\"https:\/\/www.europesays.com\/fr\/wp-content\/uploads\/2025\/11\/phototrend-test-cadre-aura-aspen_6.jpg\" alt=\"\" class=\"wp-image-255621\"  \/><\/p>\n<p>Dans notre usage, cela ne nous a jamais bloqu\u00e9s : <strong>la synchronisation s\u2019est montr\u00e9e rapide et stable<\/strong>, et les personnes invit\u00e9es ont tr\u00e8s vite pris le pli, y compris celles qui pr\u00e9f\u00e9raient l\u2019envoi par e-mail plut\u00f4t que l\u2019app.<\/p>\n<p>Aspen, un cadre photo tr\u00e8s premium<\/p>\n<p>A la fin de ce test, que retenir de ce cadre Aspen de chez Aura Frames ? Au fil des semaines, ce qui s\u00e9duit, c\u2019est <strong>la\u00a0qualit\u00e9 d\u2019image et la simplicit\u00e9<\/strong>.<\/p>\n<p>Chaque personne peut envoyer des photos au cadre, et celles-ci apparaissent tr\u00e8s rapidement. D\u2019ailleurs, si vous disposez d\u00e9j\u00e0 de cadres de chez Aura Frames, vous pouvez <strong>transf\u00e9rer des photos d\u2019un cadre \u00e0 un autre<\/strong>, ou envoyer la m\u00eame photo sur plusieurs cadres simultan\u00e9ment. Ce c\u00f4t\u00e9<strong> \u201cgeek\u201d mobile<\/strong> est tr\u00e8s appr\u00e9ci\u00e9.<\/p>\n<p><img decoding=\"async\" width=\"1400\" height=\"933\" loading=\"lazy\" src=\"https:\/\/www.europesays.com\/fr\/wp-content\/uploads\/2025\/11\/phototrend-test-cadre-aura-aspen_17.jpg\" alt=\"\" class=\"wp-image-255637\"  \/><\/p>\n<p>En termes de qualit\u00e9 d\u2019image, ce mod\u00e8le met tr\u00e8s bien en valeur vos photos. Le\u00a0<strong>capteur de luminosit\u00e9<\/strong>\u00a0joue bien son r\u00f4le, bien qu\u2019on aurait appr\u00e9ci\u00e9 un r\u00e9glage manuel.<\/p>\n<p>Reste le\u00a0<strong>positionnement tarifaire<\/strong>. \u00c0\u00a0<strong>249 \u20ac<\/strong>, l\u2019Aspen offre une mont\u00e9e en gamme par rapport aux pr\u00e9c\u00e9dents mod\u00e8les, qui s\u2019explique par une dalle plus grande et qualitative, de tr\u00e8s bonnes finitions et surtout un \u00e9cosyst\u00e8me int\u00e9gr\u00e9 avec l\u2019application mobile. Il restera cependant toujours la peur de voir ce cadre 100% connect\u00e9 devenir une brique si Aura Frames d\u00e9cide un jour de mettre la cl\u00e9 sous la porte.<\/p>\n<p>En attendant, le cadre Aspen s\u2019impose aujourd\u2019hui comme <strong>l\u2019un des\u00a0cadres photo num\u00e9riques<\/strong>\u00a0<strong>les plus aboutis<\/strong>.<\/p>\n<p>Le cadre Aura Aspen est disponible au tarif de 249 \u20ac \u00e0 la <a href=\"https:\/\/www.awin1.com\/cread.php?awinmid=12665&amp;awinaffid=282185&amp;clickref=&amp;p=https:\/\/www.fnac.com\/Cadre-photo-numerique-Aura-Aspen-12-Ink-Noir-avec-passe-partout-en-papier-mat\/a22023384\/w-4\" target=\"_blank\" rel=\"noopener\">Fnac<\/a> ainsi que sur <a href=\"https:\/\/auraframes.fr\/digital-frames\/color\/aspen-ink-mat\" target=\"_blank\" rel=\"noopener\">la boutique Aura Frames<\/a>.<\/p>\n<p>Test Aura Aspen 12\u2033 : un cadre photo connect\u00e9 qui passe-partout<\/p>\n<p>Fabrication \/ finitions<\/p>\n<p>8.5<\/p>\n<p>Points forts<\/p>\n<p>grand \u00e9cran 11,8 pouces de qualit\u00e9<\/p>\n<p>orientation et recadrage automatique des photos<\/p>\n<p>design premium<\/p>\n<p>stockage gratuit et illimit\u00e9 des photos<\/p>\n<p>application mobile compl\u00e8te et intuitive<\/p>\n<p>possibilit\u00e9 de donner un acc\u00e8s \u00e0 des proches pour l&rsquo;ajout de photos<\/p>\n<p>compatible Live Photos et vid\u00e9os<\/p>\n<p>Points faibles<\/p>\n<p>\u00e9cran non tactile<\/p>\n<p>n\u00e9cessite une connexion Wifi permanente<\/p>\n<p>quid de la dur\u00e9e de vie si Aura arr\u00eate son service<\/p>\n<p>pas d&rsquo;accroche murale<\/p>\n<p>pas de r\u00e9glage de luminosit\u00e9 manuel<\/p>\n","protected":false},"excerpt":{"rendered":"En 2025, les cadres photo num\u00e9riques misent sur l\u2019\u00e9l\u00e9gance, la simplicit\u00e9 et une qualit\u00e9 d\u2019affichage sup\u00e9rieure \u2014 bien&hellip;\n","protected":false},"author":2,"featured_media":562918,"comment_status":"","ping_status":"","sticky":false,"template":"","format":"standard","meta":{"footnotes":""},"categories":[1358],"tags":[67900,1348,1384,1385,67901,67902,67903,4397,1386,58,59,11615,1011,27,374],"class_list":{"0":"post-562917","1":"post","2":"type-post","3":"status-publish","4":"format-standard","5":"has-post-thumbnail","7":"category-arts-et-design","8":"tag-accessoire-photo","9":"tag-arts","10":"tag-arts-and-design","11":"tag-arts-et-design","12":"tag-aura-aspen","13":"tag-aura-frames","14":"tag-cadre-photo-numerique","15":"tag-decoration","16":"tag-design","17":"tag-divertissement","18":"tag-entertainment","19":"tag-featured","20":"tag-fr","21":"tag-france","22":"tag-test"},"share_on_mastodon":{"url":"https:\/\/pubeurope.com\/@fr\/115623339092919165","error":""},"_links":{"self":[{"href":"https:\/\/www.europesays.com\/fr\/wp-json\/wp\/v2\/posts\/562917","targetHints":{"allow":["GET"]}}],"collection":[{"href":"https:\/\/www.europesays.com\/fr\/wp-json\/wp\/v2\/posts"}],"about":[{"href":"https:\/\/www.europesays.com\/fr\/wp-json\/wp\/v2\/types\/post"}],"author":[{"embeddable":true,"href":"https:\/\/www.europesays.com\/fr\/wp-json\/wp\/v2\/users\/2"}],"replies":[{"embeddable":true,"href":"https:\/\/www.europesays.com\/fr\/wp-json\/wp\/v2\/comments?post=562917"}],"version-history":[{"count":0,"href":"https:\/\/www.europesays.com\/fr\/wp-json\/wp\/v2\/posts\/562917\/revisions"}],"wp:featuredmedia":[{"embeddable":true,"href":"https:\/\/www.europesays.com\/fr\/wp-json\/wp\/v2\/media\/562918"}],"wp:attachment":[{"href":"https:\/\/www.europesays.com\/fr\/wp-json\/wp\/v2\/media?parent=562917"}],"wp:term":[{"taxonomy":"category","embeddable":true,"href":"https:\/\/www.europesays.com\/fr\/wp-json\/wp\/v2\/categories?post=562917"},{"taxonomy":"post_tag","embeddable":true,"href":"https:\/\/www.europesays.com\/fr\/wp-json\/wp\/v2\/tags?post=562917"}],"curies":[{"name":"wp","href":"https:\/\/api.w.org\/{rel}","templated":true}]}}