{"id":562920,"date":"2025-11-27T19:36:22","date_gmt":"2025-11-27T19:36:22","guid":{"rendered":"https:\/\/www.europesays.com\/fr\/562920\/"},"modified":"2025-11-27T19:36:22","modified_gmt":"2025-11-27T19:36:22","slug":"bigflo-ouvre-une-boutique-en-plein-centre-ville-de-toulouse-voici-le-concept","status":"publish","type":"post","link":"https:\/\/www.europesays.com\/fr\/562920\/","title":{"rendered":"Bigflo ouvre une boutique en plein centre-ville de Toulouse : voici le concept"},"content":{"rendered":"<p>                    Par<br \/>\n        <strong><br \/>\n            <a href=\"https:\/\/actu.fr\/auteur\/gabriel-kenedi\" title=\"Consulter tous les articles de Gabriel Kenedi\" target=\"_blank\" rel=\"noopener\">Gabriel Kenedi<\/a><br \/>\n                    <\/strong><\/p>\n<p>        Publi\u00e9 le<\/p>\n<p>            27 nov. 2025 \u00e0 16h18        <\/p>\n<p>Une corde de plus \u00e0 son arc. Le rappeur <strong>Bigflo<\/strong> va ouvrir tr\u00e8s prochainement une boutique <a href=\"https:\/\/actu.fr\/tag\/bigflo-et-oli\" target=\"_blank\" rel=\"noopener\">en plein centre-ville de <strong>Toulouse<\/strong><\/a> ! Et pas n\u2019importe quelle boutique : un <strong>\u00ab\u00a0Takara Shop\u00a0\u00bb<\/strong>, qui sera en grande partie d\u00e9di\u00e9 \u00e0 l\u2019une des grandes passions de Florian Ordonez : l\u2019univers Pok\u00e9mon.\u00a0<\/p>\n<p>Une boutique situ\u00e9e rue de Metz, \u00e0 Toulouse<\/p>\n<p class=\" wall-content\">La boutique de Bigflo, qui sera situ\u00e9e au <strong>16, rue de Metz<\/strong>, fera partie int\u00e9grante d\u2019un magasin de mangas. Et l\u2019ouverture est imminente ! Elle est pr\u00e9vue pour le<strong> vendredi 5 d\u00e9cembre 2025<\/strong>.<\/p>\n<p class=\" wall-content\">\u00ab\u00a0C\u2019est la boutique<strong> Cross Over<\/strong>, une magnifique boutique de mangas, qui m\u2019accueille. On partage le lieu ensemble. Ils avaient un shop pas loin de Visionnaire, o\u00f9 j\u2019allais souvent. Ils m\u2019ont dit qu\u2019ils d\u00e9m\u00e9nageaient et m\u2019ont propos\u00e9 d\u2019ouvrir ma boutique chez eux. \u00c7a s\u2019est fait assez naturellement !\u00a0\u00bb, explique <strong>Bigflo<\/strong> \u00e0 Actu Toulouse.\u00a0<\/p>\n<p>Bigflo inspir\u00e9 par\u2026 le DJ Steve Aoki !<\/p>\n<p class=\" wall-content\">L\u2019id\u00e9e lui trottait dans la t\u00eate depuis mal de temps. \u00ab\u00a0Le grand DJ <strong>Steve Aoki<\/strong> a pendant un temps ouvert sa boutique Pok\u00e9mon \u00e0 Los Angeles. J\u2019y \u00e9tais all\u00e9 et \u00e7a m\u2019avait \u00e9merveill\u00e9 qu\u2019un artiste ait <strong>sa propre boutique de cartes<\/strong>. Et dans un coin de ma t\u00eate, je me suis toujours dit que je le copierai un jour ! C\u2019est \u00e0 partir de l\u00e0 que la graine s\u2019est implant\u00e9e dans mon cerveau\u00a0\u00bb, assure-t-il.\u00a0<\/p>\n<p>Des cartes Pokemon en pagaille \u00ab\u00a0pour tous les budgets\u00a0\u00bb<\/p>\n<p class=\" wall-content\">Alors, que trouvera-t-on dans ce magasin ? Bigflo nous en dit davantage !<\/p>\n<p>Vid\u00e9os : en ce moment sur Actu<\/p>\n<p class=\" wall-content\">\u00ab\u00a0C\u2019est une petite boutique sp\u00e9cialis\u00e9e dans l\u2019univers Pok\u00e9mon. Il va y avoir <strong>des centaines de cartes \u00e0 d\u00e9couvrir<\/strong> ! Je vais mettre en vente des cartes de ma propre collection personnelle et il y en \u00e0 d\u2019autres que je vais exposer, en mode mus\u00e9e, qui ne seront pas \u00e0 vendre. Mais ce n\u2019est <strong>pas du tout un truc \u00e9litiste<\/strong> ! Il y aura de tout et pour tous les budgets : \u00e7a va de la carte \u00e0 2 euros \u00e0 celle qui co\u00fbte plusieurs milliers d\u2019euros. Et si vous voulez passer regarder les cartes collector sans rien acheter, c\u2019est possible aussi !\u00a0\u00bb, assure le rappeur, qui est devenu <strong>\u00ab\u00a0fan\u00a0\u00bb<\/strong> de Pok\u00e9mon lorsqu\u2019il \u00e9tait enfant.\u00a0<\/p>\n<blockquote class=\"ac-article-quote wall-content\">\n<p>\u00ab\u00a0Les fans de nos morceaux savent d\u00e9j\u00e0 depuis longtemps que je suis fan de Pokemon. J&rsquo;ai un collier avec Magicarpe dessus, j&rsquo;ai un Magicarpe tatou\u00e9 sur moi. C&rsquo;est donc un truc qui fait partie de ma vie. C&rsquo;est un petit kiff que je me fais, un petit r\u00eave pour moi. C&rsquo;est une qu\u00eate secondaire que je fais par plaisir ! Je suis super fier d&rsquo;ouvrir cette boutique \u00e0 Toulouse\u00a0\u00bb.\u00a0<\/p>\n<p>    <strong>Bigflo <\/strong>\n            <\/p><\/blockquote>\n<p>Votre r\u00e9gion, votre actu !<\/p>\n<p>Recevez chaque jour les infos qui comptent pour vous.<\/p>\n<p>\t<a href=\"https:\/\/actu.fr\/newsletter\" class=\"ac-btn ac-btn--corner ac-btn--medium ac-btn--blue800\" target=\"_blank\" rel=\"noopener\">S&rsquo;incrire<\/a><br \/>\nDes cartes\u2026 mais pas seulement !\u00a0<\/p>\n<p class=\" wall-content\">\u00ab\u00a0Je suis <strong>un gros collectionneur<\/strong> depuis 10 ans. Quand j\u2019\u00e9tais petit, j\u2019\u00e9tais d\u00e9j\u00e0 un tr\u00e8s gros fan\u2026 Et je me suis remis \u00e0 en collectionner un peu avant que \u00e7a redevienne \u00e0 la mode.\u00a0 J\u2019ai m\u00eame <strong>des cartes qui sont au coffre \u00e0 la banque<\/strong> !\u00a0\u00bb, confie encore l\u2019artiste toulousain.\u00a0<\/p>\n<p class=\" wall-content\">Au-del\u00e0 des cartes Pok\u00e9mon, on trouvera un peu de tout au<strong> Takara Shop<\/strong> de Bigflo. \u00ab\u00a0Takara, \u00e7a veut dire tr\u00e9sor en japonais, encha\u00eene Bigflo. J\u2019ai eu envie de montrer<strong> tous mes petits tr\u00e9sors<\/strong> \u00e0 moi issus de ma collection perso. Il y aura aussi des peluches, des figurines\u2026 tout ce qui tourne autour de l\u2019univers Pok\u00e9mon, mais aussi des beaux livres sur le Japon. \u00c7a va \u00eatre tr\u00e8s visuel !\u00a0\u00bb.\u00a0<\/p>\n<p class=\" wall-content\"><a href=\"https:\/\/www.instagram.com\/takara_shop_toulouse\/embed\" title=\"Ouvrir le lien sur Instagram\" target=\"_blank\" rel=\"noopener\">Visualiser le contenu sur Instagram<\/a><\/p>\n<p>\u00ab\u00a0Une boutique qui va \u00e9voluer avec le temps\u00a0\u00bb<\/p>\n<p class=\" wall-content\">Et Bigflo \u2013 qui glisse au passage que son projet de bar fantasy d\u00e9di\u00e9 \u00e0 l\u2019univers Harry Potter (<a href=\"https:\/\/actu.fr\/occitanie\/toulouse_31555\/toulouse-bigflo-va-ouvrir-un-bar-au-centre-ville-pas-loin-de-la-garonne-voici-le-projet_57739324.html\" target=\"_blank\" rel=\"noopener\">dont on vous avait parl\u00e9 il y a deux ans et demi<\/a>) n\u2019est plus du tout d\u2019actualit\u00e9 \u2013 ajoute encore :<\/p>\n<p class=\" wall-content\">\u00ab\u00a0Je ne me cantonne <strong>pas uniquement \u00e0 Pok\u00e9mon<\/strong>, \u00e7a va \u00e9voluer avec le temps, cette boutique. Il y aura \u00e0 l\u2019avenir des journ\u00e9es de pr\u00e9vues pour revendre ses cartes Pok\u00e9mon, par exemple.\u00a0 Et \u00e7a va me permettre aussi d\u2019accueillir tous mes potes qui sont plus de l\u2019univers YouTube ou jeux-vid\u00e9o, pour des<strong> s\u00e9ances de d\u00e9dicaces<\/strong> ou autres. C\u2019est donc un lieu qui sera assez compl\u00e9mentaire de notre boutique Visionnaire\u00a0\u00bb.\u00a0<\/p>\n<p>Le \u00ab\u00a0big-up\u00a0\u00bb de Bigflo aux autres boutiques de Toulouse\u00a0<\/p>\n<p class=\" wall-content\">Au passage, Bigflo veut aussi adresser<strong> \u00ab\u00a0un big-up\u00a0\u00bb<\/strong> aux autres boutiques Pok\u00e9mon qui ont pignon sur rue \u00e0 Toulouse.\u00a0<\/p>\n<p class=\" wall-content\">\u00ab\u00a0Ma boutique sera plus pour le grand public, mais on a de belles boutiques Pok\u00e9mon \u00e0 Toulouse, notamment <strong>Fantasy Sphere<\/strong> et <strong>Relic<\/strong>. Je veux d\u2019ailleurs leur passer un big up ! Ce sont des boutiques tr\u00e8s sp\u00e9cialis\u00e9es pour les connaisseurs, qui organisent des tournois de jeux et tout, donc si vous \u00eates un grand fan de Pok\u00e9mon, n\u2019h\u00e9sitez pas \u00e0 y aller\u00a0\u00bb.\u00a0<\/p>\n<p>Un projet de plus \u00e0 Toulouse\u00a0<\/p>\n<p class=\" wall-content\">En ouvrant cette nouvelle boutique, Bigflo et Oli confirment une fois de plus leur<strong> fort attachement<\/strong> \u00e0 leur ville de toujours, o\u00f9 ils mettent un point d\u2019honneur \u00e0 d\u00e9marrer tous leurs projets. C\u2019est \u00e0 Toulouse qu\u2019ils ont ouvert leur propre boutique \u2013 <strong>Visionnaire<\/strong> \u2013 il y a quelques ann\u00e9es, qui est devenue depuis quelques mois un lieu culturel \u00e0 part enti\u00e8re.<\/p>\n<p class=\" wall-content\">C\u2019est aussi \u00e0 Toulouse qu\u2019ils ont lanc\u00e9 le<strong> Rose Festival<\/strong>, qui est d\u00e9sormais l\u2019un des plus gros festivals de l\u2019Hexagone, et qu\u2019ils ont lanc\u00e9 <strong>Mat\u00e9cito<\/strong>, leur propre boutique. Et c\u2019est encore \u00e0 Toulouse qu\u2019<strong>Oli<\/strong> a lanc\u00e9 son expo, <strong>\u00ab\u00a0Le Mus\u00e9e Imaginaire\u00a0\u00bb<\/strong>, qui a connu un succ\u00e8s fou au premier semestre 2025, au mus\u00e9e des Abattoirs. Depuis peu, les deux frangins sont \u00e9galement devenus actionnaires du <strong>Toulouse Basketball Club<\/strong>, aux c\u00f4t\u00e9s de L\u00e9on Marchand et d\u2019Antoine Dupont.\u00a0<\/p>\n<p class=\" wall-content\">Et 2026 s\u2019annonce une ann\u00e9e particuli\u00e8rement charg\u00e9e pour <strong>Bigflo et Oli<\/strong>, qui pr\u00e9parent leur grand retour avec la sortie d\u2019un nouvel album et d\u2019une nouvelle tourn\u00e9e.\u00a0<\/p>\n<p>Le <a href=\"https:\/\/www.instagram.com\/takara_shop_toulouse\/\" target=\"_blank\" rel=\"noopener\">Takara Shop<\/a> de Bigflo.<br \/>\n16 rue de Metz, 31 000 Toulouse\u00a0<br \/>\nOuverture le 5 d\u00e9cembre 2025.<\/p>\n<p class=\" wall-content\">Personnalisez votre actualit\u00e9 en ajoutant vos villes et m\u00e9dias en favori avec <a href=\"https:\/\/moncompte.actu.fr\" title=\"D\u00e9couvez Mon Actu\" rel=\"nofollow noopener\" data-trk=\"{&quot;cta&quot;:{&quot;action&quot;:&quot;https:\\\/\\\/moncompte.actu.fr&quot;,&quot;category&quot;:&quot;mon compte&quot;,&quot;from&quot;:&quot;article footer&quot;,&quot;name&quot;:&quot;Mon actu&quot;,&quot;type&quot;:&quot;cta&quot;}}\" target=\"_blank\">Mon Actu<\/a>.<\/p>\n<p>                    <script async src=\"\/\/www.instagram.com\/embed.js\"><\/script><\/p>\n","protected":false},"excerpt":{"rendered":"Par Gabriel Kenedi Publi\u00e9 le 27 nov. 2025 \u00e0 16h18 Une corde de plus \u00e0 son arc. Le&hellip;\n","protected":false},"author":2,"featured_media":562921,"comment_status":"","ping_status":"","sticky":false,"template":"","format":"standard","meta":{"footnotes":""},"categories":[1355],"tags":[7642,58,59,1011,27,1652,1361,873,2849,1341],"class_list":{"0":"post-562920","1":"post","2":"type-post","3":"status-publish","4":"format-standard","5":"has-post-thumbnail","7":"category-musique","8":"tag-bigflo-et-oli","9":"tag-divertissement","10":"tag-entertainment","11":"tag-fr","12":"tag-france","13":"tag-loisirs-culture","14":"tag-music","15":"tag-musique","16":"tag-nouveaux-commerces-a-toulouse","17":"tag-sortir-a-toulouse"},"share_on_mastodon":{"url":"https:\/\/pubeurope.com\/@fr\/115623348524360868","error":""},"_links":{"self":[{"href":"https:\/\/www.europesays.com\/fr\/wp-json\/wp\/v2\/posts\/562920","targetHints":{"allow":["GET"]}}],"collection":[{"href":"https:\/\/www.europesays.com\/fr\/wp-json\/wp\/v2\/posts"}],"about":[{"href":"https:\/\/www.europesays.com\/fr\/wp-json\/wp\/v2\/types\/post"}],"author":[{"embeddable":true,"href":"https:\/\/www.europesays.com\/fr\/wp-json\/wp\/v2\/users\/2"}],"replies":[{"embeddable":true,"href":"https:\/\/www.europesays.com\/fr\/wp-json\/wp\/v2\/comments?post=562920"}],"version-history":[{"count":0,"href":"https:\/\/www.europesays.com\/fr\/wp-json\/wp\/v2\/posts\/562920\/revisions"}],"wp:featuredmedia":[{"embeddable":true,"href":"https:\/\/www.europesays.com\/fr\/wp-json\/wp\/v2\/media\/562921"}],"wp:attachment":[{"href":"https:\/\/www.europesays.com\/fr\/wp-json\/wp\/v2\/media?parent=562920"}],"wp:term":[{"taxonomy":"category","embeddable":true,"href":"https:\/\/www.europesays.com\/fr\/wp-json\/wp\/v2\/categories?post=562920"},{"taxonomy":"post_tag","embeddable":true,"href":"https:\/\/www.europesays.com\/fr\/wp-json\/wp\/v2\/tags?post=562920"}],"curies":[{"name":"wp","href":"https:\/\/api.w.org\/{rel}","templated":true}]}}