{"id":562922,"date":"2025-11-27T19:37:31","date_gmt":"2025-11-27T19:37:31","guid":{"rendered":"https:\/\/www.europesays.com\/fr\/562922\/"},"modified":"2025-11-27T19:37:31","modified_gmt":"2025-11-27T19:37:31","slug":"monistrol-sur-loire-deux-films-documentaires-sur-lagriculture-programmes-pour-le-telethon","status":"publish","type":"post","link":"https:\/\/www.europesays.com\/fr\/562922\/","title":{"rendered":"Monistrol-sur-Loire : deux films documentaires sur l&rsquo;agriculture programm\u00e9s pour le T\u00e9l\u00e9thon"},"content":{"rendered":"<p>\t\t\t\t\t\t\t\t\t\t\t\t\t\t\t\t\t\t\t\t\t\t\t\t\t\t\t\t\t\t\t\t\t\t\t\t\t\t\t\t\t\t\t\t\t\t\t\t\t\t\t\t\t\t\t\t\t\t\t\t\t\t\t<a href=\"https:\/\/www.lacommere43.fr\/component\/banners\/click\/1857.html\" target=\"_blank\" title=\"Grazac Entre terres novembre 2025\" rel=\"noopener\"><br \/>\n\t\t\t\t\t\t\t<img decoding=\"async\" loading=\"lazy\" src=\"https:\/\/www.europesays.com\/fr\/wp-content\/uploads\/2025\/11\/IMG_20251105_113838_624.jpg\" alt=\"Grazac Entre terres novembre 2025\"\/><br \/>\n\t\t\t\t\t\t<\/a><\/p>\n<p>\t\t\t\t\t\t\t\t\t\t\t\t\t\t\t\t\t\t\t\t\t\t\t\t\t\t\t\t\t\t\t\t\t\t\t\t\t\t\t\t\t\t\t\t\t\t<img decoding=\"async\" loading=\"lazy\" src=\"https:\/\/www.europesays.com\/fr\/wp-content\/uploads\/2025\/11\/Avis_Obsques_La_Commre_43.jpg\" alt=\"Avis obs\u00e8ques Comm\u00e8re\"\/><\/p>\n<p><strong>Jeudi 4\u00a0d\u00e9cembre\u00a0\u00e0 20 heures au cin\u00e9ma la Capitelle \u00e0 Monistrol-sur-Loire, le film documentaire \u00ab\u00a0Les Immortelles\u00a0\u00bb sera projet\u00e9 dans le cadre du T\u00e9l\u00e9thon.<\/strong><\/p>\n<p>Ce film est le r\u00e9cit de trois g\u00e9n\u00e9rations de paysannes altilig\u00e9riennes\u00a0sur la commune de Saugues.<strong> <\/strong>Une immersion autant prenante que frappante dans le monde paysan d&rsquo;hier et d&rsquo;aujourd&rsquo;hui. Une magnifique r\u00e9alisation qui donne \u00e0 voir autrement le monde paysan et d\u00e9couvrir son potentiel.<\/p>\n<p>Elles relatent, sur 3 g\u00e9n\u00e9rations et 50 ans d&rsquo;\u00e9volution, leur histoire et leur vision de l&rsquo;\u00e2me paysanne. Dur\u00e9e : 50 minutes<\/p>\n<p>En deuxi\u00e8me partie\u00a0: projection du film r\u00e9alis\u00e9 par Carine Loubeau sur la f\u00eate du foin des Jeunes Agriculteurs \u00e0 Chazelles. Dur\u00e9e : 30 minutes.<\/p>\n<p>Tarif : 7.30 \u20ac &#8211;<\/p>\n","protected":false},"excerpt":{"rendered":"Jeudi 4\u00a0d\u00e9cembre\u00a0\u00e0 20 heures au cin\u00e9ma la Capitelle \u00e0 Monistrol-sur-Loire, le film documentaire \u00ab\u00a0Les Immortelles\u00a0\u00bb sera projet\u00e9 dans&hellip;\n","protected":false},"author":2,"featured_media":562923,"comment_status":"","ping_status":"","sticky":false,"template":"","format":"standard","meta":{"footnotes":""},"categories":[1354],"tags":[2281,58,59,2282,1346,1011,27,2280,2284,2285,2283,1360],"class_list":{"0":"post-562922","1":"post","2":"type-post","3":"status-publish","4":"format-standard","5":"has-post-thumbnail","7":"category-films","8":"tag-actualite-43","9":"tag-divertissement","10":"tag-entertainment","11":"tag-faits-divers-auvergne","12":"tag-films","13":"tag-fr","14":"tag-france","15":"tag-information-haute-loire","16":"tag-infos-43","17":"tag-journal-haute-loire","18":"tag-la-commere-43","19":"tag-movies"},"share_on_mastodon":{"url":"https:\/\/pubeurope.com\/@fr\/115623353310937036","error":""},"_links":{"self":[{"href":"https:\/\/www.europesays.com\/fr\/wp-json\/wp\/v2\/posts\/562922","targetHints":{"allow":["GET"]}}],"collection":[{"href":"https:\/\/www.europesays.com\/fr\/wp-json\/wp\/v2\/posts"}],"about":[{"href":"https:\/\/www.europesays.com\/fr\/wp-json\/wp\/v2\/types\/post"}],"author":[{"embeddable":true,"href":"https:\/\/www.europesays.com\/fr\/wp-json\/wp\/v2\/users\/2"}],"replies":[{"embeddable":true,"href":"https:\/\/www.europesays.com\/fr\/wp-json\/wp\/v2\/comments?post=562922"}],"version-history":[{"count":0,"href":"https:\/\/www.europesays.com\/fr\/wp-json\/wp\/v2\/posts\/562922\/revisions"}],"wp:featuredmedia":[{"embeddable":true,"href":"https:\/\/www.europesays.com\/fr\/wp-json\/wp\/v2\/media\/562923"}],"wp:attachment":[{"href":"https:\/\/www.europesays.com\/fr\/wp-json\/wp\/v2\/media?parent=562922"}],"wp:term":[{"taxonomy":"category","embeddable":true,"href":"https:\/\/www.europesays.com\/fr\/wp-json\/wp\/v2\/categories?post=562922"},{"taxonomy":"post_tag","embeddable":true,"href":"https:\/\/www.europesays.com\/fr\/wp-json\/wp\/v2\/tags?post=562922"}],"curies":[{"name":"wp","href":"https:\/\/api.w.org\/{rel}","templated":true}]}}