{"id":562928,"date":"2025-11-27T19:40:15","date_gmt":"2025-11-27T19:40:15","guid":{"rendered":"https:\/\/www.europesays.com\/fr\/562928\/"},"modified":"2025-11-27T19:40:15","modified_gmt":"2025-11-27T19:40:15","slug":"le-musee-du-louvre-annonce-une-grosse-hausse-de-tarif-pour-les-visiteurs-non-europeens","status":"publish","type":"post","link":"https:\/\/www.europesays.com\/fr\/562928\/","title":{"rendered":"Le mus\u00e9e du Louvre annonce une grosse hausse de tarif pour les visiteurs non-Europ\u00e9ens"},"content":{"rendered":"<p>Les Britanniques qui esp\u00e9raient admirer la Joconde \u00e0 moindre co\u00fbt risque de regretter le <a href=\"https:\/\/www.20minutes.fr\/monde\/brexit\/\" class=\"c-link c-link--is-underlined\" target=\"_blank\" rel=\"noopener\">Brexit<\/a>\u2026 Le <a href=\"https:\/\/www.20minutes.fr\/dossier\/louvre\" class=\"c-link c-link--is-underlined\" target=\"_blank\" rel=\"noopener\">Louvre <\/a>a d\u00e9cid\u00e9 ce jeudi d\u2019augmenter de <a href=\"https:\/\/www.20minutes.fr\/arts-stars\/culture\/4188344-20251127-musee-louvre-eventuelle-hausse-tarifs-visiteurs-hors-ue-discussion\" class=\"c-link c-link--is-underlined\" target=\"_blank\" rel=\"noopener\">45\u00a0% le prix du billet d\u2019entr\u00e9e pour ses visiteurs extra-europ\u00e9ens<\/a> \u00e0 compter de\u00a02026. Cette mesure, promue par le gouvernement, a \u00e9t\u00e9 en revanche d\u00e9nonc\u00e9e par les syndicats.<\/p>\n<\/p>\n<p>A partir du 14\u00a0janvier, les ressortissants hors Espace \u00e9conomique europ\u00e9en (EEE qui comprend Union europ\u00e9enne, Islande, Liechtenstein, Norv\u00e8ge) devront s\u2019acquitter de 32 euros pour d\u00e9ambuler dans le <a href=\"https:\/\/www.20minutes.fr\/dossier\/musee\" class=\"c-link c-link--is-underlined\" target=\"_blank\" rel=\"noopener\">mus\u00e9e <\/a>le plus visit\u00e9 du monde, soit 10 euros de plus que le prix d\u2019entr\u00e9e actuel.<\/p>\n<p>Pr\u00e8s de 70\u00a0% d\u2019\u00e9trangers visiteurs<\/p>\n<p>Approuv\u00e9e jeudi par le conseil d\u2019administration du Louvre, cette hausse s\u2019appliquera notamment aux Am\u00e9ricains, qui forment le premier contingent de visiteurs \u00e9trangers, mais aussi aux Chinois qui se classent troisi\u00e8me, selon le bilan d\u2019activit\u00e9 2024 du mus\u00e9e. D\u2019apr\u00e8s ce document, le Louvre a accueilli 8,7\u00a0millions de personnes l\u2019an dernier, dont 69\u00a0% d\u2019\u00e9trangers.<\/p>\n<p>Dans la tourmente depuis le spectaculaire cambriolage du 19\u00a0octobre, le Louvre esp\u00e8re tirer de cette hausse \u00ab\u00a015 \u00e0 20\u00a0millions d\u2019euros\u00a0\u00bb par an de recettes suppl\u00e9mentaires, qui seront allou\u00e9es<a href=\"https:\/\/www.20minutes.fr\/societe\/4186161-20251117-louvre-ferme-galerie-public-raison-fragilite-edifice\" class=\"c-link c-link--is-underlined\" target=\"_blank\" rel=\"noopener\"> aux \u00ab\u00a0probl\u00e8mes structurels\u00a0\u00bb du mus\u00e9e<\/a>, a pr\u00e9cis\u00e9 l\u2019\u00e9tablissement. Selon un r\u00e9cent rapport de la Cour des comptes, le Louvre fait face \u00ab\u00a0\u00e0 un mur d\u2019investissements qu\u2019il n\u2019est pas en mesure de financer\u00a0\u00bb, faute notamment \u00ab\u00a0de hi\u00e9rarchisation de ses nombreux projets\u00a0\u00bb.<\/p>\n<p>Le cambriolage du 19\u00a0octobre a <a href=\"https:\/\/www.20minutes.fr\/justice\/4188033-20251126-cambriolage-louvre-balcon-monte-charge-audit-securite-prevu-scenario-casse\" class=\"c-link c-link--is-underlined\" target=\"_blank\" rel=\"noopener\">par ailleurs mis en \u00e9vidence \u00ab\u00a0un sous-\u00e9quipement des dispositifs de s\u00e9curit\u00e9\u00a0\u00bb<\/a>, selon l\u2019enqu\u00eate administrative lanc\u00e9e apr\u00e8s ce vol de joyaux de la Couronne. Le prix du billet d\u2019entr\u00e9e du Louvre \u00e9tait d\u00e9j\u00e0 pass\u00e9 de 17 \u00e0 22 euros en janvier\u00a02024 pour l\u2019ensemble des visiteurs.<\/p>\n","protected":false},"excerpt":{"rendered":"Les Britanniques qui esp\u00e9raient admirer la Joconde \u00e0 moindre co\u00fbt risque de regretter le Brexit\u2026 Le Louvre a&hellip;\n","protected":false},"author":2,"featured_media":562929,"comment_status":"","ping_status":"","sticky":false,"template":"","format":"standard","meta":{"footnotes":""},"categories":[8],"tags":[47,251,58,59,1011,27,1393,11274,3048,104],"class_list":{"0":"post-562928","1":"post","2":"type-post","3":"status-publish","4":"format-standard","5":"has-post-thumbnail","7":"category-divertissement","8":"tag-actualite","9":"tag-culture","10":"tag-divertissement","11":"tag-entertainment","12":"tag-fr","13":"tag-france","14":"tag-loisirs","15":"tag-louvre","16":"tag-musee","17":"tag-societe"},"share_on_mastodon":{"url":"https:\/\/pubeurope.com\/@fr\/115623364238621054","error":""},"_links":{"self":[{"href":"https:\/\/www.europesays.com\/fr\/wp-json\/wp\/v2\/posts\/562928","targetHints":{"allow":["GET"]}}],"collection":[{"href":"https:\/\/www.europesays.com\/fr\/wp-json\/wp\/v2\/posts"}],"about":[{"href":"https:\/\/www.europesays.com\/fr\/wp-json\/wp\/v2\/types\/post"}],"author":[{"embeddable":true,"href":"https:\/\/www.europesays.com\/fr\/wp-json\/wp\/v2\/users\/2"}],"replies":[{"embeddable":true,"href":"https:\/\/www.europesays.com\/fr\/wp-json\/wp\/v2\/comments?post=562928"}],"version-history":[{"count":0,"href":"https:\/\/www.europesays.com\/fr\/wp-json\/wp\/v2\/posts\/562928\/revisions"}],"wp:featuredmedia":[{"embeddable":true,"href":"https:\/\/www.europesays.com\/fr\/wp-json\/wp\/v2\/media\/562929"}],"wp:attachment":[{"href":"https:\/\/www.europesays.com\/fr\/wp-json\/wp\/v2\/media?parent=562928"}],"wp:term":[{"taxonomy":"category","embeddable":true,"href":"https:\/\/www.europesays.com\/fr\/wp-json\/wp\/v2\/categories?post=562928"},{"taxonomy":"post_tag","embeddable":true,"href":"https:\/\/www.europesays.com\/fr\/wp-json\/wp\/v2\/tags?post=562928"}],"curies":[{"name":"wp","href":"https:\/\/api.w.org\/{rel}","templated":true}]}}