{"id":562934,"date":"2025-11-27T19:43:13","date_gmt":"2025-11-27T19:43:13","guid":{"rendered":"https:\/\/www.europesays.com\/fr\/562934\/"},"modified":"2025-11-27T19:43:13","modified_gmt":"2025-11-27T19:43:13","slug":"le-chef-du-fbi-mene-une-enquete-pour-terrorisme","status":"publish","type":"post","link":"https:\/\/www.europesays.com\/fr\/562934\/","title":{"rendered":"le chef du FBI m\u00e8ne une enqu\u00eate pour terrorisme"},"content":{"rendered":"<p>                      <img loading=\"lazy\" decoding=\"async\" src=\"https:\/\/www.europesays.com\/fr\/wp-content\/uploads\/2025\/11\/2c24e13_ftp-import-images-1-eogucdfdr6yc-2025-11-27t144115z-1878126369-rc225iao4q59-rtrmadp-3-usa-sh.jpeg\" alt=\"Le directeur du FBI, Kash Patel, s\u2019exprime lors d\u2019une conf\u00e9rence de presse au sujet de la fusillade dans laquelle deux membres de la garde nationale ont \u00e9t\u00e9 gri\u00e8vement bless\u00e9s, \u00e0 Washington, le 27\u00a0novembre\u00a02025.\"   width=\"664\" height=\"443\"\/>    Le directeur du FBI, Kash Patel, s\u2019exprime lors d\u2019une conf\u00e9rence de presse au sujet de la fusillade dans laquelle deux membres de la garde nationale ont \u00e9t\u00e9 gri\u00e8vement bless\u00e9s, \u00e0 Washington, le 27\u00a0novembre\u00a02025.  NATHAN HOWARD \/ REUTERS                          <\/p>\n<p class=\"article__paragraph  \">Le directeur du FBI, Kash Patel, a annonc\u00e9, jeudi 27\u00a0novembre, que la police f\u00e9d\u00e9rale am\u00e9ricaine menait une enqu\u00eate pour terrorisme apr\u00e8s que <a href=\"https:\/\/www.lemonde.fr\/international\/article\/2025\/11\/26\/contrairement-a-ce-qu-avait-annonce-le-gouverneur-de-virginie-occidentale-les-militaires-touches-par-des-tirs-a-washington-ne-sont-pas-morts_6654988_3211.html\" target=\"_blank\" rel=\"noopener\">deux militaires de la garde nationale ont \u00e9t\u00e9 gri\u00e8vement bless\u00e9s par des tirs<\/a>, la veille, \u00e0 Washington, dans une attaque qualifi\u00e9e d\u2019\u00ab\u00a0embuscade\u00a0\u00bb par les autorit\u00e9s. \u00ab\u00a0Il s\u2019agit d\u2019une enqu\u00eate en cours pour acte de terrorisme\u00a0\u00bb, a d\u00e9clar\u00e9 Kash Patel lors d\u2019une conf\u00e9rence de presse.<\/p>\n<p class=\"article__paragraph  \">Deux militaires de la garde nationale ont \u00e9t\u00e9 bless\u00e9s par balles, mercredi, dans la capitale am\u00e9ricaine, \u00e0 deux pas de la Maison Blanche, par un ressortissant afghan, arriv\u00e9 sur le sol am\u00e9ricain en\u00a02021 \u2013 soit moins d\u2019un mois apr\u00e8s le retrait am\u00e9ricain d\u2019Afghanistan et la prise de pouvoir des talibans \u2013 dans le cadre d\u2019un programme d\u2019accueil des Afghans ayant collabor\u00e9 avec les forces am\u00e9ricaines, a expliqu\u00e9 la procureure f\u00e9d\u00e9rale pour la ville de Washington, Jeanine Pirro.<\/p>\n<p class=\"article__paragraph  \">Ag\u00e9s de 20 et 24\u00a0ans, ils se trouvent toujours jeudi dans un \u00e9tat critique, a pr\u00e9cis\u00e9 la procureure de Washington pendant la conf\u00e9rence de presse. Lors de cette attaque \u00ab\u00a0cibl\u00e9e\u00a0\u00bb, \u00ab\u00a0un tireur isol\u00e9 a ouvert le feu sans provocation, comme dans une embuscade\u00a0\u00bb, a-t-elle d\u00e9taill\u00e9, pr\u00e9cisant que l\u2019assaillant \u00e9tait arm\u00e9 d\u2019un revolver Smith &amp;\u00a0Wesson.<\/p>\n<p>                    Membre d\u2019une unit\u00e9 d\u2019\u00e9lite contre le terrorisme                    <\/p>\n<p class=\"article__paragraph  \">Il a tir\u00e9 sur les deux militaires avant d\u2019\u00eatre \u00ab\u00a0ma\u00eetris\u00e9\u00a0\u00bb et \u00ab\u00a0neutralis\u00e9\u00a0\u00bb par d\u2019autres gardes nationaux. Identifi\u00e9 comme Rahmanullah Lakanwal, cet Afghan de 29\u00a0ans a \u00e9t\u00e9 transport\u00e9 dans un h\u00f4pital local \u00ab\u00a0o\u00f9 il se trouve toujours \u00e0 l\u2019heure qu\u2019il est, sous haute surveillance\u00a0\u00bb, a ajout\u00e9 Mme\u00a0Pirro.<\/p>\n<p class=\"article__paragraph  \">Le suspect vivait \u00e0 l\u2019autre bout du pays, dans l\u2019Etat de Washington (Nord-Ouest), avec sa femme et ses cinq enfants. Il a travers\u00e9 tous les Etats-Unis en voiture pour se rendre dans la capitale am\u00e9ricaine, selon la procureure, avant de tirer sur les soldats de la garde nationale avec un revolver Smith &amp;\u00a0Wesson. A ce stade, il sera poursuivi pour agression avec intention de tuer, a ajout\u00e9 Mme\u00a0Pirro.<\/p>\n<p class=\"article__paragraph  \">M.\u00a0Lakanwal a servi dans le \u00ab\u00a0NDS-03, l\u2019une des unit\u00e9s d\u2019\u00e9lite de lutte contre le terrorisme en Afghanistan, op\u00e9r\u00e9e par la CIA avec un soutien direct des renseignements et de l\u2019arm\u00e9e am\u00e9ricaine\u00a0\u00bb, a fait savoir AfghanEvac, une ONG sp\u00e9cialis\u00e9e dans la r\u00e9installation des Afghans aux Etats-Unis.<\/p>\n<p>                    Asile accord\u00e9 sous l\u2019administration Trump                    <\/p>\n<p class=\"article__paragraph  \">Les conditions qui ont permis \u00e0 M. Lakanwal de s\u2019installer aux Etats-Unis sont d\u00e9sormais particuli\u00e8rement sensibles. La ministre de la s\u00e9curit\u00e9 int\u00e9rieure, Kristi Noem, l\u2019a d\u00e9crit comme l\u2019un \u00ab\u00a0des nombreux individus admis en masse, sans v\u00e9rification, aux Etats-Unis dans le cadre de l\u2019op\u00e9ration \u201cAllies Welcome\u201d\u00a0\u00bb, mise en place par l\u2019administration du pr\u00e9sident d\u00e9mocrate Joe Biden pour aider les Afghans ayant collabor\u00e9 avec les Am\u00e9ricains.<\/p>\n<p> Le Monde M\u00e9morable  <\/p>\n<p> <a href=\"https:\/\/www.lemonde.fr\/memorable\/?rfextension=inread\" class=\"inread__link js-services-inread-link\" target=\"_blank\" rel=\"noopener\">  <\/p>\n<p>Testez votre culture g\u00e9n\u00e9rale avec la r\u00e9daction du \u00ab Monde \u00bb<\/p>\n<p>Testez votre culture g\u00e9n\u00e9rale avec la r\u00e9daction du \u00ab Monde \u00bb<\/p>\n<p>D\u00e9couvrir<\/p>\n<p> <\/a>      <\/p>\n<p> Newsletter  <\/p>\n<p> <a href=\"https:\/\/www.lemonde.fr\/newsletters\/a-la-une\/\" class=\"inread__link js-services-inread-link\" target=\"_blank\" rel=\"noopener\">  <\/p>\n<p>\u00ab A la une \u00bb<\/p>\n<p>Chaque matin, parcourez l&rsquo;essentiel de l&rsquo;actualit\u00e9 du jour avec les derniers titres du \u00ab Monde \u00bb<\/p>\n<p>S&rsquo;inscrire<\/p>\n<p> <\/a>          <\/p>\n<p> Le Monde Application  <\/p>\n<p> <a href=\"https:\/\/lamatinale.onelink.me\/gKMy\/ahw2ubr3\" class=\"inread__link js-services-inread-link\" target=\"_blank\" rel=\"noopener\">  <\/p>\n<p>La Matinale du Monde<\/p>\n<p>Chaque matin, retrouvez notre s\u00e9lection de 20 articles \u00e0 ne pas manquer <\/p>\n<p>T\u00e9l\u00e9charger l&rsquo;application<\/p>\n<p> <\/a>      <\/p>\n<p> Newsletter abonn\u00e9s  <\/p>\n<p> <a href=\"https:\/\/www.lemonde.fr\/newsletters\/international\/\" class=\"inread__link js-services-inread-link\" target=\"_blank\" rel=\"noopener\">  <\/p>\n<p>\u00ab International \u00bb<\/p>\n<p>L\u2019essentiel de l\u2019actualit\u00e9 internationale de la semaine<\/p>\n<p>S&rsquo;inscrire<\/p>\n<p> <\/a>             <\/p>\n<p class=\"article__paragraph  \">L\u2019ONG AfghanEvac pr\u00e9cise toutefois qu\u2019il \u00ab\u00a0a demand\u00e9 l\u2019asile sous l\u2019administration Biden, mais son asile a \u00e9t\u00e9 approuv\u00e9 sous l\u2019administration Trump\u00a0\u00bb, en avril\u00a02025. Il n\u2019\u00e9tait pas titulaire de la carte verte de r\u00e9sident permanent.<\/p>\n<p class=\"article__paragraph  \">\u00ab\u00a0L\u2019administration Biden a justifi\u00e9 l\u2019admission du tireur pr\u00e9sum\u00e9 aux Etats-Unis en septembre\u00a02021 en raison de son travail ant\u00e9rieur avec le gouvernement am\u00e9ricain, y compris la CIA, en tant que membre d\u2019une force partenaire \u00e0 Kandahar, qui a pris fin peu apr\u00e8s l\u2019\u00e9vacuation chaotique\u00a0\u00bb des troupes am\u00e9ricaines, a d\u00e9clar\u00e9 le directeur de la CIA, John Ratcliffe, dans un communiqu\u00e9 transmis \u00e0 plusieurs m\u00e9dias am\u00e9ricains.<\/p>\n<p>                    Cons\u00e9quences pour la communaut\u00e9 afghane                    <\/p>\n<p class=\"article__paragraph  \">Des centaines de milliers d\u2019Afghans ont travaill\u00e9 pour les forces \u00e9trang\u00e8res, les ambassades et les ONG financ\u00e9es par les Etats-Unis durant les vingt ann\u00e9es de pr\u00e9sence \u00e9trang\u00e8re en Afghanistan. Depuis ao\u00fbt\u00a02021 et le retour au pouvoir des talibans, plus de 190\u00a0000 Afghans ont \u00e9t\u00e9 r\u00e9install\u00e9s aux Etats-Unis, selon le d\u00e9partement d\u2019Etat am\u00e9ricain.<\/p>\n<p class=\"article__paragraph  \">Des dizaines de milliers d\u2019autres, y compris de nombreux anciens traducteurs militaires et membres des forces de s\u00e9curit\u00e9 afghanes, sont en attente de r\u00e9installation, selon des groupes de d\u00e9fense des droits humains.<\/p>\n<p class=\"article__paragraph  \">Apr\u00e8s la fusillade, le pr\u00e9sident Trump a affirm\u00e9 que les dossiers de tous les Afghans entr\u00e9s aux Etats-Unis durant la pr\u00e9sidence de Joe Biden seraient r\u00e9examin\u00e9s. L\u2019USCIS, une agence f\u00e9d\u00e9rale charg\u00e9e de l\u2019immigration, a annonc\u00e9 la suspension imm\u00e9diate et \u00e0 dur\u00e9e ind\u00e9finie du \u00ab\u00a0traitement de toutes les demandes d\u2019immigration concernant des ressortissants afghans\u00a0\u00bb, \u00ab\u00a0dans l\u2019attente d\u2019un nouvel examen des protocoles de s\u00e9curit\u00e9 et de v\u00e9rification\u00a0\u00bb.<\/p>\n<p class=\"article__paragraph  \">\u00ab\u00a0Cet acte violent ne refl\u00e8te pas la communaut\u00e9 afghane\u00a0\u00bb, a r\u00e9agi AfghanEvac, en condamnant l\u2019attaque. \u00ab\u00a0La communaut\u00e9 afghane ne devrait pas servir de bouc \u00e9missaire.\u00a0\u00bb<\/p>\n<p>                                       Lire aussi |  Article r\u00e9serv\u00e9 \u00e0 nos abonn\u00e9s  <a href=\"https:\/\/www.lemonde.fr\/international\/article\/2025\/08\/17\/washington-vitrine-de-la-politique-securitaire-de-donald-trump_6630831_3210.html\" class=\"js-article-read-also catcher--favoris__link\" data-premium=\"1\" id=\"article-title-3434614\" target=\"_blank\" rel=\"noopener\">Washington, vitrine de la politique s\u00e9curitaire de Donald Trump<\/a>    <\/p>\n<p>   Lire plus tard  <\/p>\n<p class=\"author__detail\">  Le Monde avec AFP  <\/p>\n<p>                <a href=\"https:\/\/www.lemonde.fr\/syndication\/\" class=\"reuse__content\" title=\"R\u00e9utiliser ce contenu\" target=\"_blank\" rel=\"noopener\">R\u00e9utiliser ce contenu<\/a>      <\/p>\n","protected":false},"excerpt":{"rendered":"Le directeur du FBI, Kash Patel, s\u2019exprime lors d\u2019une conf\u00e9rence de presse au sujet de la fusillade dans&hellip;\n","protected":false},"author":2,"featured_media":562935,"comment_status":"","ping_status":"","sticky":false,"template":"","format":"standard","meta":{"footnotes":""},"categories":[5],"tags":[11,1011,27,14,12,28],"class_list":{"0":"post-562934","1":"post","2":"type-post","3":"status-publish","4":"format-standard","5":"has-post-thumbnail","7":"category-international","8":"tag-actualites","9":"tag-fr","10":"tag-france","11":"tag-international","12":"tag-news","13":"tag-world"},"share_on_mastodon":{"url":"https:\/\/pubeurope.com\/@fr\/115623377178005085","error":""},"_links":{"self":[{"href":"https:\/\/www.europesays.com\/fr\/wp-json\/wp\/v2\/posts\/562934","targetHints":{"allow":["GET"]}}],"collection":[{"href":"https:\/\/www.europesays.com\/fr\/wp-json\/wp\/v2\/posts"}],"about":[{"href":"https:\/\/www.europesays.com\/fr\/wp-json\/wp\/v2\/types\/post"}],"author":[{"embeddable":true,"href":"https:\/\/www.europesays.com\/fr\/wp-json\/wp\/v2\/users\/2"}],"replies":[{"embeddable":true,"href":"https:\/\/www.europesays.com\/fr\/wp-json\/wp\/v2\/comments?post=562934"}],"version-history":[{"count":0,"href":"https:\/\/www.europesays.com\/fr\/wp-json\/wp\/v2\/posts\/562934\/revisions"}],"wp:featuredmedia":[{"embeddable":true,"href":"https:\/\/www.europesays.com\/fr\/wp-json\/wp\/v2\/media\/562935"}],"wp:attachment":[{"href":"https:\/\/www.europesays.com\/fr\/wp-json\/wp\/v2\/media?parent=562934"}],"wp:term":[{"taxonomy":"category","embeddable":true,"href":"https:\/\/www.europesays.com\/fr\/wp-json\/wp\/v2\/categories?post=562934"},{"taxonomy":"post_tag","embeddable":true,"href":"https:\/\/www.europesays.com\/fr\/wp-json\/wp\/v2\/tags?post=562934"}],"curies":[{"name":"wp","href":"https:\/\/api.w.org\/{rel}","templated":true}]}}