{"id":562936,"date":"2025-11-27T19:44:11","date_gmt":"2025-11-27T19:44:11","guid":{"rendered":"https:\/\/www.europesays.com\/fr\/562936\/"},"modified":"2025-11-27T19:44:11","modified_gmt":"2025-11-27T19:44:11","slug":"deception-et-incomprehension-la-future-mosquee-devra-trouver-un-nouveau-lieu-sous-la-pression-de-riverains","status":"publish","type":"post","link":"https:\/\/www.europesays.com\/fr\/562936\/","title":{"rendered":"\u00ab\u00a0D\u00e9ception et incompr\u00e9hension\u00a0\u00bb\u2026 La future mosqu\u00e9e devra trouver un nouveau lieu sous la pression de riverains"},"content":{"rendered":"<p>C\u2019est la douche froide pour toute la communaut\u00e9 musulmane \u00e0 Rennes. Esp\u00e9r\u00e9e pour\u00a02026, <a href=\"https:\/\/www.20minutes.fr\/societe\/4042101-20230620-rennes-plus-grande-mosquee-bretagne-devrait-ouvrir-portes-2026\" class=\"c-link c-link--is-underlined\" target=\"_blank\" rel=\"noopener\">la future grande mosqu\u00e9e<\/a> n\u2019ouvrira pas comme pr\u00e9vu. Port\u00e9 depuis plusieurs ann\u00e9es par l\u2019association Espoir Amal, le projet va \u00e9galement devoir se trouver un nouveau lieu, a-t-on appris, <a href=\"https:\/\/www.letelegramme.fr\/ille-et-vilaine\/rennes-35000\/a-rennes-ce-gros-projet-de-mosquee-contraint-de-demenager-sous-la-pression-des-riverains-6935355.php\" target=\"_blank\" class=\"c-link c-link--is-underlined\" rel=\"noopener\">confirmant une information du T\u00e9l\u00e9gramme<\/a>. La mosqu\u00e9e, qui doit \u00eatre la plus grande de Bretagne et doit accueillir plusieurs centaines de fid\u00e8les, devait initialement s\u2019implanter rue du P\u00e2tis Tatelin, en bordure du parc des Gayeulles dans le nord-est de la ville. En mars\u00a02022, un protocole d\u2019accord avait ainsi \u00e9t\u00e9 sign\u00e9 entre la municipalit\u00e9 et l\u2019association pour la mise \u00e0 disposition d\u2019un terrain de 3.000 m\u00b2 en zone naturelle.<\/p>\n<p>Mais plus de trois ans plus tard, la ville a chang\u00e9 ses plans et a d\u00e9cid\u00e9 de ne pas retenir le lieu, au grand dam de Mohamed Iqbal Za\u00efdouni. \u00ab\u00a0C\u2019est beaucoup de d\u00e9ception et d\u2019incompr\u00e9hension\u00a0\u00bb, souligne le vice-pr\u00e9sident d\u2019Espoir Amal et pr\u00e9sident <a href=\"https:\/\/www.20minutes.fr\/societe\/4072016-20240122-va-changer-conseil-francais-culte-musulman-veut-devenir-plus-representatif-terrain\" class=\"c-link c-link--is-underlined\" target=\"_blank\" rel=\"noopener\">du Conseil r\u00e9gional du culte musulman<\/a> de Bretagne. Dans le quartier, la construction de ce centre culturel islamique a en effet d\u00e9clench\u00e9 une vive opposition des riverains. \u00ab\u00a0Mais cela n\u2019a rien \u00e0 voir avec de l\u2019islamophobie\u00a0\u00bb, assure Mohamed Iqbal Za\u00efdouni, \u00e9voquant \u00ab\u00a0des raisons environnementales\u00a0\u00bb.<\/p>\n<p>Deux autres sites propos\u00e9s par la ville<\/p>\n<p>R\u00e9unis au sein du collectif \u00ab\u00a0Halte au b\u00e9tonnage du parc des Gayeulles\u00a0\u00bb, des habitants ont d\u00e8s l\u2019origine d\u00e9nonc\u00e9 le projet, qualifi\u00e9 \u00ab\u00a0d\u2019aberration \u00e9cologique et environnementale\u00a0\u00bb, ainsi que le manque de concertation. La ville leur a finalement donn\u00e9 raison en actant son d\u00e9m\u00e9nagement sur un nouvel emplacement. Contact\u00e9e, la mairie de Rennes justifie sa d\u00e9cision en invoquant \u00ab\u00a0un souci de dialogue et d\u2019apaisement\u00a0\u00bb, mais aussi par \u00ab\u00a0la grande complexit\u00e9\u00a0\u00bb du site retenu dans un premier temps.<\/p>\n<p><a href=\"https:\/\/www.20minutes.fr\/dossier\/islam\" class=\"c-link c-btn c-btn--primary\" target=\"_blank\" rel=\"noopener\">Notre dossier sur l&rsquo;islam<\/a><\/p>\n<p>Apr\u00e8s cette volte-face, deux autres terrains viennent d\u2019\u00eatre propos\u00e9s \u00e0 l\u2019association, mais l\u2019un a d\u2019embl\u00e9e \u00e9t\u00e9 \u00e9cart\u00e9. \u00ab\u00a0Il est trop loin du quartier de Maurepas o\u00f9 il y a un besoin criant d\u2019un lieu de culte\u00a0\u00bb, souligne l\u2019imam, qui assure faire \u00ab\u00a0confiance\u00a0\u00bb \u00e0 la ville pour trouver rapidement une solution. \u00ab\u00a0On esp\u00e8re que le dossier va rapidement se d\u00e9bloquer et que les travaux pourront d\u00e9marrer \u00e0 l\u2019\u00e9t\u00e9\u00a02026\u00a0\u00bb, pr\u00e9cise-t-il.<\/p>\n<p>\u00ab\u00a0Il y a six lieux de culte, mais ils sont tous bond\u00e9s\u00a0\u00bb<\/p>\n<p>Car \u00e0 l\u2019entendre, il y a urgence \u00e0 construire <a href=\"https:\/\/www.20minutes.fr\/dossier\/mosquee\" class=\"c-link c-link--is-underlined\" target=\"_blank\" rel=\"noopener\">cette mosqu\u00e9e<\/a> pour permettre aux musulmans de pratiquer dignement leur religion. \u00ab\u00a0Il y a six lieux de culte \u00e0 Rennes, mais ils sont tous bond\u00e9s quand c\u2019est la p\u00e9riode du ramadan ou pour la pri\u00e8re du vendredi\u00a0\u00bb, pr\u00e9vient Mohamed Iqbal Za\u00efdouni, qui lance aussi un appel aux autres maires de la m\u00e9tropole. \u00ab\u00a0Il faut qu\u2019on ait d\u2019autres lieux de culte pour all\u00e9ger et apaiser le flux \u00e0 Rennes\u00a0\u00bb, assure-t-il, d\u00e9termin\u00e9 \u00e0 \u00e9changer avec les \u00e9lus \u00ab\u00a0dans la paix et non pas dans le conflit.\u00a0\u00bb<\/p>\n","protected":false},"excerpt":{"rendered":"C\u2019est la douche froide pour toute la communaut\u00e9 musulmane \u00e0 Rennes. Esp\u00e9r\u00e9e pour\u00a02026, la future grande mosqu\u00e9e n\u2019ouvrira&hellip;\n","protected":false},"author":2,"featured_media":562937,"comment_status":"","ping_status":"","sticky":false,"template":"","format":"standard","meta":{"footnotes":""},"categories":[4],"tags":[47,11,829,1011,27,848,5318,14577,28052,12,4020,584,25,104],"class_list":{"0":"post-562936","1":"post","2":"type-post","3":"status-publish","4":"format-standard","5":"has-post-thumbnail","7":"category-france","8":"tag-actualite","9":"tag-actualites","10":"tag-bretagne","11":"tag-fr","12":"tag-france","13":"tag-ille-et-vilaine","14":"tag-islam","15":"tag-mosquee","16":"tag-musulman","17":"tag-news","18":"tag-religion","19":"tag-rennes","20":"tag-republique-francaise","21":"tag-societe"},"share_on_mastodon":{"url":"https:\/\/pubeurope.com\/@fr\/115623379952043502","error":""},"_links":{"self":[{"href":"https:\/\/www.europesays.com\/fr\/wp-json\/wp\/v2\/posts\/562936","targetHints":{"allow":["GET"]}}],"collection":[{"href":"https:\/\/www.europesays.com\/fr\/wp-json\/wp\/v2\/posts"}],"about":[{"href":"https:\/\/www.europesays.com\/fr\/wp-json\/wp\/v2\/types\/post"}],"author":[{"embeddable":true,"href":"https:\/\/www.europesays.com\/fr\/wp-json\/wp\/v2\/users\/2"}],"replies":[{"embeddable":true,"href":"https:\/\/www.europesays.com\/fr\/wp-json\/wp\/v2\/comments?post=562936"}],"version-history":[{"count":0,"href":"https:\/\/www.europesays.com\/fr\/wp-json\/wp\/v2\/posts\/562936\/revisions"}],"wp:featuredmedia":[{"embeddable":true,"href":"https:\/\/www.europesays.com\/fr\/wp-json\/wp\/v2\/media\/562937"}],"wp:attachment":[{"href":"https:\/\/www.europesays.com\/fr\/wp-json\/wp\/v2\/media?parent=562936"}],"wp:term":[{"taxonomy":"category","embeddable":true,"href":"https:\/\/www.europesays.com\/fr\/wp-json\/wp\/v2\/categories?post=562936"},{"taxonomy":"post_tag","embeddable":true,"href":"https:\/\/www.europesays.com\/fr\/wp-json\/wp\/v2\/tags?post=562936"}],"curies":[{"name":"wp","href":"https:\/\/api.w.org\/{rel}","templated":true}]}}