{"id":562944,"date":"2025-11-27T19:49:12","date_gmt":"2025-11-27T19:49:12","guid":{"rendered":"https:\/\/www.europesays.com\/fr\/562944\/"},"modified":"2025-11-27T19:49:12","modified_gmt":"2025-11-27T19:49:12","slug":"nancy-trois-villages-et-quatre-hameaux-animent-le-centre-ville","status":"publish","type":"post","link":"https:\/\/www.europesays.com\/fr\/562944\/","title":{"rendered":"Nancy. Trois villages et quatre hameaux animent le centre-ville"},"content":{"rendered":"<p>Soixante chalets sont install\u00e9s sur la place Charles III et forment le Grand Village, des guirlandes \u00e0 perte de vue et l\u2019odeur du pain d\u2019\u00e9pices dans l\u2019air\u00a0: bienvenue dans le grand village de Saint-Nicolas, gourmand et color\u00e9. D\u2019autres villages et hameaux, dispers\u00e9s dans la ville, valent le d\u00e9tour offrant une excellente occasion de parcourir le c\u0153ur de la ville de mani\u00e8re festive.<\/p>\n<p class=\"note\">Place Charles-III, place de la Carri\u00e8re, place Vaud\u00e9mont, porte de la Craffe, place Saint-Epvre et rue du Pont-Mouja.<\/p>\n","protected":false},"excerpt":{"rendered":"Soixante chalets sont install\u00e9s sur la place Charles III et forment le Grand Village, des guirlandes \u00e0 perte&hellip;\n","protected":false},"author":2,"featured_media":562945,"comment_status":"","ping_status":"","sticky":false,"template":"","format":"standard","meta":{"footnotes":""},"categories":[9635],"tags":[1111,11,1477,33,1704,1777,674,1011,27,775,1702,1703,12,25,602],"class_list":{"0":"post-562944","1":"post","2":"type-post","3":"status-publish","4":"format-standard","5":"has-post-thumbnail","7":"category-nancy","8":"tag-actu","9":"tag-actualites","10":"tag-artisanat","11":"tag-economie","12":"tag-edition-nancy-et-agglomeration","13":"tag-eu","14":"tag-europe","15":"tag-fr","16":"tag-france","17":"tag-grand-est","18":"tag-nancy","19":"tag-nancy-ville-54b","20":"tag-news","21":"tag-republique-francaise","22":"tag-tourisme"},"share_on_mastodon":{"url":"https:\/\/pubeurope.com\/@fr\/115623399545512555","error":""},"_links":{"self":[{"href":"https:\/\/www.europesays.com\/fr\/wp-json\/wp\/v2\/posts\/562944","targetHints":{"allow":["GET"]}}],"collection":[{"href":"https:\/\/www.europesays.com\/fr\/wp-json\/wp\/v2\/posts"}],"about":[{"href":"https:\/\/www.europesays.com\/fr\/wp-json\/wp\/v2\/types\/post"}],"author":[{"embeddable":true,"href":"https:\/\/www.europesays.com\/fr\/wp-json\/wp\/v2\/users\/2"}],"replies":[{"embeddable":true,"href":"https:\/\/www.europesays.com\/fr\/wp-json\/wp\/v2\/comments?post=562944"}],"version-history":[{"count":0,"href":"https:\/\/www.europesays.com\/fr\/wp-json\/wp\/v2\/posts\/562944\/revisions"}],"wp:featuredmedia":[{"embeddable":true,"href":"https:\/\/www.europesays.com\/fr\/wp-json\/wp\/v2\/media\/562945"}],"wp:attachment":[{"href":"https:\/\/www.europesays.com\/fr\/wp-json\/wp\/v2\/media?parent=562944"}],"wp:term":[{"taxonomy":"category","embeddable":true,"href":"https:\/\/www.europesays.com\/fr\/wp-json\/wp\/v2\/categories?post=562944"},{"taxonomy":"post_tag","embeddable":true,"href":"https:\/\/www.europesays.com\/fr\/wp-json\/wp\/v2\/tags?post=562944"}],"curies":[{"name":"wp","href":"https:\/\/api.w.org\/{rel}","templated":true}]}}