{"id":562953,"date":"2025-11-27T19:54:18","date_gmt":"2025-11-27T19:54:18","guid":{"rendered":"https:\/\/www.europesays.com\/fr\/562953\/"},"modified":"2025-11-27T19:54:18","modified_gmt":"2025-11-27T19:54:18","slug":"coupe-de-france-8-e-tour-yannick-chandioux-un-montceau-montpellier-18-ans-apres-lepopee-de-2007-ca-rafraichit-un-peu-la-memoire","status":"publish","type":"post","link":"https:\/\/www.europesays.com\/fr\/562953\/","title":{"rendered":"Coupe de France (8 e tour). Yannick Chandioux\u00a0: \u00ab\u00a0Un Montceau-Montpellier 18 ans apr\u00e8s l\u2019\u00e9pop\u00e9e de 2007, \u00e7a rafra\u00eechit un peu la m\u00e9moire\u00a0\u00bb"},"content":{"rendered":"<blockquote class=\"question\"><p>Yannick, un Montceau-Montpellier aux Alouettes, au 8 e tour de la Coupe, \u00e7a doit vous rappeler des souvenirs\u00a0?<\/p><\/blockquote>\n<p>\u00ab\u00a0Oui, \u00e9videmment, mais pas forc\u00e9ment aux Alouettes car <a href=\"https:\/\/www.lejsl.com\/sport-local\/2012\/01\/09\/les-fondus-bourguignons\" target=\"_blank\" rel=\"noopener\">en 2007, on n\u2019avait d\u00fb faire que le 7 e tour \u00e0 Montceau<\/a> (contre Jura Sud, et le 5e\u00a0 contre Selongey, ndlr). On avait surtout jou\u00e9 \u00e0 l\u2019ext\u00e9rieur et \u00e0 Gueugnon. Apr\u00e8s, <a href=\"https:\/\/www.lejsl.com\/sport\/2025\/11\/16\/coupe-de-france-le-fc-montceau-recevra-montpellier-(ligue-2)-au-8e-tour\" target=\"_blank\" rel=\"noopener\">c\u2019est une affiche top<\/a>. Je l\u2019esp\u00e9rais quand j\u2019ai vu que \u00e7a pouvait arriver avec le tirage du 7 e tour. Malheureusement, je ne serai pas pr\u00e9sent. C\u2019est le petit regret, mais je vais suivre le match quand m\u00eame.\u00a0\u00bb<\/p>\n<blockquote class=\"question\"><p>Quand on parle Montceau en Coupe, on pense forc\u00e9ment \u00e0 l\u2019\u00e9pop\u00e9e de 2007. Qu\u2019en retenez-vous 18 ans apr\u00e8s\u00a0?<\/p><\/blockquote>\n<p>\u00ab\u00a0D\u00e9j\u00e0, \u00e7a rafra\u00eechit un peu la m\u00e9moire ( rires ). Ensuite, j <a href=\"https:\/\/www.lejsl.com\/sport-local\/2012\/01\/09\/les-fondus-bourguignons\" target=\"_blank\" rel=\"noopener\">e me dis que c\u2019\u00e9tait exceptionnel, incroyable et m\u00eame inimaginable<\/a> lorsqu\u2019on a d\u00e9marr\u00e9 en octobre au 4 e tour. Pour plein de raisons. On montait en CFA. On avait peu de moyens. Beaucoup de joueurs&#8230;<\/p>\n","protected":false},"excerpt":{"rendered":"Yannick, un Montceau-Montpellier aux Alouettes, au 8 e tour de la Coupe, \u00e7a doit vous rappeler des souvenirs\u00a0?&hellip;\n","protected":false},"author":2,"featured_media":562954,"comment_status":"","ping_status":"","sticky":false,"template":"","format":"standard","meta":{"footnotes":""},"categories":[9599],"tags":[1111,11,15922,12568,1777,674,65790,107,1701,1795,63,1011,27,12566,14000,12567,2208,12,2680,25,517],"class_list":{"0":"post-562953","1":"post","2":"type-post","3":"status-publish","4":"format-standard","5":"has-post-thumbnail","7":"category-montpellier","8":"tag-actu","9":"tag-actualites","10":"tag-coupe-de-france-de-football","11":"tag-edition-montceau-les-mines","12":"tag-eu","13":"tag-europe","14":"tag-fc-montceau","15":"tag-fil-info","16":"tag-fil-info-sport","17":"tag-fil-web","18":"tag-football","19":"tag-fr","20":"tag-france","21":"tag-montceau-les-mines","22":"tag-montceau-les-mines-bassin","23":"tag-montceau-les-mines-ville","24":"tag-montpellier","25":"tag-news","26":"tag-occitanie","27":"tag-republique-francaise","28":"tag-sport"},"share_on_mastodon":{"url":"https:\/\/pubeurope.com\/@fr\/115623419182116700","error":""},"_links":{"self":[{"href":"https:\/\/www.europesays.com\/fr\/wp-json\/wp\/v2\/posts\/562953","targetHints":{"allow":["GET"]}}],"collection":[{"href":"https:\/\/www.europesays.com\/fr\/wp-json\/wp\/v2\/posts"}],"about":[{"href":"https:\/\/www.europesays.com\/fr\/wp-json\/wp\/v2\/types\/post"}],"author":[{"embeddable":true,"href":"https:\/\/www.europesays.com\/fr\/wp-json\/wp\/v2\/users\/2"}],"replies":[{"embeddable":true,"href":"https:\/\/www.europesays.com\/fr\/wp-json\/wp\/v2\/comments?post=562953"}],"version-history":[{"count":0,"href":"https:\/\/www.europesays.com\/fr\/wp-json\/wp\/v2\/posts\/562953\/revisions"}],"wp:featuredmedia":[{"embeddable":true,"href":"https:\/\/www.europesays.com\/fr\/wp-json\/wp\/v2\/media\/562954"}],"wp:attachment":[{"href":"https:\/\/www.europesays.com\/fr\/wp-json\/wp\/v2\/media?parent=562953"}],"wp:term":[{"taxonomy":"category","embeddable":true,"href":"https:\/\/www.europesays.com\/fr\/wp-json\/wp\/v2\/categories?post=562953"},{"taxonomy":"post_tag","embeddable":true,"href":"https:\/\/www.europesays.com\/fr\/wp-json\/wp\/v2\/tags?post=562953"}],"curies":[{"name":"wp","href":"https:\/\/api.w.org\/{rel}","templated":true}]}}