{"id":562955,"date":"2025-11-27T19:55:22","date_gmt":"2025-11-27T19:55:22","guid":{"rendered":"https:\/\/www.europesays.com\/fr\/562955\/"},"modified":"2025-11-27T19:55:22","modified_gmt":"2025-11-27T19:55:22","slug":"seine-maritime-le-pack-nouveau-depart-propose-un-accompagnement-pour-les-femmes-victimes-de-violence","status":"publish","type":"post","link":"https:\/\/www.europesays.com\/fr\/562955\/","title":{"rendered":"Seine-Maritime. Le pack nouveau d\u00e9part propose un accompagnement pour les femmes victimes de violence"},"content":{"rendered":"<p melodystyle=\"texte\">\u00ab\u00a0Il faut \u00e9norm\u00e9ment d&rsquo;\u00e9nergie aux victimes pour activer tous les dispositifs\u00a0\u00bb, lance Armelle Garand, d\u00e9l\u00e9gu\u00e9e d\u00e9partementale aux droits des femmes et \u00e0 l&rsquo;\u00e9galit\u00e9 hommes femmes. C&rsquo;est tout l&rsquo;int\u00e9r\u00eat du pack nouveau d\u00e9part, lanc\u00e9 au premier trimestre 2026 en Seine-Maritime\u00a0: simplifier les d\u00e9marches et am\u00e9liorer l&rsquo;accompagnement <a href=\"https:\/\/www.tendanceouest.com\/actualite-434006-rouen-la-methode-des-5d-vise-a-sensibiliser-les-personnes-au-harcelement-de-rue\" target=\"_blank\" rel=\"noopener\">des femmes victimes<\/a> de violence conjugales, pour que quitter le domicile devienne plus accessible.<\/p>\n<p>\u00ab\u00a0Dites-le nous une fois\u00a0\u00bb<\/p>\n<p melodystyle=\"texte\">Concr\u00e8tement, si une femme se signale comme victime de violences, quelle que soit la porte d&rsquo;entr\u00e9e (police, CAF, association, travailleur social\u2026), elle pourra \u00eatre orient\u00e9e, via la CAF, vers un professionnel qui deviendra son r\u00e9f\u00e9rent pour activer l&rsquo;ensemble des dispositifs. \u00ab\u00a0A partir de ce moment-l\u00e0, c&rsquo;est l&rsquo;accompagnateur qui prend contact avec la victime\u00a0\u00bb, d\u00e9taille Armelle Garand. La CAF prendra contact sous 72h apr\u00e8s le signalement pour d\u00e9signer un accompagnateur. Ce dernier proposera un rendez-vous sous cinq jours avec la victime. C&rsquo;est le moment d&rsquo;identifier ses priorit\u00e9s pour ensuite entamer les d\u00e9marches et les prioriser\u00a0: trouver un h\u00e9bergement, trouver un emploi, b\u00e9n\u00e9ficier d&rsquo;un accompagnement social, juridique, psychologique\u2026<\/p>\n<p class=\"article_photo\" data-num=\"2\"><img decoding=\"async\" alt=\"Le dispositif favorise les coop\u00e9rations entre les services de la pr\u00e9fecture, de la CAF, du D\u00e9partement de Seine-Maritime ou de la Mutuelle sociale agricole.\" src=\"https:\/\/www.europesays.com\/fr\/wp-content\/uploads\/2025\/11\/8466-tab.jpg\"\/>Le dispositif favorise les coop\u00e9rations entre les services de la pr\u00e9fecture, de la CAF, du D\u00e9partement de Seine-Maritime ou de la Mutuelle sociale agricole.<\/p>\n<p melodystyle=\"texte\">\u00ab\u00a0C&rsquo;est tr\u00e8s difficile pour les victimes de refaire les d\u00e9marches \u00e0 chaque fois et d&rsquo;expliquer \u00e0 nouveau une situation difficile. L\u00e0, c&rsquo;est un travailleur social qui va le faire\u00a0\u00bb, explique Olivier Couture, directeur de la CAF de Seine-Maritime. Une mani\u00e8re, en accompagnant mieux, d&rsquo;\u00e9viter que les victimes renoncent \u00e0 quitter le domicile devant la complexit\u00e9 des d\u00e9marches. Et c&rsquo;est parfois une question de vie ou de mort. \u00ab\u00a0L&rsquo;objectif est de d\u00e9clencher simultan\u00e9ment tous les dispositifs. C&rsquo;est &lsquo;dites-le nous une fois'\u00a0\u00bb, abonde Jean-Beno\u00eet Albertini, le pr\u00e9fet de Seine-Maritime.<\/p>\n<p melodystyle=\"texte\">En Seine-Maritime, plusieurs dizaines de travailleurs sociaux, notamment de la CAF ou du D\u00e9partement, seront en mesure de proposer ces accompagnements personnalis\u00e9s.<\/p>\n<p melodystyle=\"texte\">En 2024, 4\u00a0857 faits de violences conjugales ont \u00e9t\u00e9 recens\u00e9s dans le d\u00e9partement par la police et la gendarmerie.<\/p>\n","protected":false},"excerpt":{"rendered":"\u00ab\u00a0Il faut \u00e9norm\u00e9ment d&rsquo;\u00e9nergie aux victimes pour activer tous les dispositifs\u00a0\u00bb, lance Armelle Garand, d\u00e9l\u00e9gu\u00e9e d\u00e9partementale aux droits&hellip;\n","protected":false},"author":2,"featured_media":562956,"comment_status":"","ping_status":"","sticky":false,"template":"","format":"standard","meta":{"footnotes":""},"categories":[9587],"tags":[1111,11,1777,674,1011,27,12,5161,25,9590],"class_list":{"0":"post-562955","1":"post","2":"type-post","3":"status-publish","4":"format-standard","5":"has-post-thumbnail","7":"category-rouen","8":"tag-actu","9":"tag-actualites","10":"tag-eu","11":"tag-europe","12":"tag-fr","13":"tag-france","14":"tag-news","15":"tag-normandie","16":"tag-republique-francaise","17":"tag-rouen"},"share_on_mastodon":{"url":"https:\/\/pubeurope.com\/@fr\/115623424008667405","error":""},"_links":{"self":[{"href":"https:\/\/www.europesays.com\/fr\/wp-json\/wp\/v2\/posts\/562955","targetHints":{"allow":["GET"]}}],"collection":[{"href":"https:\/\/www.europesays.com\/fr\/wp-json\/wp\/v2\/posts"}],"about":[{"href":"https:\/\/www.europesays.com\/fr\/wp-json\/wp\/v2\/types\/post"}],"author":[{"embeddable":true,"href":"https:\/\/www.europesays.com\/fr\/wp-json\/wp\/v2\/users\/2"}],"replies":[{"embeddable":true,"href":"https:\/\/www.europesays.com\/fr\/wp-json\/wp\/v2\/comments?post=562955"}],"version-history":[{"count":0,"href":"https:\/\/www.europesays.com\/fr\/wp-json\/wp\/v2\/posts\/562955\/revisions"}],"wp:featuredmedia":[{"embeddable":true,"href":"https:\/\/www.europesays.com\/fr\/wp-json\/wp\/v2\/media\/562956"}],"wp:attachment":[{"href":"https:\/\/www.europesays.com\/fr\/wp-json\/wp\/v2\/media?parent=562955"}],"wp:term":[{"taxonomy":"category","embeddable":true,"href":"https:\/\/www.europesays.com\/fr\/wp-json\/wp\/v2\/categories?post=562955"},{"taxonomy":"post_tag","embeddable":true,"href":"https:\/\/www.europesays.com\/fr\/wp-json\/wp\/v2\/tags?post=562955"}],"curies":[{"name":"wp","href":"https:\/\/api.w.org\/{rel}","templated":true}]}}