{"id":562957,"date":"2025-11-27T19:56:19","date_gmt":"2025-11-27T19:56:19","guid":{"rendered":"https:\/\/www.europesays.com\/fr\/562957\/"},"modified":"2025-11-27T19:56:19","modified_gmt":"2025-11-27T19:56:19","slug":"rouen-florent-pagny-en-dit-plus-sur-son-prochain-album","status":"publish","type":"post","link":"https:\/\/www.europesays.com\/fr\/562957\/","title":{"rendered":"Rouen. Florent Pagny en dit plus sur son prochain album"},"content":{"rendered":"<p melodystyle=\"texte\" data-end=\"526\">Florent Pagny n&rsquo;a pas l&rsquo;intention de lever le pied. Tandis que Grandeur nature poursuit son joli parcours avec pr\u00e8s de 70\u00a0000 exemplaires \u00e9coul\u00e9s, le chanteur a surpris son public en r\u00e9v\u00e9lant l&rsquo;existence d&rsquo;un <b>tout nouvel album<\/b> lors de l&rsquo;\u00e9mission \u00ab\u00a0Florent Pagny fait son Taratata\u00a0\u00bb, qui sera diffus\u00e9e samedi soir sur France 2.<\/p>\n<p melodystyle=\"textnoprint\">\n<p melodystyle=\"texte\" data-end=\"526\">Sur sc\u00e8ne, devant 4\u00a0000 personnes, il a m\u00eame pr\u00e9sent\u00e9 un premier morceau, En musique, con\u00e7u et interpr\u00e9t\u00e9 avec Benjamin Biolay.<\/p>\n<p>Plusieurs grands noms de la chanson fran\u00e7aise ont particip\u00e9<\/p>\n<p melodystyle=\"texte\" data-end=\"874\">Pour ce 23e opus, l&rsquo;artiste a r\u00e9uni plusieurs visages familiers\u00a0: Christophe Ma\u00e9, Marc Lavoine, mais aussi son neveu Matthias. Il retrouvera \u00e9galement Al. Hy, remarqu\u00e9e dans la saison inaugurale de The Voice et dans l&rsquo;\u00e9dition All Stars. Ensemble, ils signeront un duo in\u00e9dit qui devrait raviver de beaux souvenirs aux amateurs du t\u00e9l\u00e9-crochet.<\/p>\n<p melodystyle=\"texte\" data-end=\"874\">Annonc\u00e9e pour accompagner sa tourn\u00e9e 2026, cette nouvelle r\u00e9alisation promet une collection de titres vari\u00e9s et de collaborations marquantes, confirmant une fois de plus la vitalit\u00e9 et la long\u00e9vit\u00e9 de la carri\u00e8re de Florent Pagny. A\u00a0noter que le chanteur passera par le z\u00e9nith de Rouen du 16 au 22\u00a0f\u00e9vrier 2026.<\/p>\n","protected":false},"excerpt":{"rendered":"Florent Pagny n&rsquo;a pas l&rsquo;intention de lever le pied. Tandis que Grandeur nature poursuit son joli parcours avec&hellip;\n","protected":false},"author":2,"featured_media":562958,"comment_status":"","ping_status":"","sticky":false,"template":"","format":"standard","meta":{"footnotes":""},"categories":[9587],"tags":[1111,11,1777,674,1011,27,12,5161,25,9590],"class_list":{"0":"post-562957","1":"post","2":"type-post","3":"status-publish","4":"format-standard","5":"has-post-thumbnail","7":"category-rouen","8":"tag-actu","9":"tag-actualites","10":"tag-eu","11":"tag-europe","12":"tag-fr","13":"tag-france","14":"tag-news","15":"tag-normandie","16":"tag-republique-francaise","17":"tag-rouen"},"share_on_mastodon":{"url":"https:\/\/pubeurope.com\/@fr\/115623427150784601","error":""},"_links":{"self":[{"href":"https:\/\/www.europesays.com\/fr\/wp-json\/wp\/v2\/posts\/562957","targetHints":{"allow":["GET"]}}],"collection":[{"href":"https:\/\/www.europesays.com\/fr\/wp-json\/wp\/v2\/posts"}],"about":[{"href":"https:\/\/www.europesays.com\/fr\/wp-json\/wp\/v2\/types\/post"}],"author":[{"embeddable":true,"href":"https:\/\/www.europesays.com\/fr\/wp-json\/wp\/v2\/users\/2"}],"replies":[{"embeddable":true,"href":"https:\/\/www.europesays.com\/fr\/wp-json\/wp\/v2\/comments?post=562957"}],"version-history":[{"count":0,"href":"https:\/\/www.europesays.com\/fr\/wp-json\/wp\/v2\/posts\/562957\/revisions"}],"wp:featuredmedia":[{"embeddable":true,"href":"https:\/\/www.europesays.com\/fr\/wp-json\/wp\/v2\/media\/562958"}],"wp:attachment":[{"href":"https:\/\/www.europesays.com\/fr\/wp-json\/wp\/v2\/media?parent=562957"}],"wp:term":[{"taxonomy":"category","embeddable":true,"href":"https:\/\/www.europesays.com\/fr\/wp-json\/wp\/v2\/categories?post=562957"},{"taxonomy":"post_tag","embeddable":true,"href":"https:\/\/www.europesays.com\/fr\/wp-json\/wp\/v2\/tags?post=562957"}],"curies":[{"name":"wp","href":"https:\/\/api.w.org\/{rel}","templated":true}]}}