{"id":562959,"date":"2025-11-27T19:57:13","date_gmt":"2025-11-27T19:57:13","guid":{"rendered":"https:\/\/www.europesays.com\/fr\/562959\/"},"modified":"2025-11-27T19:57:13","modified_gmt":"2025-11-27T19:57:13","slug":"les-jeunes-reagissent-au-retour-du-service-militaire","status":"publish","type":"post","link":"https:\/\/www.europesays.com\/fr\/562959\/","title":{"rendered":"les jeunes r\u00e9agissent au retour du service militaire"},"content":{"rendered":"<p>Devant le lyc\u00e9e Champollion, dans le centre-ville de Grenoble, Robin, L\u00e9a et Alessandro, tous en pr\u00e9pa hypokh\u00e2gne, discutent \u00e0 la sortie des cours. \u00ab\u00a0Je ne pense pas \u00eatre un tr\u00e8s bon atout pour l\u2019arm\u00e9e\u00a0\u00bb, s\u2019amuse L\u00e9a, 19 ans, sous les regards amus\u00e9s de ses deux camarades.<\/p>\n<p>Le trio hoche la t\u00eate, partageant le scepticisme qui circule depuis l\u2019annonce de l\u2019instauration d\u2019un service militaire volontaire pour les jeunes \u00e2g\u00e9es de 18 \u00e0 19 ans&#8230;.<\/p>\n","protected":false},"excerpt":{"rendered":"Devant le lyc\u00e9e Champollion, dans le centre-ville de Grenoble, Robin, L\u00e9a et Alessandro, tous en pr\u00e9pa hypokh\u00e2gne, discutent&hellip;\n","protected":false},"author":2,"featured_media":562960,"comment_status":"","ping_status":"","sticky":false,"template":"","format":"standard","meta":{"footnotes":""},"categories":[9566],"tags":[1111,11,2430,3206,112,113,114,1777,674,1011,27,2731,2732,108,12,25,13056],"class_list":{"0":"post-562959","1":"post","2":"type-post","3":"status-publish","4":"format-standard","5":"has-post-thumbnail","7":"category-grenoble","8":"tag-actu","9":"tag-actualites","10":"tag-auvergne-rhone-alpes","11":"tag-defense-guerre-conflit","12":"tag-edition-grenoble-agglomeration","13":"tag-edition-gresivaudan-oisans","14":"tag-edition-voiron-saint-marcellin","15":"tag-eu","16":"tag-europe","17":"tag-fr","18":"tag-france","19":"tag-grenoble","20":"tag-grenoble-bassin","21":"tag-isere","22":"tag-news","23":"tag-republique-francaise","24":"tag-varces-allieres-et-risset"},"share_on_mastodon":{"url":"https:\/\/pubeurope.com\/@fr\/115623431002896477","error":""},"_links":{"self":[{"href":"https:\/\/www.europesays.com\/fr\/wp-json\/wp\/v2\/posts\/562959","targetHints":{"allow":["GET"]}}],"collection":[{"href":"https:\/\/www.europesays.com\/fr\/wp-json\/wp\/v2\/posts"}],"about":[{"href":"https:\/\/www.europesays.com\/fr\/wp-json\/wp\/v2\/types\/post"}],"author":[{"embeddable":true,"href":"https:\/\/www.europesays.com\/fr\/wp-json\/wp\/v2\/users\/2"}],"replies":[{"embeddable":true,"href":"https:\/\/www.europesays.com\/fr\/wp-json\/wp\/v2\/comments?post=562959"}],"version-history":[{"count":0,"href":"https:\/\/www.europesays.com\/fr\/wp-json\/wp\/v2\/posts\/562959\/revisions"}],"wp:featuredmedia":[{"embeddable":true,"href":"https:\/\/www.europesays.com\/fr\/wp-json\/wp\/v2\/media\/562960"}],"wp:attachment":[{"href":"https:\/\/www.europesays.com\/fr\/wp-json\/wp\/v2\/media?parent=562959"}],"wp:term":[{"taxonomy":"category","embeddable":true,"href":"https:\/\/www.europesays.com\/fr\/wp-json\/wp\/v2\/categories?post=562959"},{"taxonomy":"post_tag","embeddable":true,"href":"https:\/\/www.europesays.com\/fr\/wp-json\/wp\/v2\/tags?post=562959"}],"curies":[{"name":"wp","href":"https:\/\/api.w.org\/{rel}","templated":true}]}}