{"id":562965,"date":"2025-11-27T20:00:21","date_gmt":"2025-11-27T20:00:21","guid":{"rendered":"https:\/\/www.europesays.com\/fr\/562965\/"},"modified":"2025-11-27T20:00:21","modified_gmt":"2025-11-27T20:00:21","slug":"le-detenu-a-ete-interpelle-a-nantes","status":"publish","type":"post","link":"https:\/\/www.europesays.com\/fr\/562965\/","title":{"rendered":"le d\u00e9tenu a \u00e9t\u00e9 interpell\u00e9 \u00e0 Nantes"},"content":{"rendered":"<p>\n    L\u2019individu de 35 ans \u00e9tait en prison pour des affaires de vols. Un second homme vis\u00e9 par un mandat de recherche a \u00e9galement \u00e9t\u00e9 arr\u00eat\u00e9.<\/p>\n<p class=\"fig-paragraph\">Un d\u00e9tenu, qui s\u2019\u00e9tait \u00e9vad\u00e9 le 14 novembre\u00a0<a href=\"http:\/\/www.lefigaro.fr\/faits-divers\/ille-et-vilaine-un-detenu-incarcere-a-la-prison-de-rennes-s-echappe-a-l-occasion-d-une-sortie-au-planetarium-20251117\" data-fig-type=\"NewsFlash\" data-gtm-custom-categorie=\"navigation\" data-gtm-custom-action=\"crossclick\" data-gtm-custom-label=\"Contextuel\" data-gtm-event=\"customEventSPE\" data-fig-domain=\"LEFIGARO\" target=\"_blank\" rel=\"noopener\">lors d&rsquo;une sortie collective au plan\u00e9tarium \u00e0 Rennes<\/a>, a \u00e9t\u00e9 interpell\u00e9\u00a0<a href=\"http:\/\/www.lefigaro.fr\/nantes\/pres-de-nantes-un-casier-mondial-relay-installe-dans-un-jardin-prive-suscite-l-ire-des-voisins-20251127\" target=\"_blank\" data-fig-type=\"NewsFlash\" rel=\"noopener\" data-gtm-custom-categorie=\"navigation\" data-gtm-custom-action=\"crossclick\" data-gtm-custom-label=\"Contextuel\" data-gtm-event=\"customEventSPE\" data-fig-domain=\"LEFIGARO\">\u00e0 Nantes<\/a>\u00a0ce jeudi, selon une source proche de l&rsquo;enqu\u00eate. Il a \u00e9t\u00e9 arr\u00eat\u00e9 dans un camp de voyageurs, a indiqu\u00e9 une source \u00e0 l\u2019AFP, confirmant une information du quotidien\u00a0<a href=\"https:\/\/www.ouest-france.fr\/societe\/faits-divers\/info-ouest-france-levade-de-la-prison-de-rennes-interpelle-a-nantes-29277e2e-cb9a-11f0-a0e6-83b9718ad3c0\" target=\"_blank\" rel=\"noopener\" data-gtm-custom-categorie=\"navigation\" data-gtm-custom-action=\"crossclick\" data-gtm-custom-label=\"Contextuel\" data-gtm-event=\"customEventSPE\">Ouest-France<\/a> . L\u2019homme, qui fait partie de la communaut\u00e9 des gens du voyage, \u00aba \u00e9t\u00e9 interpell\u00e9 \u00e0 Nantes sur le terrain o\u00f9 il r\u00e9side habituellement\u00bb, a fait savoir \u00e0 l\u2019Agence France Presse son avocat, Sami Khankan. \u00abJe pense qu\u2019il est soulag\u00e9\u00bb, a ajout\u00e9 ce dernier.<\/p>\n<p class=\"fig-paragraph\">Le d\u00e9tenu, incarc\u00e9r\u00e9 au centre p\u00e9nitentiaire de Rennes-V\u00e9zin, participait \u00e0 une sortie au plan\u00e9tarium avec d\u2019autres prisonniers quand il a \u00e9chapp\u00e9 \u00e0 la vigilance des personnes charg\u00e9es de les encadrer. Recherch\u00e9 depuis par les enqu\u00eateurs de la Division de la criminalit\u00e9 organis\u00e9e et sp\u00e9cialis\u00e9e de Rennes, il a \u00e9t\u00e9 arr\u00eat\u00e9 vers 14h30 avec l\u2019aide de la Brigade de recherches et d\u2019intervention (BRI), selon des sources proches du dossier. Un second homme vis\u00e9 par un mandat de recherche a \u00e9galement \u00e9t\u00e9 interpell\u00e9, selon une de ces sources.<\/p>\n<p>                                            <a class=\"fig-a11y-skip\" href=\"#fig-a11y-skip-main-inarticle\" data-module=\"a11y-skip\" data-context=\"was @visible\"><br \/>\n    Passer la publicit\u00e9<br \/>\n<\/a>            <\/p>\n<p>                                            D\u00e9j\u00e0 connu pour des \u00e9vasions<\/p>\n<p class=\"fig-paragraph\">Le procureur de Rennes, Fr\u00e9d\u00e9ric Teillet, a confirm\u00e9 l\u2019interpellation, sans plus de d\u00e9tails. Le 17 novembre, lors de la r\u00e9v\u00e9lation des faits, le procureur avait indiqu\u00e9 que l\u2019\u00e9vasion de cet homme, condamn\u00e9 depuis d\u00e9cembre 2024 pour \u00abdivers faits de vols\u00bb, \u00e9tait survenue \u00absans violence\u00bb. Le d\u00e9tenu doit d\u00e9sormais \u00eatre transf\u00e9r\u00e9 \u00e0 Rennes o\u00f9 il sera plac\u00e9 en garde \u00e0 vue.<\/p>\n<p class=\"fig-paragraph\">Apr\u00e8s cette \u00e9vasion,\u00a0<a href=\"http:\/\/www.lefigaro.fr\/faits-divers\/evasion-d-un-detenu-a-rennes-le-directeur-de-la-prison-demis-de-ses-fonctions-annonce-gerald-darmanin-20251121\" target=\"_blank\" data-fig-type=\"NewsFlash\" rel=\"noopener\" data-gtm-custom-categorie=\"navigation\" data-gtm-custom-action=\"crossclick\" data-gtm-custom-label=\"Contextuel\" data-gtm-event=\"customEventSPE\" data-fig-domain=\"LEFIGARO\">le directeur de la prison de Rennes<\/a>\u00a0a \u00e9t\u00e9 d\u00e9mis de ses fonctions, le 21 novembre. Pour le garde des Sceaux G\u00e9rald Darmanin, il a commis \u00abune faute\u00bb et ne pouvait \u00abpas rester en responsabilit\u00e9\u00bb. Au moment o\u00f9 le d\u00e9tenu est parti, \u00e0 pied, du plan\u00e9tarium, \u00abil n\u2019avait pas du tout envisag\u00e9 les cons\u00e9quences\u00bb de ses actes, a assur\u00e9 son avocat. Il a \u00e9t\u00e9 \u00abtr\u00e8s d\u00e9stabilis\u00e9 par l\u2019ampleur m\u00e9diatique\u00bb, a poursuivi Me Khankan. Son client b\u00e9n\u00e9ficiait pour cette sortie d\u2019une permission p\u00e9nitentiaire, a-t-il rappel\u00e9.<\/p>\n<p class=\"fig-paragraph\">Le secr\u00e9taire local du syndicat FO Justice pour le centre p\u00e9nitentiaire de Rennes-V\u00e9zin, Florian Adam s\u2019est dit satisfait de cette arrestation, tout en \u00e9tant \u00abagac\u00e9\u00bb parce que \u00abnotre directeur a clairement servi de fusible\u00bb. Ce d\u00e9tenu \u00ab\u00e9tait connu pour des faits d\u2019\u00e9vasion, il n\u2019aurait pour moi jamais d\u00fb \u00eatre s\u00e9lectionn\u00e9\u00bb pour participer \u00e0 cette sortie, selon lui.<\/p>\n<p class=\"fig-paragraph\">Cette fin de cavale intervient peu apr\u00e8s que deux d\u00e9tenus se sont \u00e9vad\u00e9s dans la nuit de mercredi \u00e0 jeudi de la v\u00e9tuste\u00a0<a href=\"http:\/\/www.lefigaro.fr\/faits-divers\/dijon-deux-detenus-s-evadent-de-la-prison-en-sciant-les-barreaux-de-leur-cellule-20251127\" target=\"_blank\" data-fig-type=\"NewsFlash\" rel=\"noopener\" data-gtm-custom-categorie=\"navigation\" data-gtm-custom-action=\"crossclick\" data-gtm-custom-label=\"Contextuel\" data-gtm-event=\"customEventSPE\" data-fig-domain=\"LEFIGARO\">prison de Dijon<\/a>\u00a0apr\u00e8s avoir eu raison des barreaux de leur cellule avec une simple lame de scie \u00e0 m\u00e9taux puis en utilisant des draps.<\/p>\n","protected":false},"excerpt":{"rendered":"L\u2019individu de 35 ans \u00e9tait en prison pour des affaires de vols. Un second homme vis\u00e9 par un&hellip;\n","protected":false},"author":2,"featured_media":562966,"comment_status":"","ping_status":"","sticky":false,"template":"","format":"standard","meta":{"footnotes":""},"categories":[2821],"tags":[1111,11,829,1777,674,462,1011,27,2640,2642,766,2638,2643,2637,2639,2646,2645,2641,2635,2644,2647,12,2636,584,25],"class_list":{"0":"post-562965","1":"post","2":"type-post","3":"status-publish","4":"format-standard","5":"has-post-thumbnail","7":"category-rennes","8":"tag-actu","9":"tag-actualites","10":"tag-bretagne","11":"tag-eu","12":"tag-europe","13":"tag-fc-nantes","14":"tag-fr","15":"tag-france","16":"tag-hauts-paves-saint-felix","17":"tag-ile-de-nantes","18":"tag-nantes","19":"tag-nantes-bellevue-chantenay-sainte-anne","20":"tag-nantes-breil-barberie","21":"tag-nantes-centre-ville","22":"tag-nantes-dervallieres-zola","23":"tag-nantes-doulon-bottiere","24":"tag-nantes-erdre","25":"tag-nantes-malakoff-saint-donatien","26":"tag-nantes-metropole","27":"tag-nantes-nord","28":"tag-nantes-sud","29":"tag-news","30":"tag-pays-de-la-loire","31":"tag-rennes","32":"tag-republique-francaise"},"share_on_mastodon":{"url":"https:\/\/pubeurope.com\/@fr\/115623442748534779","error":""},"_links":{"self":[{"href":"https:\/\/www.europesays.com\/fr\/wp-json\/wp\/v2\/posts\/562965","targetHints":{"allow":["GET"]}}],"collection":[{"href":"https:\/\/www.europesays.com\/fr\/wp-json\/wp\/v2\/posts"}],"about":[{"href":"https:\/\/www.europesays.com\/fr\/wp-json\/wp\/v2\/types\/post"}],"author":[{"embeddable":true,"href":"https:\/\/www.europesays.com\/fr\/wp-json\/wp\/v2\/users\/2"}],"replies":[{"embeddable":true,"href":"https:\/\/www.europesays.com\/fr\/wp-json\/wp\/v2\/comments?post=562965"}],"version-history":[{"count":0,"href":"https:\/\/www.europesays.com\/fr\/wp-json\/wp\/v2\/posts\/562965\/revisions"}],"wp:featuredmedia":[{"embeddable":true,"href":"https:\/\/www.europesays.com\/fr\/wp-json\/wp\/v2\/media\/562966"}],"wp:attachment":[{"href":"https:\/\/www.europesays.com\/fr\/wp-json\/wp\/v2\/media?parent=562965"}],"wp:term":[{"taxonomy":"category","embeddable":true,"href":"https:\/\/www.europesays.com\/fr\/wp-json\/wp\/v2\/categories?post=562965"},{"taxonomy":"post_tag","embeddable":true,"href":"https:\/\/www.europesays.com\/fr\/wp-json\/wp\/v2\/tags?post=562965"}],"curies":[{"name":"wp","href":"https:\/\/api.w.org\/{rel}","templated":true}]}}