{"id":562967,"date":"2025-11-27T20:02:16","date_gmt":"2025-11-27T20:02:16","guid":{"rendered":"https:\/\/www.europesays.com\/fr\/562967\/"},"modified":"2025-11-27T20:02:16","modified_gmt":"2025-11-27T20:02:16","slug":"municipales-2026-a-strasbourg-thibaut-vinci-veut-parler-securite-avec-jean-philippe-vetter","status":"publish","type":"post","link":"https:\/\/www.europesays.com\/fr\/562967\/","title":{"rendered":"Municipales 2026. A Strasbourg, Thibaut Vinci veut parler s\u00e9curit\u00e9 avec Jean-Philippe Vetter"},"content":{"rendered":"<p>\u00ab\u00a0<a href=\"https:\/\/www.dna.fr\/p\/jean-philippe-vetter\" target=\"_blank\" rel=\"noopener\">Jean-Philippe Vetter<\/a>, aujourd\u2019hui grand favori des \u00e9lections municipales de Strasbourg, a fait de la s\u00e9curit\u00e9 le th\u00e8me central de sa campagne. Nous sommes donc deux candidats \u00e0 faire un constat inqui\u00e9tant et \u00e0 mettre la tranquillit\u00e9 publique au c\u0153ur de notre projet\u00a0\u00bb, d\u00e9marre <a href=\"https:\/\/www.dna.fr\/elections\/2025\/06\/27\/thibaut-vinci-candidat-officiel-du-parti-radical-de-gauche-a-strasbourg\" target=\"_blank\" rel=\"noopener\">Thibaut Vinci, t\u00eate de liste PRG \u2013 Le Centre gauche pour Strasbourg 2026<\/a>, dans un communiqu\u00e9. \u00ab\u00a0Mais il y a une diff\u00e9rence de taille, poursuit Thibaut Vinci\u00a0: lui veut r\u00e9cup\u00e9rer ce th\u00e8me pour la droite et moi je refuse de lui laisser.\u00a0\u00bb<\/p>\n<p>La s\u00e9curit\u00e9, \u00ab\u00a0une valeur de gauche\u00a0\u00bb<\/p>\n<p>Le candidat de poursuivre\u00a0: \u00ab\u00a0La <a href=\"https:\/\/www.dna.fr\/elections\/2025\/11\/24\/a-la-robertsau-la-securite-et-le-logement-au-coeur-du-world-cafe\" target=\"_blank\" rel=\"noopener\">s\u00e9curit\u00e9<\/a> est une valeur de gauche, parce que les premi\u00e8res victimes de l\u2019ins\u00e9curit\u00e9 ce ne sont pas les habitants des beaux quartiers, ce sont les familles pr\u00e9caires de Hautepierre, les \u00e9tudiants qui rentrent tard le soir \u00e0 l\u2019Esplanade, les mamans qui ont peur pour leurs enfants.\u00a0\u00bb<\/p>\n<p>Cette conviction pos\u00e9e, arrive la proposition\u00a0: \u00ab\u00a0J\u2019invite Jean-Philippe Vetter \u00e0 confronter sa vision de la s\u00e9curit\u00e9 \u00e0 la mienne en organisant un vrai d\u00e9bat entre lui et moi sur le sujet juste avant les f\u00eates.\u00a0\u00bb<\/p>\n<p class=\"insetTitle\">L\u00e9o Serfati soutient Thibaut Vinci<\/p>\n<p>\u00ab\u00a0Thibaut incarne une gauche pragmatique, ancr\u00e9e dans le r\u00e9el, qui comprend v\u00e9ritablement les pr\u00e9occupations des habitants de Strasbourg.\u00a0\u00bb Tels sont les termes utilis\u00e9s par L\u00e9o Serfati, \u00e9galement membre de longue date du PRG, pour annoncer officiellement son soutien au candidat. Le militant, qui s\u2019est pr\u00e9sent\u00e9 notamment comme suppl\u00e9ant de Thibaut Vinci lors des l\u00e9gislatives de 2022, dit encore qu\u2019il veut promouvoir \u00ab\u00a0ses propositions fortes pour Strasbourg, afin qu\u2019elles deviennent enfin r\u00e9alit\u00e9\u00a0\u00bb. \u00c0 savoir \u00ab\u00a0le renforcement significatif des effectifs de la police municipale et la gratuit\u00e9 des transports en commun pour tous\u00a0\u00bb.<\/p>\n","protected":false},"excerpt":{"rendered":"\u00ab\u00a0Jean-Philippe Vetter, aujourd\u2019hui grand favori des \u00e9lections municipales de Strasbourg, a fait de la s\u00e9curit\u00e9 le th\u00e8me central&hellip;\n","protected":false},"author":2,"featured_media":562968,"comment_status":"","ping_status":"","sticky":false,"template":"","format":"standard","meta":{"footnotes":""},"categories":[2820],"tags":[1111,11,2880,5949,4188,1777,674,107,1011,27,775,12,316,25,640,2879],"class_list":{"0":"post-562967","1":"post","2":"type-post","3":"status-publish","4":"format-standard","5":"has-post-thumbnail","7":"category-strasbourg","8":"tag-actu","9":"tag-actualites","10":"tag-edition-strasbourg","11":"tag-elections","12":"tag-elections-municipales","13":"tag-eu","14":"tag-europe","15":"tag-fil-info","16":"tag-fr","17":"tag-france","18":"tag-grand-est","19":"tag-news","20":"tag-politique","21":"tag-republique-francaise","22":"tag-strasbourg","23":"tag-strasbourg-ville"},"share_on_mastodon":{"url":"https:\/\/pubeurope.com\/@fr\/115623450682936479","error":""},"_links":{"self":[{"href":"https:\/\/www.europesays.com\/fr\/wp-json\/wp\/v2\/posts\/562967","targetHints":{"allow":["GET"]}}],"collection":[{"href":"https:\/\/www.europesays.com\/fr\/wp-json\/wp\/v2\/posts"}],"about":[{"href":"https:\/\/www.europesays.com\/fr\/wp-json\/wp\/v2\/types\/post"}],"author":[{"embeddable":true,"href":"https:\/\/www.europesays.com\/fr\/wp-json\/wp\/v2\/users\/2"}],"replies":[{"embeddable":true,"href":"https:\/\/www.europesays.com\/fr\/wp-json\/wp\/v2\/comments?post=562967"}],"version-history":[{"count":0,"href":"https:\/\/www.europesays.com\/fr\/wp-json\/wp\/v2\/posts\/562967\/revisions"}],"wp:featuredmedia":[{"embeddable":true,"href":"https:\/\/www.europesays.com\/fr\/wp-json\/wp\/v2\/media\/562968"}],"wp:attachment":[{"href":"https:\/\/www.europesays.com\/fr\/wp-json\/wp\/v2\/media?parent=562967"}],"wp:term":[{"taxonomy":"category","embeddable":true,"href":"https:\/\/www.europesays.com\/fr\/wp-json\/wp\/v2\/categories?post=562967"},{"taxonomy":"post_tag","embeddable":true,"href":"https:\/\/www.europesays.com\/fr\/wp-json\/wp\/v2\/tags?post=562967"}],"curies":[{"name":"wp","href":"https:\/\/api.w.org\/{rel}","templated":true}]}}