{"id":56297,"date":"2025-04-27T07:31:11","date_gmt":"2025-04-27T07:31:11","guid":{"rendered":"https:\/\/www.europesays.com\/fr\/56297\/"},"modified":"2025-04-27T07:31:11","modified_gmt":"2025-04-27T07:31:11","slug":"une-course-des-paillettes-et-beaucoup-despoir","status":"publish","type":"post","link":"https:\/\/www.europesays.com\/fr\/56297\/","title":{"rendered":"une course, des paillettes et beaucoup d\u2019espoir"},"content":{"rendered":"<p>            Par<br \/>\n        <strong><br \/>\n            <a href=\"https:\/\/actu.fr\/auteur\/lea-pippinato\" title=\"Consulter tous les articles de L\u00e9a Pippinato\" target=\"_blank\" rel=\"noopener\">L\u00e9a Pippinato<\/a><br \/>\n        <\/strong><\/p>\n<p>        Publi\u00e9 le<\/p>\n<p>            27 avr. 2025 \u00e0 9h00        <\/p>\n<p>\u00c0 un mois de la course, un chiffre fait sourire : <strong>792<\/strong>. C\u2019est le nombre de participants inscrits dans un seul groupe, un record absolu port\u00e9 par la S\u00e9curit\u00e9 sociale. Pourtant, derri\u00e8re les paillettes annonc\u00e9es, l\u2019organisation de <a href=\"https:\/\/actu.fr\/occitanie\/montpellier_34172\/disco-baskets-et-espoir-la-montpellier-reine-peut-elle-battre-son-record-de-dons-en-2025_62196498.html\" target=\"_blank\" rel=\"noopener\">la Montpellier Reine 2025<\/a> a connu bien des turbulences. La flamb\u00e9e des co\u00fbts, les imp\u00e9ratifs de s\u00e9curit\u00e9 et un \u00e9quilibre financier incertain n\u2019ont pas emp\u00each\u00e9 les organisateurs de tenir le cap. Ni de miser sur la f\u00eate, l\u2019\u00e9motion et l\u2019engagement pour transformer une journ\u00e9e de course en \u00e9lan de solidarit\u00e9.<\/p>\n<p class=\" wall-content\"><strong>Ce jeudi 24 avril 2025<\/strong>, la conf\u00e9rence de presse de la Montpellier Reine s\u2019est tenue au bar-restaurant La Cigale, dans une ambiance \u00e0 la fois festive et grave. <strong>Barbara Pastre<\/strong>, fondatrice de la course, n\u2019a pas cach\u00e9 les difficult\u00e9s rencontr\u00e9es. \u00ab\u00a0La condition \u00e9conomique que vous connaissez, cette course a \u00e9t\u00e9 tr\u00e8s compliqu\u00e9e \u00e0 boucler\u00a0\u00bb, a-t-elle expliqu\u00e9 d\u2019embl\u00e9e.<\/p>\n<p>    <a href=\"https:\/\/www.google.com\/maps\/embed?pb=!1m18!1m12!1m3!1d11556.70365169137!2d3.8567936!3d43.60287875!2m3!1f0!2f0!3f0!3m2!1i1024!2i768!4f13.1!3m3!1m2!1s0x12b6af00120689d1%3A0x86f8815abeb217bf!2sLa%20Cigale%20%7C%20Bar%20%26%20Restaurant%20%7C%20Montpellier!5e0!3m2!1sen!2sfr!4v1745579733605!5m2!1sen!2sfr\" title=\"Ouvrie le lien\" target=\"_blank\" rel=\"noopener\">Cliquez ici pour visualiser le contenu<\/a><\/p>\n<p class=\" wall-content\">Class\u00e9e parmi les grands rassemblements, la Montpellier Reine doit d\u00e9sormais r\u00e9pondre \u00e0 des normes de s\u00e9curit\u00e9 renforc\u00e9es. Cela entra\u00eene des co\u00fbts suppl\u00e9mentaires importants. \u00ab\u00a0Ce changement de cat\u00e9gorie est \u00e0 la fois une fiert\u00e9 et un d\u00e9fi. Mais cela va avoir des r\u00e9percussions sur les dons revers\u00e9s aux associations.\u00a0\u00bb Malgr\u00e9 cela, elle refuse de se laisser abattre. \u00ab\u00a0Quand on me dit non, je passe par la fen\u00eatre, la chemin\u00e9e, partout.\u00a0\u00bb Et pour garder l\u2019enthousiasme intact, elle a mis\u00e9 sur un th\u00e8me festif :<strong> le disco<\/strong>.<\/p>\n<p>Des records malgr\u00e9 la temp\u00eate<\/p>\n<p class=\" wall-content\">Le moral est bon, car la mobilisation est r\u00e9elle. \u00c0 un mois de l\u2019\u00e9v\u00e9nement, pr\u00e9vu le dimanche 25 mai prochain, <strong>172 groupes<\/strong> sont d\u00e9j\u00e0 inscrits, contre 160 \u00e0 la m\u00eame date l\u2019an pass\u00e9. Et les inscriptions continuent d\u2019affluer chaque jour. Le tarif, lui, n\u2019a pas boug\u00e9. L\u2019organisation a choisi de maintenir <a href=\"https:\/\/www.montpellier-reine.org\/inscriptions\" target=\"_blank\" rel=\"noopener\">les inscriptions \u00e0 15 euros<\/a> pour les \u00e9tudiants et les moins de 18 ans. Un geste volontairement solidaire. \u00ab\u00a0Nous avions pr\u00e8s de <strong>4 000 \u00e9tudiants<\/strong> l\u2019ann\u00e9e derni\u00e8re. Il est fondamental que les jeunes puissent participer. La pr\u00e9vention passe aussi par eux\u00a0\u00bb, insiste Barbara Pastre. En l\u2019absence de Micha\u00ebl Delafosse, en d\u00e9placement officiel \u00e0 F\u00e8s, Christian Assaf repr\u00e9sentait la m\u00e9tropole. Il a salu\u00e9 l\u2019implication des b\u00e9n\u00e9voles, des agents municipaux et du P\u00f4le sport, et a \u00e9galement lanc\u00e9 un appel clair aux entreprises : \u00ab\u00a0Les temps sont durs, mais il existe des syst\u00e8mes d\u2019exon\u00e9ration. Il faut qu\u2019elles participent, qu\u2019elles contribuent.\u00a0\u00bb La Ville, la M\u00e9tropole et la R\u00e9gion soutiennent financi\u00e8rement l\u2019\u00e9v\u00e9nement.<\/p>\n<p>Vid\u00e9os : en ce moment sur ActuUn soutien vital \u00e0 des projets de vie<\/p>\n<p class=\" wall-content\">Le c\u0153ur de la Montpellier Reine bat au rythme de ses associations partenaires. Cette ann\u00e9e, six projets ont \u00e9t\u00e9 s\u00e9lectionn\u00e9s parmi de nombreuses candidatures. Tous ont un objectif commun : accompagner les femmes touch\u00e9es par le cancer, pendant et apr\u00e8s la maladie. <strong> Les Roses du Gard<\/strong>, par exemple, \u0153uvrent \u00e0 la cr\u00e9ation de maisons de soins de support dans des zones o\u00f9 les structures manquent. \u00c0 La Rouvi\u00e8re, elles ont ouvert un espace de bien-\u00eatre qui a accueilli 150 patients en 2024. Sport adapt\u00e9, esth\u00e9tique, sophrologie, hypnose\u2026 Un soutien pr\u00e9cieux pour des patients souvent isol\u00e9s. Au <strong>Montpellier Institut du Sein<\/strong> (MIS), l\u2019accent est mis sur les patientes atteintes de cancers m\u00e9tastatiques. L\u2019objectif : cr\u00e9er un accompagnement sp\u00e9cifique, humain, adapt\u00e9 \u00e0 leurs besoins.<\/p>\n<p class=\" wall-content\">Certaines initiatives sortent du cadre m\u00e9dical. <strong>Les Parenth\u00e8ses de Marie<\/strong> aident les patientes \u00e0 \u00ab\u00a0transformer les traces de la maladie en opportunit\u00e9s.\u00a0\u00bb Leur concept : des \u00ab\u00a0parenth\u00e8ses\u00a0\u00bb sportives, m\u00e9ditatives ou spirituelles, de la plage jusqu\u2019au d\u00e9sert. <strong> Entre Ciel et Mer<\/strong>, quant \u00e0 elle, propose aux femmes de prendre le large. Voile, navigation, symbolique de la reconstruction. <strong> L\u2019ICM<\/strong> (Institut du Cancer de Montpellier) se concentre cette ann\u00e9e sur la kin\u00e9sith\u00e9rapie post-reconstruction mammaire. Son projet vise \u00e0 harmoniser les pratiques entre les professionnels hospitaliers et les kin\u00e9s lib\u00e9raux. Une premi\u00e8re. Enfin, <strong>le CHU de Montpellier<\/strong> d\u00e9veloppe une technique de rep\u00e9rage pr\u00e9op\u00e9ratoire moins invasive. Cette innovation r\u00e9duira les douleurs et les allers-retours inutiles. Le projet, soutenu par les dons, pourrait \u00eatre d\u00e9ploy\u00e9 \u00e0 grande \u00e9chelle en cas de succ\u00e8s.<\/p>\n<p class=\" wall-content\">Suivez toute l\u2019actualit\u00e9 de vos villes et m\u00e9dias favoris en vous inscrivant \u00e0 <a href=\"https:\/\/moncompte.actu.fr\" title=\"D\u00e9couvez Mon Actu\" rel=\"nofollow noopener\" data-trk=\"{&quot;cta&quot;:{&quot;action&quot;:&quot;https:\\\/\\\/moncompte.actu.fr&quot;,&quot;category&quot;:&quot;mon compte&quot;,&quot;from&quot;:&quot;article footer&quot;,&quot;name&quot;:&quot;Mon actu&quot;,&quot;type&quot;:&quot;cta&quot;}}\" target=\"_blank\">Mon Actu<\/a>.<\/p>\n","protected":false},"excerpt":{"rendered":"Par L\u00e9a Pippinato Publi\u00e9 le 27 avr. 2025 \u00e0 9h00 \u00c0 un mois de la course, un chiffre&hellip;\n","protected":false},"author":2,"featured_media":56298,"comment_status":"","ping_status":"","sticky":false,"template":"","format":"standard","meta":{"footnotes":""},"categories":[9599],"tags":[1111,11,101,15154,1777,674,1011,27,2208,12,2680,25,3400,60],"class_list":{"0":"post-56297","1":"post","2":"type-post","3":"status-publish","4":"format-standard","5":"has-post-thumbnail","7":"category-montpellier","8":"tag-actu","9":"tag-actualites","10":"tag-cancer","11":"tag-chu-de-montpellier","12":"tag-eu","13":"tag-europe","14":"tag-fr","15":"tag-france","16":"tag-montpellier","17":"tag-news","18":"tag-occitanie","19":"tag-republique-francaise","20":"tag-solidarite","21":"tag-sports"},"share_on_mastodon":{"url":"https:\/\/pubeurope.com\/@fr\/114408763109395097","error":""},"_links":{"self":[{"href":"https:\/\/www.europesays.com\/fr\/wp-json\/wp\/v2\/posts\/56297","targetHints":{"allow":["GET"]}}],"collection":[{"href":"https:\/\/www.europesays.com\/fr\/wp-json\/wp\/v2\/posts"}],"about":[{"href":"https:\/\/www.europesays.com\/fr\/wp-json\/wp\/v2\/types\/post"}],"author":[{"embeddable":true,"href":"https:\/\/www.europesays.com\/fr\/wp-json\/wp\/v2\/users\/2"}],"replies":[{"embeddable":true,"href":"https:\/\/www.europesays.com\/fr\/wp-json\/wp\/v2\/comments?post=56297"}],"version-history":[{"count":0,"href":"https:\/\/www.europesays.com\/fr\/wp-json\/wp\/v2\/posts\/56297\/revisions"}],"wp:featuredmedia":[{"embeddable":true,"href":"https:\/\/www.europesays.com\/fr\/wp-json\/wp\/v2\/media\/56298"}],"wp:attachment":[{"href":"https:\/\/www.europesays.com\/fr\/wp-json\/wp\/v2\/media?parent=56297"}],"wp:term":[{"taxonomy":"category","embeddable":true,"href":"https:\/\/www.europesays.com\/fr\/wp-json\/wp\/v2\/categories?post=56297"},{"taxonomy":"post_tag","embeddable":true,"href":"https:\/\/www.europesays.com\/fr\/wp-json\/wp\/v2\/tags?post=56297"}],"curies":[{"name":"wp","href":"https:\/\/api.w.org\/{rel}","templated":true}]}}