{"id":562970,"date":"2025-11-27T20:04:15","date_gmt":"2025-11-27T20:04:15","guid":{"rendered":"https:\/\/www.europesays.com\/fr\/562970\/"},"modified":"2025-11-27T20:04:15","modified_gmt":"2025-11-27T20:04:15","slug":"le-projet-ne-serait-pas-enterre-selon-le-ministere","status":"publish","type":"post","link":"https:\/\/www.europesays.com\/fr\/562970\/","title":{"rendered":"le projet ne serait pas enterr\u00e9 selon le minist\u00e8re"},"content":{"rendered":"<p class=\"fs-5 \">200 places de d\u00e9tention suppl\u00e9mentaires pour la maison d\u2019arr\u00eat de Grasse. C\u2019est l\u2019annonce du ministre de la Justice, G\u00e9rald Darmanin, en visite, ce jeudi, au sein de cet \u00e9tablissement p\u00e9nitentiaire qui accuse un taux d\u2019occupation de 135 %.<\/p>\n<p>            <img src=\"https:\/\/www.europesays.com\/fr\/wp-content\/uploads\/2025\/11\/22f597a_upload-1-818mq5brwgso-grasse.PNG\"   loading=\"lazy\" decoding=\"async\" alt=\"La Maison d\u2019arr\u00eat de Grasse doit \u00eatre aggandie, annonce le Garde des Sceaux ce jeudi 27\u00a0novembre 2025. \" class=\"img-fluid position-absolute w-100 object-fit-cover rounded-2\" width=\"600\" height=\"400\"\/><\/p>\n<p class=\"fs-5 \">Rien d\u2019officiel pour la maison d\u2019arr\u00eat de Nice qui craque en raison de sa surpopulation qui atteint des records depuis des ann\u00e9es, mais le minist\u00e8re a assur\u00e9, en marge de la visite, que le projet de nouvel \u00e9tablissement n\u2019\u00e9tait pas enterr\u00e9.<\/p>\n<p class=\"fs-5 \">La prison ni\u00e7oise compte aujourd\u2019hui 613 d\u00e9tenus. Son taux d\u2019occupation flirte, une fois de plus, avec les 200 %.<\/p>\n<p>                                                                                V\u00e9tuste et surpeupl\u00e9e<\/p>\n<p class=\"fs-5 \">Ce n\u2019est pas le seul probl\u00e8me de cette vieille maison d\u2019arr\u00eat construite en 1887 pour accueillir 350 d\u00e9tenus.<\/p>\n<p class=\"fs-5 \">D\u00e9j\u00e0 v\u00e9tuste, elle a subi un incendie dans la nuit du 30 au 31 octobre dernier. Ce sont les cuisines qui ont \u00e9t\u00e9 touch\u00e9es avec des d\u00e9g\u00e2ts consid\u00e9rables, selon les syndicats.<\/p>\n<p class=\"fs-5 \">Et, les travaux de remise en \u00e9tat, qui n\u2019ont pas d\u00e9but\u00e9 et qui ne pourront l\u2019\u00eatre que lorsque le budget sera d\u00e9bloqu\u00e9, prendront du temps&#8230;<\/p>\n<p>                                                                                R\u00e9habilitation et agrandissement sur place ?<\/p>\n<p class=\"fs-5 \">Depuis plus de 25 ans, les projets de nouvel \u00e9tablissement se sont multipli\u00e9s, mais aucun n\u2019a abouti \u00e0 l\u2019instar de celui de Saint-Laurent-du-Var dont les premiers coups de pioche avaient \u00e9t\u00e9 annonc\u00e9s pour 2020 par une ancienne ministre de la Justice, Nicole Belloubet.<\/p>\n<p class=\"fs-5 \">Une autre hypoth\u00e8se avait \u00e9t\u00e9 \u00e9mise en 2018 par la pr\u00e9fecture des Alpes-Maritimes : une implantation sur le plateau Tercier, un espace est situ\u00e9 \u00e0 La Trinit\u00e9, mais appartenant \u00e0 Drap. Une id\u00e9e vite balay\u00e9e, en raison de la difficult\u00e9 d\u2019acc\u00e8s du lieu.<\/p>\n<p class=\"fs-5 \">\u00ab Rien qu\u2019en construction pour les acc\u00e8s routiers, cela co\u00fbterait autant que pour construire la prison \u00bb, avait alors not\u00e9 \u00c9ric Ciotti.<\/p>\n<p class=\"fs-5 \">Un lieu peu ad\u00e9quat aussi pour la municipalit\u00e9 ni\u00e7oise. D\u2019autant que Christian Estrosi a toujours martel\u00e9 qu\u2019il voulait que Nice conserve sa prison, privil\u00e9giant, le cas \u00e9ch\u00e9ant, une r\u00e9habilitation voire un agrandissement sur site, gr\u00e2ce, par exemple, \u00e0 la construction d\u2019un \u00e9tage suppl\u00e9mentaire.<\/p>\n<p class=\"fs-5 \">Ce qui est certain c\u2019est que l\u2019installation de cellules modulaires ne pourra pas se faire \u00e0 la maison d\u2019arr\u00eat situ\u00e9e en plein c\u0153ur de la ville. \u00ab \u00c0 Grasse ils peuvent, mais nous, on n\u2019a pas de place \u00bb, confirme le syndicaliste Nordine Souab.<\/p>\n","protected":false},"excerpt":{"rendered":"200 places de d\u00e9tention suppl\u00e9mentaires pour la maison d\u2019arr\u00eat de Grasse. C\u2019est l\u2019annonce du ministre de la Justice,&hellip;\n","protected":false},"author":2,"featured_media":562971,"comment_status":"","ping_status":"","sticky":false,"template":"","format":"standard","meta":{"footnotes":""},"categories":[2819],"tags":[1111,11,1777,674,1011,27,12,2401,882,25],"class_list":{"0":"post-562970","1":"post","2":"type-post","3":"status-publish","4":"format-standard","5":"has-post-thumbnail","7":"category-nice","8":"tag-actu","9":"tag-actualites","10":"tag-eu","11":"tag-europe","12":"tag-fr","13":"tag-france","14":"tag-news","15":"tag-nice","16":"tag-provence-alpes-cote-dazur","17":"tag-republique-francaise"},"share_on_mastodon":{"url":"https:\/\/pubeurope.com\/@fr\/115623459754648860","error":""},"_links":{"self":[{"href":"https:\/\/www.europesays.com\/fr\/wp-json\/wp\/v2\/posts\/562970","targetHints":{"allow":["GET"]}}],"collection":[{"href":"https:\/\/www.europesays.com\/fr\/wp-json\/wp\/v2\/posts"}],"about":[{"href":"https:\/\/www.europesays.com\/fr\/wp-json\/wp\/v2\/types\/post"}],"author":[{"embeddable":true,"href":"https:\/\/www.europesays.com\/fr\/wp-json\/wp\/v2\/users\/2"}],"replies":[{"embeddable":true,"href":"https:\/\/www.europesays.com\/fr\/wp-json\/wp\/v2\/comments?post=562970"}],"version-history":[{"count":0,"href":"https:\/\/www.europesays.com\/fr\/wp-json\/wp\/v2\/posts\/562970\/revisions"}],"wp:featuredmedia":[{"embeddable":true,"href":"https:\/\/www.europesays.com\/fr\/wp-json\/wp\/v2\/media\/562971"}],"wp:attachment":[{"href":"https:\/\/www.europesays.com\/fr\/wp-json\/wp\/v2\/media?parent=562970"}],"wp:term":[{"taxonomy":"category","embeddable":true,"href":"https:\/\/www.europesays.com\/fr\/wp-json\/wp\/v2\/categories?post=562970"},{"taxonomy":"post_tag","embeddable":true,"href":"https:\/\/www.europesays.com\/fr\/wp-json\/wp\/v2\/tags?post=562970"}],"curies":[{"name":"wp","href":"https:\/\/api.w.org\/{rel}","templated":true}]}}